{"id":72508,"date":"2026-04-16T08:10:01","date_gmt":"2026-04-16T12:10:01","guid":{"rendered":"https:\/\/richeskarayib.com\/?p=72508"},"modified":"2026-04-21T07:40:54","modified_gmt":"2026-04-21T11:40:54","slug":"jose-marti-homme-de-plume-et-de-combat","status":"publish","type":"post","link":"https:\/\/richeskarayib.com\/fr\/jose-marti-homme-de-plume-et-de-combat\/","title":{"rendered":"Jos\u00e9 Mart\u00ed : l\u2019homme de plume et de combat qui a marqu\u00e9 Cuba"},"content":{"rendered":"\t\t<div data-elementor-type=\"wp-post\" data-elementor-id=\"72508\" class=\"elementor elementor-72508\" data-elementor-post-type=\"post\">\n\t\t\t\t\t\t<section class=\"elementor-section elementor-top-section elementor-element elementor-element-7ca7ca1 elementor-section-boxed elementor-section-height-default elementor-section-height-default\" data-id=\"7ca7ca1\" data-element_type=\"section\">\n\t\t\t\t\t\t<div class=\"elementor-container elementor-column-gap-default\">\n\t\t\t\t\t<div class=\"elementor-column elementor-col-100 elementor-top-column elementor-element elementor-element-cbdd002\" data-id=\"cbdd002\" data-element_type=\"column\">\n\t\t\t<div class=\"elementor-widget-wrap elementor-element-populated\">\n\t\t\t\t\t\t<section class=\"elementor-section elementor-inner-section elementor-element elementor-element-bc94849 elementor-section-boxed elementor-section-height-default elementor-section-height-default\" data-id=\"bc94849\" data-element_type=\"section\">\n\t\t\t\t\t\t<div class=\"elementor-container elementor-column-gap-default\">\n\t\t\t\t\t\t<\/div>\n\t\t<\/section>\n\t\t\t\t<section class=\"elementor-section elementor-inner-section elementor-element elementor-element-61571e6 elementor-section-boxed elementor-section-height-default elementor-section-height-default\" data-id=\"61571e6\" data-element_type=\"section\">\n\t\t\t\t\t\t<div class=\"elementor-container elementor-column-gap-default\">\n\t\t\t\t\t\t<\/div>\n\t\t<\/section>\n\t\t\t\t<section class=\"elementor-section elementor-inner-section elementor-element elementor-element-b6262e0 elementor-section-boxed elementor-section-height-default elementor-section-height-default\" data-id=\"b6262e0\" data-element_type=\"section\">\n\t\t\t\t\t\t<div class=\"elementor-container elementor-column-gap-default\">\n\t\t\t\t\t\t<\/div>\n\t\t<\/section>\n\t\t\t\t<section class=\"elementor-section elementor-inner-section elementor-element elementor-element-cca29fd elementor-section-boxed elementor-section-height-default elementor-section-height-default\" data-id=\"cca29fd\" data-element_type=\"section\">\n\t\t\t\t\t\t<div class=\"elementor-container elementor-column-gap-default\">\n\t\t\t\t\t\t<\/div>\n\t\t<\/section>\n\t\t\t\t\t<\/div>\n\t\t<\/div>\n\t\t\t\t\t<\/div>\n\t\t<\/section>\n\t\t\t\t<section class=\"elementor-section elementor-top-section elementor-element elementor-element-ee72354 elementor-section-boxed elementor-section-height-default elementor-section-height-default\" data-id=\"ee72354\" data-element_type=\"section\">\n\t\t\t\t\t\t<div class=\"elementor-container elementor-column-gap-default\">\n\t\t\t\t\t<div class=\"elementor-column elementor-col-100 elementor-top-column elementor-element elementor-element-c59d6fe\" data-id=\"c59d6fe\" data-element_type=\"column\">\n\t\t\t<div class=\"elementor-widget-wrap elementor-element-populated\">\n\t\t\t\t\t\t<div class=\"elementor-element elementor-element-661ebea elementor-widget elementor-widget-text-editor\" data-id=\"661ebea\" data-element_type=\"widget\" data-widget_type=\"text-editor.default\">\n\t\t\t\t<div class=\"elementor-widget-container\">\n\t\t\t\t\t\t\t\t\t<p><span style=\"font-weight: 400;\">Jos\u00e9 Mart\u00ed est une grande figure de l\u2019histoire cubaine. Il est l\u2019un des intellectuels les plus importants du monde carib\u00e9en, parce qu\u2019il a su r\u00e9unir dans un m\u00eame parcours l\u2019\u00e9criture, la pens\u00e9e politique, le journalisme et l\u2019action r\u00e9volutionnaire. N\u00e9 \u00e0 La Havane le 28 janvier 1853 et mort au combat \u00e0 Dos R\u00edos le 19 mai 1895, il est devenu le symbole de la lutte pour l\u2019ind\u00e9pendance de Cuba face \u00e0 l\u2019Espagne. Son influence a cependant d\u00e9pass\u00e9 tr\u00e8s t\u00f4t les fronti\u00e8res cubaines pour toucher l\u2019ensemble de l\u2019Am\u00e9rique latine et de la Cara\u00efbe.<\/span><\/p>\t\t\t\t\t\t\t\t<\/div>\n\t\t\t\t<\/div>\n\t\t\t\t\t<\/div>\n\t\t<\/div>\n\t\t\t\t\t<\/div>\n\t\t<\/section>\n\t\t\t\t<section class=\"elementor-section elementor-top-section elementor-element elementor-element-82cd8f9 elementor-section-boxed elementor-section-height-default elementor-section-height-default\" data-id=\"82cd8f9\" data-element_type=\"section\">\n\t\t\t\t\t\t<div class=\"elementor-container elementor-column-gap-default\">\n\t\t\t\t\t<div class=\"elementor-column elementor-col-100 elementor-top-column elementor-element elementor-element-0bfdc38\" data-id=\"0bfdc38\" data-element_type=\"column\">\n\t\t\t<div class=\"elementor-widget-wrap elementor-element-populated\">\n\t\t\t\t\t\t<div class=\"elementor-element elementor-element-7d292fe elementor-widget elementor-widget-heading\" data-id=\"7d292fe\" data-element_type=\"widget\" data-widget_type=\"heading.default\">\n\t\t\t\t<div class=\"elementor-widget-container\">\n\t\t\t\t\t<h2 class=\"elementor-heading-title elementor-size-default\">Pourquoi Jos\u00e9 Mart\u00ed reste une figure majeure ? <\/h2>\t\t\t\t<\/div>\n\t\t\t\t<\/div>\n\t\t\t\t<section class=\"elementor-section elementor-inner-section elementor-element elementor-element-da8459c elementor-section-boxed elementor-section-height-default elementor-section-height-default\" data-id=\"da8459c\" data-element_type=\"section\">\n\t\t\t\t\t\t<div class=\"elementor-container elementor-column-gap-default\">\n\t\t\t\t\t<div class=\"elementor-column elementor-col-100 elementor-inner-column elementor-element elementor-element-45b856b\" data-id=\"45b856b\" data-element_type=\"column\">\n\t\t\t<div class=\"elementor-widget-wrap elementor-element-populated\">\n\t\t\t\t\t\t<div class=\"elementor-element elementor-element-289b094 elementor-widget elementor-widget-text-editor\" data-id=\"289b094\" data-element_type=\"widget\" data-widget_type=\"text-editor.default\">\n\t\t\t\t<div class=\"elementor-widget-container\">\n\t\t\t\t\t\t\t\t\t<p><span style=\"font-weight: 400;\">Ce qui distingue Jos\u00e9 Mart\u00ed de nombreuses figures politiques du XIXe si\u00e8cle, c\u2019est l\u2019ampleur de son h\u00e9ritage. Il fut \u00e0 la fois po\u00e8te, essayiste, journaliste, organisateur politique et penseur de la souverainet\u00e9. Son nom reste associ\u00e9 \u00e0 l\u2019id\u00e9e de dignit\u00e9, d\u2019\u00e9mancipation et de responsabilit\u00e9 historique.<\/span><\/p>\t\t\t\t\t\t\t\t<\/div>\n\t\t\t\t<\/div>\n\t\t\t\t\t<\/div>\n\t\t<\/div>\n\t\t\t\t\t<\/div>\n\t\t<\/section>\n\t\t\t\t<div class=\"elementor-element elementor-element-f7da3ce elementor-widget elementor-widget-image\" data-id=\"f7da3ce\" data-element_type=\"widget\" data-widget_type=\"image.default\">\n\t\t\t\t<div class=\"elementor-widget-container\">\n\t\t\t\t\t\t\t\t\t\t\t\t\t\t\t<img fetchpriority=\"high\" decoding=\"async\" width=\"800\" height=\"541\" src=\"https:\/\/richeskarayib.com\/wp-content\/uploads\/2026\/04\/stock-photo-peso-cuba-with-a-portrait-of-jose-marti-paper-money-of-cuba-2679378015-1024x693.jpeg\" class=\"attachment-large size-large wp-image-72521\" alt=\"Jos\u00e9 Mart\u00ed\" srcset=\"https:\/\/richeskarayib.com\/wp-content\/uploads\/2026\/04\/stock-photo-peso-cuba-with-a-portrait-of-jose-marti-paper-money-of-cuba-2679378015-1024x693.jpeg 1024w, https:\/\/richeskarayib.com\/wp-content\/uploads\/2026\/04\/stock-photo-peso-cuba-with-a-portrait-of-jose-marti-paper-money-of-cuba-2679378015-300x203.jpeg 300w, https:\/\/richeskarayib.com\/wp-content\/uploads\/2026\/04\/stock-photo-peso-cuba-with-a-portrait-of-jose-marti-paper-money-of-cuba-2679378015-768x520.jpeg 768w, https:\/\/richeskarayib.com\/wp-content\/uploads\/2026\/04\/stock-photo-peso-cuba-with-a-portrait-of-jose-marti-paper-money-of-cuba-2679378015.jpeg 1280w\" sizes=\"(max-width: 800px) 100vw, 800px\" \/>\t\t\t\t\t\t\t\t\t\t\t\t\t\t\t<\/div>\n\t\t\t\t<\/div>\n\t\t\t\t<section class=\"elementor-section elementor-inner-section elementor-element elementor-element-c582330 elementor-section-boxed elementor-section-height-default elementor-section-height-default\" data-id=\"c582330\" data-element_type=\"section\">\n\t\t\t\t\t\t<div class=\"elementor-container elementor-column-gap-default\">\n\t\t\t\t\t\t<\/div>\n\t\t<\/section>\n\t\t\t\t<section class=\"elementor-section elementor-inner-section elementor-element elementor-element-296603a elementor-section-boxed elementor-section-height-default elementor-section-height-default\" data-id=\"296603a\" data-element_type=\"section\">\n\t\t\t\t\t\t<div class=\"elementor-container elementor-column-gap-default\">\n\t\t\t\t\t\t<\/div>\n\t\t<\/section>\n\t\t\t\t\t<\/div>\n\t\t<\/div>\n\t\t\t\t\t<\/div>\n\t\t<\/section>\n\t\t\t\t<section class=\"elementor-section elementor-top-section elementor-element elementor-element-9c88a89 elementor-section-boxed elementor-section-height-default elementor-section-height-default\" data-id=\"9c88a89\" data-element_type=\"section\">\n\t\t\t\t\t\t<div class=\"elementor-container elementor-column-gap-default\">\n\t\t\t\t\t<div class=\"elementor-column elementor-col-100 elementor-top-column elementor-element elementor-element-78cf5d1\" data-id=\"78cf5d1\" data-element_type=\"column\">\n\t\t\t<div class=\"elementor-widget-wrap elementor-element-populated\">\n\t\t\t\t\t\t<div class=\"elementor-element elementor-element-ea2a5c1 elementor-widget elementor-widget-heading\" data-id=\"ea2a5c1\" data-element_type=\"widget\" data-widget_type=\"heading.default\">\n\t\t\t\t<div class=\"elementor-widget-container\">\n\t\t\t\t\t<h2 class=\"elementor-heading-title elementor-size-default\">Une jeunesse marqu\u00e9e par la r\u00e9pression et l\u2019exil<\/h2>\t\t\t\t<\/div>\n\t\t\t\t<\/div>\n\t\t\t\t<div class=\"elementor-element elementor-element-e305eee elementor-widget elementor-widget-text-editor\" data-id=\"e305eee\" data-element_type=\"widget\" data-widget_type=\"text-editor.default\">\n\t\t\t\t<div class=\"elementor-widget-container\">\n\t\t\t\t\t\t\t\t\t<p><span style=\"font-weight: 400;\">La trajectoire de Jos\u00e9 Mart\u00ed bascule tr\u00e8s t\u00f4t. Adolescent, il prend position en faveur de l\u2019ind\u00e9pendance cubaine dans le contexte de la guerre commenc\u00e9e en 1868. Cette prise de position lui vaut d\u2019\u00eatre condamn\u00e9 aux travaux forc\u00e9s, puis d\u00e9port\u00e9 en Espagne. L\u00e0-bas, il poursuit ses \u00e9tudes et obtient des dipl\u00f4mes universitaires \u00e0 Saragosse. Cette p\u00e9riode est d\u00e9cisive : elle fa\u00e7onne un homme convaincu que la libert\u00e9 politique ne peut pas \u00eatre dissoci\u00e9e de l\u2019\u00e9ducation, de la culture et de la lucidit\u00e9 historique.<\/span><\/p><p><span style=\"font-weight: 400;\">L\u2019exil ne l\u2019\u00e9loigne donc pas de Cuba. Au contraire, il \u00e9largit son horizon. Jos\u00e9 Mart\u00ed passe ensuite par plusieurs pays, dont le Mexique, le Guatemala, le Venezuela et surtout les \u00c9tats-Unis. Depuis New York, il observe les tensions g\u00e9opolitiques de son temps et approfondit une id\u00e9e centrale : Cuba doit se lib\u00e9rer de la domination espagnole sans tomber dans une autre forme de d\u00e9pendance.<\/span><\/p>\t\t\t\t\t\t\t\t<\/div>\n\t\t\t\t<\/div>\n\t\t\t\t\t<\/div>\n\t\t<\/div>\n\t\t\t\t\t<\/div>\n\t\t<\/section>\n\t\t\t\t<section class=\"elementor-section elementor-top-section elementor-element elementor-element-4a0e8e4 elementor-section-boxed elementor-section-height-default elementor-section-height-default\" data-id=\"4a0e8e4\" data-element_type=\"section\">\n\t\t\t\t\t\t<div class=\"elementor-container elementor-column-gap-default\">\n\t\t\t\t\t<div class=\"elementor-column elementor-col-100 elementor-top-column elementor-element elementor-element-f16bdfb\" data-id=\"f16bdfb\" data-element_type=\"column\">\n\t\t\t<div class=\"elementor-widget-wrap elementor-element-populated\">\n\t\t\t\t\t\t<div class=\"elementor-element elementor-element-33604cf elementor-widget elementor-widget-heading\" data-id=\"33604cf\" data-element_type=\"widget\" data-widget_type=\"heading.default\">\n\t\t\t\t<div class=\"elementor-widget-container\">\n\t\t\t\t\t<h2 class=\"elementor-heading-title elementor-size-default\">Jos\u00e9 Mart\u00ed, \u00e9crivain et journaliste de premier plan<\/h2>\t\t\t\t<\/div>\n\t\t\t\t<\/div>\n\t\t\t\t<div class=\"elementor-element elementor-element-06205d8 elementor-widget elementor-widget-text-editor\" data-id=\"06205d8\" data-element_type=\"widget\" data-widget_type=\"text-editor.default\">\n\t\t\t\t<div class=\"elementor-widget-container\">\n\t\t\t\t\t\t\t\t\t<p><span style=\"font-weight: 400;\">R\u00e9duire<a href=\"https:\/\/www.unesco.org\/fr\/prizes\/jose-marti\" target=\"_blank\" rel=\"noopener nofollow\"> Jos\u00e9 Mart\u00ed<\/a> \u00e0 une figure r\u00e9volutionnaire serait une erreur. Son importance litt\u00e9raire est immense. Son \u00e9criture allie densit\u00e9 politique, force morale et exigence stylistique. Ses essais sont souvent consid\u00e9r\u00e9s comme sa contribution la plus durable aux lettres hispano-am\u00e9ricaines. Sa po\u00e9sie, elle, n\u2019est jamais coup\u00e9e du r\u00e9el. Chez Jos\u00e9 Mart\u00ed, \u00e9crire consiste regarder le monde avec plus de pr\u00e9cision. Cette articulation entre litt\u00e9rature et engagement explique pourquoi son \u0153uvre reste \u00e9tudi\u00e9e aujourd\u2019hui bien au-del\u00e0 de <a href=\"https:\/\/richeskarayib.com\/fr\/cuba-24-fevrier-1895-independance\/\" target=\"_blank\" rel=\"noopener\">Cuba<\/a>.<\/span><\/p>\t\t\t\t\t\t\t\t<\/div>\n\t\t\t\t<\/div>\n\t\t\t\t<section class=\"elementor-section elementor-inner-section elementor-element elementor-element-7ecfbad elementor-section-boxed elementor-section-height-default elementor-section-height-default\" data-id=\"7ecfbad\" data-element_type=\"section\">\n\t\t\t\t\t\t<div class=\"elementor-container elementor-column-gap-default\">\n\t\t\t\t\t<div class=\"elementor-column elementor-col-50 elementor-inner-column elementor-element elementor-element-591d67e\" data-id=\"591d67e\" data-element_type=\"column\">\n\t\t\t<div class=\"elementor-widget-wrap elementor-element-populated\">\n\t\t\t\t\t\t<div class=\"elementor-element elementor-element-ac56887 elementor-widget elementor-widget-image\" data-id=\"ac56887\" data-element_type=\"widget\" data-widget_type=\"image.default\">\n\t\t\t\t<div class=\"elementor-widget-container\">\n\t\t\t\t\t\t\t\t\t\t\t\t\t\t\t<img decoding=\"async\" width=\"800\" height=\"538\" src=\"https:\/\/richeskarayib.com\/wp-content\/uploads\/2026\/04\/stock-photo-central-place-in-the-capital-monument-to-jos-mart-estatua-a-jos-mart-havana-cuba-2745323145-1024x688.jpeg\" class=\"attachment-large size-large wp-image-72525\" alt=\"Jos\u00e9 Mart\u00ed\" srcset=\"https:\/\/richeskarayib.com\/wp-content\/uploads\/2026\/04\/stock-photo-central-place-in-the-capital-monument-to-jos-mart-estatua-a-jos-mart-havana-cuba-2745323145-1024x688.jpeg 1024w, https:\/\/richeskarayib.com\/wp-content\/uploads\/2026\/04\/stock-photo-central-place-in-the-capital-monument-to-jos-mart-estatua-a-jos-mart-havana-cuba-2745323145-300x202.jpeg 300w, https:\/\/richeskarayib.com\/wp-content\/uploads\/2026\/04\/stock-photo-central-place-in-the-capital-monument-to-jos-mart-estatua-a-jos-mart-havana-cuba-2745323145-768x516.jpeg 768w, https:\/\/richeskarayib.com\/wp-content\/uploads\/2026\/04\/stock-photo-central-place-in-the-capital-monument-to-jos-mart-estatua-a-jos-mart-havana-cuba-2745323145.jpeg 1280w\" sizes=\"(max-width: 800px) 100vw, 800px\" \/>\t\t\t\t\t\t\t\t\t\t\t\t\t\t\t<\/div>\n\t\t\t\t<\/div>\n\t\t\t\t\t<\/div>\n\t\t<\/div>\n\t\t\t\t<div class=\"elementor-column elementor-col-50 elementor-inner-column elementor-element elementor-element-d48675a\" data-id=\"d48675a\" data-element_type=\"column\">\n\t\t\t<div class=\"elementor-widget-wrap elementor-element-populated\">\n\t\t\t\t\t\t<div class=\"elementor-element elementor-element-889faa6 elementor-widget elementor-widget-image\" data-id=\"889faa6\" data-element_type=\"widget\" data-widget_type=\"image.default\">\n\t\t\t\t<div class=\"elementor-widget-container\">\n\t\t\t\t\t\t\t\t\t\t\t\t\t\t\t<img decoding=\"async\" width=\"800\" height=\"567\" src=\"https:\/\/richeskarayib.com\/wp-content\/uploads\/2026\/04\/stock-photo-moscow-russia-october-postage-stamp-printed-in-cuba-shows-in-caracas-colegio-2081020492-1024x726.jpeg\" class=\"attachment-large size-large wp-image-72529\" alt=\"Jos\u00e9 Mart\u00ed\" srcset=\"https:\/\/richeskarayib.com\/wp-content\/uploads\/2026\/04\/stock-photo-moscow-russia-october-postage-stamp-printed-in-cuba-shows-in-caracas-colegio-2081020492-1024x726.jpeg 1024w, https:\/\/richeskarayib.com\/wp-content\/uploads\/2026\/04\/stock-photo-moscow-russia-october-postage-stamp-printed-in-cuba-shows-in-caracas-colegio-2081020492-300x213.jpeg 300w, https:\/\/richeskarayib.com\/wp-content\/uploads\/2026\/04\/stock-photo-moscow-russia-october-postage-stamp-printed-in-cuba-shows-in-caracas-colegio-2081020492-768x545.jpeg 768w, https:\/\/richeskarayib.com\/wp-content\/uploads\/2026\/04\/stock-photo-moscow-russia-october-postage-stamp-printed-in-cuba-shows-in-caracas-colegio-2081020492.jpeg 1280w\" sizes=\"(max-width: 800px) 100vw, 800px\" \/>\t\t\t\t\t\t\t\t\t\t\t\t\t\t\t<\/div>\n\t\t\t\t<\/div>\n\t\t\t\t\t<\/div>\n\t\t<\/div>\n\t\t\t\t\t<\/div>\n\t\t<\/section>\n\t\t\t\t\t<\/div>\n\t\t<\/div>\n\t\t\t\t\t<\/div>\n\t\t<\/section>\n\t\t\t\t<section class=\"elementor-section elementor-top-section elementor-element elementor-element-73744de elementor-section-boxed elementor-section-height-default elementor-section-height-default\" data-id=\"73744de\" data-element_type=\"section\">\n\t\t\t\t\t\t<div class=\"elementor-container elementor-column-gap-default\">\n\t\t\t\t\t<div class=\"elementor-column elementor-col-100 elementor-top-column elementor-element elementor-element-8f238ec\" data-id=\"8f238ec\" data-element_type=\"column\">\n\t\t\t<div class=\"elementor-widget-wrap elementor-element-populated\">\n\t\t\t\t\t\t<div class=\"elementor-element elementor-element-1a869a1 elementor-widget elementor-widget-heading\" data-id=\"1a869a1\" data-element_type=\"widget\" data-widget_type=\"heading.default\">\n\t\t\t\t<div class=\"elementor-widget-container\">\n\t\t\t\t\t<h2 class=\"elementor-heading-title elementor-size-default\">\u201cNuestra Am\u00e9rica\u201d, un texte fondamental<\/h2>\t\t\t\t<\/div>\n\t\t\t\t<\/div>\n\t\t\t\t<div class=\"elementor-element elementor-element-ed5c50c elementor-widget elementor-widget-text-editor\" data-id=\"ed5c50c\" data-element_type=\"widget\" data-widget_type=\"text-editor.default\">\n\t\t\t\t<div class=\"elementor-widget-container\">\n\t\t\t\t\t\t\t\t\t<p><span style=\"font-weight: 400;\">Parmi ses \u00e9crits, <\/span><b>\u201cNuestra Am\u00e9rica\u201d<\/b><span style=\"font-weight: 400;\">, publi\u00e9 en 1891, demeure central. Jos\u00e9 Mart\u00ed y d\u00e9fend une id\u00e9e profonde : les peuples de la r\u00e9gion ne doivent pas copier m\u00e9caniquement des mod\u00e8les venus d\u2019ailleurs. Ils doivent penser leurs institutions, leur culture et leur avenir \u00e0 partir de leur propre r\u00e9alit\u00e9 historique. Cette r\u00e9flexion garde une forte actualit\u00e9 dans la Cara\u00efbe contemporaine. Elle \u00e9claire les d\u00e9bats sur l\u2019identit\u00e9, la souverainet\u00e9 culturelle, l\u2019\u00e9ducation et la mani\u00e8re dont les soci\u00e9t\u00e9s carib\u00e9ennes peuvent affirmer leur voix dans un monde domin\u00e9 par de grands centres de pouvoir.<\/span><\/p>\t\t\t\t\t\t\t\t<\/div>\n\t\t\t\t<\/div>\n\t\t\t\t<section class=\"elementor-section elementor-inner-section elementor-element elementor-element-90a5e90 elementor-section-boxed elementor-section-height-default elementor-section-height-default\" data-id=\"90a5e90\" data-element_type=\"section\">\n\t\t\t\t\t\t<div class=\"elementor-container elementor-column-gap-default\">\n\t\t\t\t\t<div class=\"elementor-column elementor-col-50 elementor-inner-column elementor-element elementor-element-95a1c50\" data-id=\"95a1c50\" data-element_type=\"column\">\n\t\t\t<div class=\"elementor-widget-wrap elementor-element-populated\">\n\t\t\t\t\t\t<div class=\"elementor-element elementor-element-f00e7b5 elementor-widget elementor-widget-image\" data-id=\"f00e7b5\" data-element_type=\"widget\" data-widget_type=\"image.default\">\n\t\t\t\t<div class=\"elementor-widget-container\">\n\t\t\t\t\t\t\t\t\t\t\t\t\t\t\t<img loading=\"lazy\" decoding=\"async\" width=\"245\" height=\"367\" src=\"https:\/\/richeskarayib.com\/wp-content\/uploads\/2026\/04\/2026-04-16_15h42_45.png\" class=\"attachment-large size-large wp-image-72513\" alt=\"Jos\u00e9 Mart\u00ed\" srcset=\"https:\/\/richeskarayib.com\/wp-content\/uploads\/2026\/04\/2026-04-16_15h42_45.png 245w, https:\/\/richeskarayib.com\/wp-content\/uploads\/2026\/04\/2026-04-16_15h42_45-200x300.png 200w\" sizes=\"(max-width: 245px) 100vw, 245px\" \/>\t\t\t\t\t\t\t\t\t\t\t\t\t\t\t<\/div>\n\t\t\t\t<\/div>\n\t\t\t\t\t<\/div>\n\t\t<\/div>\n\t\t\t\t<div class=\"elementor-column elementor-col-50 elementor-inner-column elementor-element elementor-element-e8d4306\" data-id=\"e8d4306\" data-element_type=\"column\">\n\t\t\t<div class=\"elementor-widget-wrap elementor-element-populated\">\n\t\t\t\t\t\t<div class=\"elementor-element elementor-element-6b0e684 elementor-widget elementor-widget-image\" data-id=\"6b0e684\" data-element_type=\"widget\" data-widget_type=\"image.default\">\n\t\t\t\t<div class=\"elementor-widget-container\">\n\t\t\t\t\t\t\t\t\t\t\t\t\t\t\t<img loading=\"lazy\" decoding=\"async\" width=\"289\" height=\"516\" src=\"https:\/\/richeskarayib.com\/wp-content\/uploads\/2026\/04\/2026-04-16_15h42_30.png\" class=\"attachment-large size-large wp-image-72517\" alt=\"Jos\u00e9 Mart\u00ed\" srcset=\"https:\/\/richeskarayib.com\/wp-content\/uploads\/2026\/04\/2026-04-16_15h42_30.png 289w, https:\/\/richeskarayib.com\/wp-content\/uploads\/2026\/04\/2026-04-16_15h42_30-168x300.png 168w\" sizes=\"(max-width: 289px) 100vw, 289px\" \/>\t\t\t\t\t\t\t\t\t\t\t\t\t\t\t<\/div>\n\t\t\t\t<\/div>\n\t\t\t\t\t<\/div>\n\t\t<\/div>\n\t\t\t\t\t<\/div>\n\t\t<\/section>\n\t\t\t\t\t<\/div>\n\t\t<\/div>\n\t\t\t\t\t<\/div>\n\t\t<\/section>\n\t\t\t\t<section class=\"elementor-section elementor-top-section elementor-element elementor-element-dbc7fc8 elementor-section-boxed elementor-section-height-default elementor-section-height-default\" data-id=\"dbc7fc8\" data-element_type=\"section\">\n\t\t\t\t\t\t<div class=\"elementor-container elementor-column-gap-default\">\n\t\t\t\t\t<div class=\"elementor-column elementor-col-100 elementor-top-column elementor-element elementor-element-97f3639\" data-id=\"97f3639\" data-element_type=\"column\">\n\t\t\t<div class=\"elementor-widget-wrap elementor-element-populated\">\n\t\t\t\t\t\t<div class=\"elementor-element elementor-element-5c768f4 elementor-widget elementor-widget-heading\" data-id=\"5c768f4\" data-element_type=\"widget\" data-widget_type=\"heading.default\">\n\t\t\t\t<div class=\"elementor-widget-container\">\n\t\t\t\t\t<h2 class=\"elementor-heading-title elementor-size-default\">Le strat\u00e8ge de l\u2019ind\u00e9pendance cubaine<\/h2>\t\t\t\t<\/div>\n\t\t\t\t<\/div>\n\t\t\t\t<div class=\"elementor-element elementor-element-2eb1c50 elementor-widget elementor-widget-text-editor\" data-id=\"2eb1c50\" data-element_type=\"widget\" data-widget_type=\"text-editor.default\">\n\t\t\t\t<div class=\"elementor-widget-container\">\n\t\t\t\t\t\t\t\t\t<p><span style=\"font-weight: 400;\">Il ne s\u2019est pas content\u00e9 d\u2019\u00e9crire. Il a jou\u00e9 un r\u00f4le concret dans l\u2019organisation de la derni\u00e8re phase de la lutte ind\u00e9pendantiste cubaine. Il a contribu\u00e9 \u00e0 former le <\/span><b>Parti r\u00e9volutionnaire cubain<\/b><span style=\"font-weight: 400;\"> et a fait de New York le centre de pr\u00e9paration du soul\u00e8vement. Son objectif \u00e9tait d\u2019unifier les forces ind\u00e9pendantistes et de donner une coh\u00e9rence politique \u00e0 la cause cubaine. En 1895, il rejoint l\u2019exp\u00e9dition vers Cuba avec M\u00e1ximo G\u00f3mez. Peu apr\u00e8s son retour sur le sol cubain, il meurt au combat \u00e0 Dos R\u00edos, le 19 mai. Cette mort pr\u00e9coce fige son image dans la m\u00e9moire collective : celle d\u2019un homme qui a mis sa pens\u00e9e en accord avec ses actes.<\/span><\/p>\t\t\t\t\t\t\t\t<\/div>\n\t\t\t\t<\/div>\n\t\t\t\t<div class=\"elementor-element elementor-element-2372cec elementor-widget elementor-widget-image\" data-id=\"2372cec\" data-element_type=\"widget\" data-widget_type=\"image.default\">\n\t\t\t\t<div class=\"elementor-widget-container\">\n\t\t\t\t\t\t\t\t\t\t\t\t\t\t\t<img loading=\"lazy\" decoding=\"async\" width=\"685\" height=\"1024\" src=\"https:\/\/richeskarayib.com\/wp-content\/uploads\/2026\/04\/stock-photo-cienfuegos-cuba-february-jose-marti-statue-at-parque-jose-marti-square-in-cienfuegos-2317758739-685x1024.jpeg\" class=\"attachment-large size-large wp-image-72533\" alt=\"Jos\u00e9 Mart\u00ed\" srcset=\"https:\/\/richeskarayib.com\/wp-content\/uploads\/2026\/04\/stock-photo-cienfuegos-cuba-february-jose-marti-statue-at-parque-jose-marti-square-in-cienfuegos-2317758739-685x1024.jpeg 685w, https:\/\/richeskarayib.com\/wp-content\/uploads\/2026\/04\/stock-photo-cienfuegos-cuba-february-jose-marti-statue-at-parque-jose-marti-square-in-cienfuegos-2317758739-201x300.jpeg 201w, https:\/\/richeskarayib.com\/wp-content\/uploads\/2026\/04\/stock-photo-cienfuegos-cuba-february-jose-marti-statue-at-parque-jose-marti-square-in-cienfuegos-2317758739-768x1149.jpeg 768w, https:\/\/richeskarayib.com\/wp-content\/uploads\/2026\/04\/stock-photo-cienfuegos-cuba-february-jose-marti-statue-at-parque-jose-marti-square-in-cienfuegos-2317758739.jpeg 799w\" sizes=\"(max-width: 685px) 100vw, 685px\" \/>\t\t\t\t\t\t\t\t\t\t\t\t\t\t\t<\/div>\n\t\t\t\t<\/div>\n\t\t\t\t\t<\/div>\n\t\t<\/div>\n\t\t\t\t\t<\/div>\n\t\t<\/section>\n\t\t\t\t<section class=\"elementor-section elementor-top-section elementor-element elementor-element-a64d96b elementor-section-boxed elementor-section-height-default elementor-section-height-default\" data-id=\"a64d96b\" data-element_type=\"section\">\n\t\t\t\t\t\t<div class=\"elementor-container elementor-column-gap-default\">\n\t\t\t\t\t<div class=\"elementor-column elementor-col-100 elementor-top-column elementor-element elementor-element-cbeafed\" data-id=\"cbeafed\" data-element_type=\"column\">\n\t\t\t<div class=\"elementor-widget-wrap elementor-element-populated\">\n\t\t\t\t\t\t<div class=\"elementor-element elementor-element-b224f8d elementor-widget elementor-widget-heading\" data-id=\"b224f8d\" data-element_type=\"widget\" data-widget_type=\"heading.default\">\n\t\t\t\t<div class=\"elementor-widget-container\">\n\t\t\t\t\t<h2 class=\"elementor-heading-title elementor-size-default\">Un h\u00e9ritage toujours vivant dans la Cara\u00efbe<\/h2>\t\t\t\t<\/div>\n\t\t\t\t<\/div>\n\t\t\t\t<div class=\"elementor-element elementor-element-29987e7 elementor-widget elementor-widget-text-editor\" data-id=\"29987e7\" data-element_type=\"widget\" data-widget_type=\"text-editor.default\">\n\t\t\t\t<div class=\"elementor-widget-container\">\n\t\t\t\t\t\t\t\t\t<p><span style=\"font-weight: 400;\">L\u2019empreinte de<a href=\"https:\/\/fr.wikipedia.org\/wiki\/Jos%C3%A9_Mart%C3%AD\" target=\"_blank\" rel=\"noopener nofollow\"> Jos\u00e9 Mart\u00ed<\/a> ne s\u2019est pas arr\u00eat\u00e9e au XIXe si\u00e8cle. Son h\u00e9ritage reste vivant dans les d\u00e9bats contemporains. Au fond, il demeure essentiel parce qu\u2019il incarne une id\u00e9e rare : celle d\u2019un intellectuel carib\u00e9en capable de transformer la litt\u00e9rature en force historique. Sa vie rappelle que la Cara\u00efbe a produit des pens\u00e9es majeures, capables d\u2019\u00e9clairer le pr\u00e9sent. Pour comprendre <a href=\"https:\/\/richeskarayib.com\/fr\/rumba-cuba-histoire-styles-patrimoine\/\" target=\"_blank\" rel=\"noopener\">Cuba<\/a>, mais aussi la profondeur politique et culturelle de la r\u00e9gion, Jos\u00e9 Mart\u00ed reste une r\u00e9f\u00e9rence incontournable.<\/span><\/p>\t\t\t\t\t\t\t\t<\/div>\n\t\t\t\t<\/div>\n\t\t\t\t\t<\/div>\n\t\t<\/div>\n\t\t\t\t\t<\/div>\n\t\t<\/section>\n\t\t\t\t<section class=\"elementor-section elementor-top-section elementor-element elementor-element-f5709a6 elementor-section-boxed elementor-section-height-default elementor-section-height-default\" data-id=\"f5709a6\" data-element_type=\"section\">\n\t\t\t\t\t\t<div class=\"elementor-container elementor-column-gap-default\">\n\t\t\t\t\t<div class=\"elementor-column elementor-col-100 elementor-top-column elementor-element elementor-element-957be6f\" data-id=\"957be6f\" data-element_type=\"column\">\n\t\t\t<div class=\"elementor-widget-wrap elementor-element-populated\">\n\t\t\t\t\t\t<div class=\"elementor-element elementor-element-63e5d4a elementor-widget elementor-widget-accordion\" data-id=\"63e5d4a\" data-element_type=\"widget\" data-widget_type=\"accordion.default\">\n\t\t\t\t<div class=\"elementor-widget-container\">\n\t\t\t\t\t\t\t<div class=\"elementor-accordion\">\n\t\t\t\t\t\t\t<div class=\"elementor-accordion-item\">\n\t\t\t\t\t<div id=\"elementor-tab-title-1041\" class=\"elementor-tab-title\" data-tab=\"1\" role=\"button\" aria-controls=\"elementor-tab-content-1041\" aria-expanded=\"false\">\n\t\t\t\t\t\t\t\t\t\t\t\t\t<span class=\"elementor-accordion-icon elementor-accordion-icon-left\" aria-hidden=\"true\">\n\t\t\t\t\t\t\t\t\t\t\t\t\t\t\t<span class=\"elementor-accordion-icon-closed\"><i class=\"fas fa-plus\"><\/i><\/span>\n\t\t\t\t\t\t\t\t<span class=\"elementor-accordion-icon-opened\"><i class=\"fas fa-minus\"><\/i><\/span>\n\t\t\t\t\t\t\t\t\t\t\t\t\t\t<\/span>\n\t\t\t\t\t\t\t\t\t\t\t\t<a class=\"elementor-accordion-title\" tabindex=\"0\">Qui \u00e9tait Jos\u00e9 Mart\u00ed ?<\/a>\n\t\t\t\t\t<\/div>\n\t\t\t\t\t<div id=\"elementor-tab-content-1041\" class=\"elementor-tab-content elementor-clearfix\" data-tab=\"1\" role=\"region\" aria-labelledby=\"elementor-tab-title-1041\"><p><span style=\"font-weight: 400;\">Jos\u00e9 Mart\u00ed \u00e9tait un \u00e9crivain, journaliste, po\u00e8te et homme politique cubain n\u00e9 en 1853 \u00e0 La Havane. Il est surtout connu pour son r\u00f4le central dans la lutte pour l\u2019ind\u00e9pendance de Cuba face \u00e0 l\u2019Espagne. Son parcours a m\u00eal\u00e9 engagement intellectuel et action politique, ce qui en fait une figure majeure de l\u2019histoire cubaine, mais aussi de la pens\u00e9e carib\u00e9enne et latino-am\u00e9ricaine.<\/span><\/p><\/div>\n\t\t\t\t<\/div>\n\t\t\t\t\t\t\t<div class=\"elementor-accordion-item\">\n\t\t\t\t\t<div id=\"elementor-tab-title-1042\" class=\"elementor-tab-title\" data-tab=\"2\" role=\"button\" aria-controls=\"elementor-tab-content-1042\" aria-expanded=\"false\">\n\t\t\t\t\t\t\t\t\t\t\t\t\t<span class=\"elementor-accordion-icon elementor-accordion-icon-left\" aria-hidden=\"true\">\n\t\t\t\t\t\t\t\t\t\t\t\t\t\t\t<span class=\"elementor-accordion-icon-closed\"><i class=\"fas fa-plus\"><\/i><\/span>\n\t\t\t\t\t\t\t\t<span class=\"elementor-accordion-icon-opened\"><i class=\"fas fa-minus\"><\/i><\/span>\n\t\t\t\t\t\t\t\t\t\t\t\t\t\t<\/span>\n\t\t\t\t\t\t\t\t\t\t\t\t<a class=\"elementor-accordion-title\" tabindex=\"0\">Pourquoi Jos\u00e9 Mart\u00ed est-il une figure si importante \u00e0 Cuba ?<\/a>\n\t\t\t\t\t<\/div>\n\t\t\t\t\t<div id=\"elementor-tab-content-1042\" class=\"elementor-tab-content elementor-clearfix\" data-tab=\"2\" role=\"region\" aria-labelledby=\"elementor-tab-title-1042\"><p><span style=\"font-weight: 400;\">Jos\u00e9 Mart\u00ed est consid\u00e9r\u00e9 comme l\u2019un des grands symboles de la nation cubaine parce qu\u2019il a d\u00e9fendu l\u2019id\u00e9e d\u2019une Cuba libre, souveraine et politiquement consciente. Il n\u2019a pas seulement soutenu l\u2019ind\u00e9pendance par ses discours et ses \u00e9crits : il a aussi particip\u00e9 activement \u00e0 l\u2019organisation du combat ind\u00e9pendantiste. Son nom reste associ\u00e9 \u00e0 la dignit\u00e9, au patriotisme et \u00e0 la coh\u00e9rence entre pens\u00e9e et action.<\/span><\/p><\/div>\n\t\t\t\t<\/div>\n\t\t\t\t\t\t\t<div class=\"elementor-accordion-item\">\n\t\t\t\t\t<div id=\"elementor-tab-title-1043\" class=\"elementor-tab-title\" data-tab=\"3\" role=\"button\" aria-controls=\"elementor-tab-content-1043\" aria-expanded=\"false\">\n\t\t\t\t\t\t\t\t\t\t\t\t\t<span class=\"elementor-accordion-icon elementor-accordion-icon-left\" aria-hidden=\"true\">\n\t\t\t\t\t\t\t\t\t\t\t\t\t\t\t<span class=\"elementor-accordion-icon-closed\"><i class=\"fas fa-plus\"><\/i><\/span>\n\t\t\t\t\t\t\t\t<span class=\"elementor-accordion-icon-opened\"><i class=\"fas fa-minus\"><\/i><\/span>\n\t\t\t\t\t\t\t\t\t\t\t\t\t\t<\/span>\n\t\t\t\t\t\t\t\t\t\t\t\t<a class=\"elementor-accordion-title\" tabindex=\"0\">Jos\u00e9 Mart\u00ed \u00e9tait-il seulement un homme politique ?<\/a>\n\t\t\t\t\t<\/div>\n\t\t\t\t\t<div id=\"elementor-tab-content-1043\" class=\"elementor-tab-content elementor-clearfix\" data-tab=\"3\" role=\"region\" aria-labelledby=\"elementor-tab-title-1043\"><p><span style=\"font-weight: 400;\">Non, et c\u2019est justement ce qui rend son h\u00e9ritage si fort. Jos\u00e9 Mart\u00ed fut aussi un auteur de premier plan, avec une \u0153uvre litt\u00e9raire et journalistique d\u2019une grande richesse. Ses textes abordent la libert\u00e9, l\u2019identit\u00e9, l\u2019\u00e9ducation, la justice et l\u2019avenir des peuples de la r\u00e9gion. Il occupe donc une place \u00e0 part, \u00e0 la crois\u00e9e de la litt\u00e9rature, du journalisme et de l\u2019histoire politique.<\/span><\/p><\/div>\n\t\t\t\t<\/div>\n\t\t\t\t\t\t\t<div class=\"elementor-accordion-item\">\n\t\t\t\t\t<div id=\"elementor-tab-title-1044\" class=\"elementor-tab-title\" data-tab=\"4\" role=\"button\" aria-controls=\"elementor-tab-content-1044\" aria-expanded=\"false\">\n\t\t\t\t\t\t\t\t\t\t\t\t\t<span class=\"elementor-accordion-icon elementor-accordion-icon-left\" aria-hidden=\"true\">\n\t\t\t\t\t\t\t\t\t\t\t\t\t\t\t<span class=\"elementor-accordion-icon-closed\"><i class=\"fas fa-plus\"><\/i><\/span>\n\t\t\t\t\t\t\t\t<span class=\"elementor-accordion-icon-opened\"><i class=\"fas fa-minus\"><\/i><\/span>\n\t\t\t\t\t\t\t\t\t\t\t\t\t\t<\/span>\n\t\t\t\t\t\t\t\t\t\t\t\t<a class=\"elementor-accordion-title\" tabindex=\"0\">Que repr\u00e9sente \u201cNuestra Am\u00e9rica\u201d dans son \u0153uvre ?<\/a>\n\t\t\t\t\t<\/div>\n\t\t\t\t\t<div id=\"elementor-tab-content-1044\" class=\"elementor-tab-content elementor-clearfix\" data-tab=\"4\" role=\"region\" aria-labelledby=\"elementor-tab-title-1044\"><p><span style=\"font-weight: 400;\">\u201cNuestra Am\u00e9rica\u201d est l\u2019un des textes les plus marquants de Jos\u00e9 Mart\u00ed. Dans cet essai, il d\u00e9fend l\u2019id\u00e9e que les peuples d\u2019Am\u00e9rique latine et de la Cara\u00efbe doivent construire leur avenir \u00e0 partir de leur propre r\u00e9alit\u00e9 historique, sociale et culturelle. Ce texte reste tr\u00e8s actuel, car il pose des questions essentielles sur l\u2019identit\u00e9, la souverainet\u00e9 culturelle et la mani\u00e8re de penser le d\u00e9veloppement sans reproduire m\u00e9caniquement des mod\u00e8les ext\u00e9rieurs.<\/span><\/p><\/div>\n\t\t\t\t<\/div>\n\t\t\t\t\t\t\t<div class=\"elementor-accordion-item\">\n\t\t\t\t\t<div id=\"elementor-tab-title-1045\" class=\"elementor-tab-title\" data-tab=\"5\" role=\"button\" aria-controls=\"elementor-tab-content-1045\" aria-expanded=\"false\">\n\t\t\t\t\t\t\t\t\t\t\t\t\t<span class=\"elementor-accordion-icon elementor-accordion-icon-left\" aria-hidden=\"true\">\n\t\t\t\t\t\t\t\t\t\t\t\t\t\t\t<span class=\"elementor-accordion-icon-closed\"><i class=\"fas fa-plus\"><\/i><\/span>\n\t\t\t\t\t\t\t\t<span class=\"elementor-accordion-icon-opened\"><i class=\"fas fa-minus\"><\/i><\/span>\n\t\t\t\t\t\t\t\t\t\t\t\t\t\t<\/span>\n\t\t\t\t\t\t\t\t\t\t\t\t<a class=\"elementor-accordion-title\" tabindex=\"0\">Pourquoi Jos\u00e9 Mart\u00ed int\u00e9resse-t-il encore les lecteurs d\u2019aujourd\u2019hui ?<\/a>\n\t\t\t\t\t<\/div>\n\t\t\t\t\t<div id=\"elementor-tab-content-1045\" class=\"elementor-tab-content elementor-clearfix\" data-tab=\"5\" role=\"region\" aria-labelledby=\"elementor-tab-title-1045\"><p><span style=\"font-weight: 400;\">Jos\u00e9 Mart\u00ed continue d\u2019int\u00e9resser les lecteurs contemporains parce que ses r\u00e9flexions d\u00e9passent son \u00e9poque. Il parle de libert\u00e9, de responsabilit\u00e9 politique, d\u2019\u00e9ducation et de dignit\u00e9 collective, des sujets qui restent au c\u0153ur des d\u00e9bats actuels. Pour les lecteurs de la Cara\u00efbe, il repr\u00e9sente aussi la preuve qu\u2019une pens\u00e9e n\u00e9e dans la r\u00e9gion peut avoir une port\u00e9e universelle et continuer \u00e0 \u00e9clairer le pr\u00e9sent.<\/span><\/p><\/div>\n\t\t\t\t<\/div>\n\t\t\t\t\t\t\t\t<\/div>\n\t\t\t\t\t\t<\/div>\n\t\t\t\t<\/div>\n\t\t\t\t\t<\/div>\n\t\t<\/div>\n\t\t\t\t\t<\/div>\n\t\t<\/section>\n\t\t\t\t<\/div>\n\t\t","protected":false},"excerpt":{"rendered":"<p>Jos\u00e9 Mart\u00ed est une grande figure de l\u2019histoire cubaine. Il est l\u2019un des intellectuels les plus importants du monde carib\u00e9en, parce qu\u2019il a su r\u00e9unir dans un m\u00eame parcours l\u2019\u00e9criture, la pens\u00e9e politique, le journalisme et l\u2019action r\u00e9volutionnaire. N\u00e9 \u00e0 La Havane le 28 janvier 1853 et mort au combat \u00e0 Dos R\u00edos le 19 [&hellip;]<\/p>\n","protected":false},"author":662,"featured_media":72509,"comment_status":"open","ping_status":"open","sticky":false,"template":"","format":"standard","meta":{"_acf_changed":false,"footnotes":""},"categories":[1468],"tags":[1573],"class_list":["post-72508","post","type-post","status-publish","format-standard","has-post-thumbnail","hentry","category-histoire-patrimoine","tag-cuba-fr"],"acf":[],"_links":{"self":[{"href":"https:\/\/richeskarayib.com\/fr\/wp-json\/wp\/v2\/posts\/72508","targetHints":{"allow":["GET"]}}],"collection":[{"href":"https:\/\/richeskarayib.com\/fr\/wp-json\/wp\/v2\/posts"}],"about":[{"href":"https:\/\/richeskarayib.com\/fr\/wp-json\/wp\/v2\/types\/post"}],"author":[{"embeddable":true,"href":"https:\/\/richeskarayib.com\/fr\/wp-json\/wp\/v2\/users\/662"}],"replies":[{"embeddable":true,"href":"https:\/\/richeskarayib.com\/fr\/wp-json\/wp\/v2\/comments?post=72508"}],"version-history":[{"count":0,"href":"https:\/\/richeskarayib.com\/fr\/wp-json\/wp\/v2\/posts\/72508\/revisions"}],"wp:featuredmedia":[{"embeddable":true,"href":"https:\/\/richeskarayib.com\/fr\/wp-json\/wp\/v2\/media\/72509"}],"wp:attachment":[{"href":"https:\/\/richeskarayib.com\/fr\/wp-json\/wp\/v2\/media?parent=72508"}],"wp:term":[{"taxonomy":"category","embeddable":true,"href":"https:\/\/richeskarayib.com\/fr\/wp-json\/wp\/v2\/categories?post=72508"},{"taxonomy":"post_tag","embeddable":true,"href":"https:\/\/richeskarayib.com\/fr\/wp-json\/wp\/v2\/tags?post=72508"}],"curies":[{"name":"wp","href":"https:\/\/api.w.org\/{rel}","templated":true}]}}