{"id":72628,"date":"2026-04-17T07:46:59","date_gmt":"2026-04-17T11:46:59","guid":{"rendered":"https:\/\/richeskarayib.com\/?p=72628"},"modified":"2026-04-21T07:24:23","modified_gmt":"2026-04-21T11:24:23","slug":"adhesion-de-la-martinique-a-la-caricom","status":"publish","type":"post","link":"https:\/\/richeskarayib.com\/fr\/adhesion-de-la-martinique-a-la-caricom\/","title":{"rendered":"Adh\u00e9sion de la Martinique \u00e0 la CARICOM: l\u2019Assembl\u00e9e nationale ach\u00e8ve la s\u00e9quence fran\u00e7aise"},"content":{"rendered":"\t\t<div data-elementor-type=\"wp-post\" data-elementor-id=\"72628\" class=\"elementor elementor-72628\" data-elementor-post-type=\"post\">\n\t\t\t\t\t\t<section class=\"elementor-section elementor-top-section elementor-element elementor-element-7ca7ca1 elementor-section-boxed elementor-section-height-default elementor-section-height-default\" data-id=\"7ca7ca1\" data-element_type=\"section\">\n\t\t\t\t\t\t<div class=\"elementor-container elementor-column-gap-default\">\n\t\t\t\t\t<div class=\"elementor-column elementor-col-100 elementor-top-column elementor-element elementor-element-cbdd002\" data-id=\"cbdd002\" data-element_type=\"column\">\n\t\t\t<div class=\"elementor-widget-wrap elementor-element-populated\">\n\t\t\t\t\t\t<section class=\"elementor-section elementor-inner-section elementor-element elementor-element-bc94849 elementor-section-boxed elementor-section-height-default elementor-section-height-default\" data-id=\"bc94849\" data-element_type=\"section\">\n\t\t\t\t\t\t<div class=\"elementor-container elementor-column-gap-default\">\n\t\t\t\t\t\t<\/div>\n\t\t<\/section>\n\t\t\t\t<section class=\"elementor-section elementor-inner-section elementor-element elementor-element-61571e6 elementor-section-boxed elementor-section-height-default elementor-section-height-default\" data-id=\"61571e6\" data-element_type=\"section\">\n\t\t\t\t\t\t<div class=\"elementor-container elementor-column-gap-default\">\n\t\t\t\t\t\t<\/div>\n\t\t<\/section>\n\t\t\t\t<section class=\"elementor-section elementor-inner-section elementor-element elementor-element-b6262e0 elementor-section-boxed elementor-section-height-default elementor-section-height-default\" data-id=\"b6262e0\" data-element_type=\"section\">\n\t\t\t\t\t\t<div class=\"elementor-container elementor-column-gap-default\">\n\t\t\t\t\t\t<\/div>\n\t\t<\/section>\n\t\t\t\t<section class=\"elementor-section elementor-inner-section elementor-element elementor-element-cca29fd elementor-section-boxed elementor-section-height-default elementor-section-height-default\" data-id=\"cca29fd\" data-element_type=\"section\">\n\t\t\t\t\t\t<div class=\"elementor-container elementor-column-gap-default\">\n\t\t\t\t\t\t<\/div>\n\t\t<\/section>\n\t\t\t\t\t<\/div>\n\t\t<\/div>\n\t\t\t\t\t<\/div>\n\t\t<\/section>\n\t\t\t\t<section class=\"elementor-section elementor-top-section elementor-element elementor-element-ee72354 elementor-section-boxed elementor-section-height-default elementor-section-height-default\" data-id=\"ee72354\" data-element_type=\"section\">\n\t\t\t\t\t\t<div class=\"elementor-container elementor-column-gap-default\">\n\t\t\t\t\t<div class=\"elementor-column elementor-col-100 elementor-top-column elementor-element elementor-element-c59d6fe\" data-id=\"c59d6fe\" data-element_type=\"column\">\n\t\t\t<div class=\"elementor-widget-wrap elementor-element-populated\">\n\t\t\t\t\t\t<div class=\"elementor-element elementor-element-661ebea elementor-widget elementor-widget-text-editor\" data-id=\"661ebea\" data-element_type=\"widget\" data-widget_type=\"text-editor.default\">\n\t\t\t\t<div class=\"elementor-widget-container\">\n\t\t\t\t\t\t\t\t\t<p><span style=\"font-weight: 400;\">Le 28 janvier 2026, le S\u00e9nat fran\u00e7ais avait envoy\u00e9 un signal politique fort en faveur de l\u2019ancrage carib\u00e9en de la Martinique. Le 16 avril, une nouvelle \u00e9tape est venue donner une port\u00e9e bien plus concr\u00e8te \u00e0 ce mouvement : l\u2019Assembl\u00e9e nationale a approuv\u00e9 l\u2019accord relatif \u00e0 l\u2019adh\u00e9sion au protocole sur les privil\u00e8ges et immunit\u00e9s de la Communaut\u00e9 des Cara\u00efbes. En clair, l\u2019adh\u00e9sion de la Martinique \u00e0 la CARICOM franchit un cap d\u00e9cisif dans la proc\u00e9dure fran\u00e7aise, apr\u00e8s un processus engag\u00e9 d\u00e8s la signature de l\u2019accord \u00e0 Bridgetown le 20 f\u00e9vrier 2025.<\/span><\/p>\t\t\t\t\t\t\t\t<\/div>\n\t\t\t\t<\/div>\n\t\t\t\t\t<\/div>\n\t\t<\/div>\n\t\t\t\t\t<\/div>\n\t\t<\/section>\n\t\t\t\t<section class=\"elementor-section elementor-top-section elementor-element elementor-element-82cd8f9 elementor-section-boxed elementor-section-height-default elementor-section-height-default\" data-id=\"82cd8f9\" data-element_type=\"section\">\n\t\t\t\t\t\t<div class=\"elementor-container elementor-column-gap-default\">\n\t\t\t\t\t<div class=\"elementor-column elementor-col-100 elementor-top-column elementor-element elementor-element-0bfdc38\" data-id=\"0bfdc38\" data-element_type=\"column\">\n\t\t\t<div class=\"elementor-widget-wrap elementor-element-populated\">\n\t\t\t\t\t\t<div class=\"elementor-element elementor-element-7d292fe elementor-widget elementor-widget-heading\" data-id=\"7d292fe\" data-element_type=\"widget\" data-widget_type=\"heading.default\">\n\t\t\t\t<div class=\"elementor-widget-container\">\n\t\t\t\t\t<h2 class=\"elementor-heading-title elementor-size-default\">Du vote du S\u00e9nat \u00e0 l\u2019accord de l\u2019Assembl\u00e9e nationale\n<\/h2>\t\t\t\t<\/div>\n\t\t\t\t<\/div>\n\t\t\t\t<section class=\"elementor-section elementor-inner-section elementor-element elementor-element-da8459c elementor-section-boxed elementor-section-height-default elementor-section-height-default\" data-id=\"da8459c\" data-element_type=\"section\">\n\t\t\t\t\t\t<div class=\"elementor-container elementor-column-gap-default\">\n\t\t\t\t\t<div class=\"elementor-column elementor-col-100 elementor-inner-column elementor-element elementor-element-45b856b\" data-id=\"45b856b\" data-element_type=\"column\">\n\t\t\t<div class=\"elementor-widget-wrap elementor-element-populated\">\n\t\t\t\t\t\t<div class=\"elementor-element elementor-element-289b094 elementor-widget elementor-widget-text-editor\" data-id=\"289b094\" data-element_type=\"widget\" data-widget_type=\"text-editor.default\">\n\t\t\t\t<div class=\"elementor-widget-container\">\n\t\t\t\t\t\t\t\t\t<p><span style=\"font-weight: 400;\">Cette s\u00e9quence donne une vraie continuit\u00e9 au vote s\u00e9natorial de janvier. Avec le vote du 16 avril, la France boucle d\u00e9sormais la phase parlementaire de ce dossier. Le minist\u00e8re des Outre-mer parle d\u2019ailleurs d\u2019\u00ab approbation d\u00e9finitive \u00bb de l\u2019accord c\u00f4t\u00e9 Parlement fran\u00e7ais, ce qui confirme que l\u2019adh\u00e9sion de la Martinique \u00e0 la CARICOM avance d\u00e9sormais sur une base institutionnelle consolid\u00e9e, m\u00eame si la formulation juridique doit rester pr\u00e9cise.<\/span><\/p>\t\t\t\t\t\t\t\t<\/div>\n\t\t\t\t<\/div>\n\t\t\t\t\t<\/div>\n\t\t<\/div>\n\t\t\t\t\t<\/div>\n\t\t<\/section>\n\t\t\t\t<section class=\"elementor-section elementor-inner-section elementor-element elementor-element-c582330 elementor-section-boxed elementor-section-height-default elementor-section-height-default\" data-id=\"c582330\" data-element_type=\"section\">\n\t\t\t\t\t\t<div class=\"elementor-container elementor-column-gap-default\">\n\t\t\t\t\t\t<\/div>\n\t\t<\/section>\n\t\t\t\t<section class=\"elementor-section elementor-inner-section elementor-element elementor-element-296603a elementor-section-boxed elementor-section-height-default elementor-section-height-default\" data-id=\"296603a\" data-element_type=\"section\">\n\t\t\t\t\t\t<div class=\"elementor-container elementor-column-gap-default\">\n\t\t\t\t\t\t<\/div>\n\t\t<\/section>\n\t\t\t\t\t<\/div>\n\t\t<\/div>\n\t\t\t\t\t<\/div>\n\t\t<\/section>\n\t\t\t\t<section class=\"elementor-section elementor-top-section elementor-element elementor-element-9c88a89 elementor-section-boxed elementor-section-height-default elementor-section-height-default\" data-id=\"9c88a89\" data-element_type=\"section\">\n\t\t\t\t\t\t<div class=\"elementor-container elementor-column-gap-default\">\n\t\t\t\t\t<div class=\"elementor-column elementor-col-100 elementor-top-column elementor-element elementor-element-78cf5d1\" data-id=\"78cf5d1\" data-element_type=\"column\">\n\t\t\t<div class=\"elementor-widget-wrap elementor-element-populated\">\n\t\t\t\t\t\t<div class=\"elementor-element elementor-element-ea2a5c1 elementor-widget elementor-widget-heading\" data-id=\"ea2a5c1\" data-element_type=\"widget\" data-widget_type=\"heading.default\">\n\t\t\t\t<div class=\"elementor-widget-container\">\n\t\t\t\t\t<h2 class=\"elementor-heading-title elementor-size-default\">Ce que change concr\u00e8tement cette nouvelle \u00e9tape\n<\/h2>\t\t\t\t<\/div>\n\t\t\t\t<\/div>\n\t\t\t\t<div class=\"elementor-element elementor-element-e305eee elementor-widget elementor-widget-text-editor\" data-id=\"e305eee\" data-element_type=\"widget\" data-widget_type=\"text-editor.default\">\n\t\t\t\t<div class=\"elementor-widget-container\">\n\t\t\t\t\t\t\t\t\t<p><span style=\"font-weight: 400;\">Ce que change r\u00e9ellement cette nouvelle \u00e9tape, c\u2019est que l\u2019adh\u00e9sion de la Martinique \u00e0 la CARICOM ne rel\u00e8ve plus seulement d\u2019une intention politique ou d\u2019un symbole diplomatique. Elle s\u2019inscrit dans un cadre valid\u00e9 par les institutions fran\u00e7aises, ce qui donne au territoire une base plus solide pour participer aux travaux de l\u2019organisation r\u00e9gionale et de ses agences. L\u2019\u00c9tat souligne aussi que ce mouvement pourrait ouvrir la voie, \u00e0 terme, \u00e0 d\u2019autres collectivit\u00e9s du bassin Antilles-Guyane int\u00e9ress\u00e9es par un statut similaire.<\/span><\/p>\t\t\t\t\t\t\t\t<\/div>\n\t\t\t\t<\/div>\n\t\t\t\t\t<\/div>\n\t\t<\/div>\n\t\t\t\t\t<\/div>\n\t\t<\/section>\n\t\t\t\t<section class=\"elementor-section elementor-top-section elementor-element elementor-element-4a0e8e4 elementor-section-boxed elementor-section-height-default elementor-section-height-default\" data-id=\"4a0e8e4\" data-element_type=\"section\">\n\t\t\t\t\t\t<div class=\"elementor-container elementor-column-gap-default\">\n\t\t\t\t\t<div class=\"elementor-column elementor-col-100 elementor-top-column elementor-element elementor-element-f16bdfb\" data-id=\"f16bdfb\" data-element_type=\"column\">\n\t\t\t<div class=\"elementor-widget-wrap elementor-element-populated\">\n\t\t\t\t\t\t<div class=\"elementor-element elementor-element-33604cf elementor-widget elementor-widget-heading\" data-id=\"33604cf\" data-element_type=\"widget\" data-widget_type=\"heading.default\">\n\t\t\t\t<div class=\"elementor-widget-container\">\n\t\t\t\t\t<h2 class=\"elementor-heading-title elementor-size-default\">Un statut distinct de celui des \u00c9tats membres<\/h2>\t\t\t\t<\/div>\n\t\t\t\t<\/div>\n\t\t\t\t<div class=\"elementor-element elementor-element-06205d8 elementor-widget elementor-widget-text-editor\" data-id=\"06205d8\" data-element_type=\"widget\" data-widget_type=\"text-editor.default\">\n\t\t\t\t<div class=\"elementor-widget-container\">\n\t\t\t\t\t\t\t\t\t<p><span style=\"font-weight: 400;\">Sur le fond, le statut de membre associ\u00e9 n\u2019\u00e9quivaut pas \u00e0 celui d\u2019un \u00c9tat membre souverain. Les documents parlementaires et institutionnels pr\u00e9cisent que la collectivit\u00e9 territoriale de Martinique pourra prendre part aux travaux de l\u2019organisation dans le cadre pr\u00e9vu par ce statut, sans que cela ne remette en cause son ancrage juridique fran\u00e7ais et europ\u00e9en. C\u2019est pr\u00e9cis\u00e9ment pour cela que l\u2019adh\u00e9sion de la Martinique \u00e0 la <a href=\"https:\/\/caricom.org\/\" target=\"_blank\" rel=\"noopener nofollow\">CARICOM<\/a> constitue une avanc\u00e9e institutionnelle importante sans bouleverser les \u00e9quilibres existants.<\/span><\/p>\t\t\t\t\t\t\t\t<\/div>\n\t\t\t\t<\/div>\n\t\t\t\t<div class=\"elementor-element elementor-element-c303878 elementor-widget elementor-widget-image\" data-id=\"c303878\" data-element_type=\"widget\" data-widget_type=\"image.default\">\n\t\t\t\t<div class=\"elementor-widget-container\">\n\t\t\t\t\t\t\t\t\t\t\t\t\t\t\t<img fetchpriority=\"high\" decoding=\"async\" width=\"800\" height=\"420\" src=\"https:\/\/richeskarayib.com\/wp-content\/uploads\/2026\/04\/495250807_728972152788209_7779529448067528107_n-1024x537.jpg\" class=\"attachment-large size-large wp-image-72637\" alt=\"Adh\u00e9sion de la Martinique \u00e0 la CARICOM\" srcset=\"https:\/\/richeskarayib.com\/wp-content\/uploads\/2026\/04\/495250807_728972152788209_7779529448067528107_n-1024x537.jpg 1024w, https:\/\/richeskarayib.com\/wp-content\/uploads\/2026\/04\/495250807_728972152788209_7779529448067528107_n-300x157.jpg 300w, https:\/\/richeskarayib.com\/wp-content\/uploads\/2026\/04\/495250807_728972152788209_7779529448067528107_n-768x402.jpg 768w, https:\/\/richeskarayib.com\/wp-content\/uploads\/2026\/04\/495250807_728972152788209_7779529448067528107_n.jpg 1080w\" sizes=\"(max-width: 800px) 100vw, 800px\" \/>\t\t\t\t\t\t\t\t\t\t\t\t\t\t\t<\/div>\n\t\t\t\t<\/div>\n\t\t\t\t\t<\/div>\n\t\t<\/div>\n\t\t\t\t\t<\/div>\n\t\t<\/section>\n\t\t\t\t<section class=\"elementor-section elementor-top-section elementor-element elementor-element-73744de elementor-section-boxed elementor-section-height-default elementor-section-height-default\" data-id=\"73744de\" data-element_type=\"section\">\n\t\t\t\t\t\t<div class=\"elementor-container elementor-column-gap-default\">\n\t\t\t\t\t<div class=\"elementor-column elementor-col-100 elementor-top-column elementor-element elementor-element-8f238ec\" data-id=\"8f238ec\" data-element_type=\"column\">\n\t\t\t<div class=\"elementor-widget-wrap elementor-element-populated\">\n\t\t\t\t\t\t<div class=\"elementor-element elementor-element-1a869a1 elementor-widget elementor-widget-heading\" data-id=\"1a869a1\" data-element_type=\"widget\" data-widget_type=\"heading.default\">\n\t\t\t\t<div class=\"elementor-widget-container\">\n\t\t\t\t\t<h2 class=\"elementor-heading-title elementor-size-default\">Une insertion r\u00e9gionale plus op\u00e9rationnelle<\/h2>\t\t\t\t<\/div>\n\t\t\t\t<\/div>\n\t\t\t\t<div class=\"elementor-element elementor-element-ed5c50c elementor-widget elementor-widget-text-editor\" data-id=\"ed5c50c\" data-element_type=\"widget\" data-widget_type=\"text-editor.default\">\n\t\t\t\t<div class=\"elementor-widget-container\">\n\t\t\t\t\t\t\t\t\t<p><span style=\"font-weight: 400;\">L&#8217;adh\u00e9sion de la Martinique \u00e0 la CARICOM d\u00e9passe la seule reconnaissance institutionnelle. L\u2019int\u00e9r\u00eat concret r\u00e9side dans l\u2019acc\u00e8s \u00e0 davantage d\u2019informations r\u00e9gionales, dans une participation plus directe aux programmes sectoriels et dans la possibilit\u00e9 de porter plus clairement ses priorit\u00e9s dans la Cara\u00efbe. Coop\u00e9ration \u00e9conomique, mobilit\u00e9, enseignement sup\u00e9rieur, sant\u00e9 publique, gestion des risques, culture ou encore climat : plusieurs champs d\u2019action peuvent tirer profit d\u2019un dialogue plus r\u00e9gulier avec les instances carib\u00e9ennes. Dans cette perspective, l\u2019adh\u00e9sion de la Martinique \u00e0 la CARICOM appara\u00eet comme un outil de positionnement r\u00e9gional autant qu\u2019un levier de coop\u00e9ration.<\/span><\/p>\t\t\t\t\t\t\t\t<\/div>\n\t\t\t\t<\/div>\n\t\t\t\t\t<\/div>\n\t\t<\/div>\n\t\t\t\t\t<\/div>\n\t\t<\/section>\n\t\t\t\t<section class=\"elementor-section elementor-top-section elementor-element elementor-element-dbc7fc8 elementor-section-boxed elementor-section-height-default elementor-section-height-default\" data-id=\"dbc7fc8\" data-element_type=\"section\">\n\t\t\t\t\t\t<div class=\"elementor-container elementor-column-gap-default\">\n\t\t\t\t\t<div class=\"elementor-column elementor-col-100 elementor-top-column elementor-element elementor-element-97f3639\" data-id=\"97f3639\" data-element_type=\"column\">\n\t\t\t<div class=\"elementor-widget-wrap elementor-element-populated\">\n\t\t\t\t\t\t<div class=\"elementor-element elementor-element-5c768f4 elementor-widget elementor-widget-heading\" data-id=\"5c768f4\" data-element_type=\"widget\" data-widget_type=\"heading.default\">\n\t\t\t\t<div class=\"elementor-widget-container\">\n\t\t\t\t\t<h2 class=\"elementor-heading-title elementor-size-default\">Un signal plus large pour les territoires fran\u00e7ais d\u2019Am\u00e9rique<\/h2>\t\t\t\t<\/div>\n\t\t\t\t<\/div>\n\t\t\t\t<div class=\"elementor-element elementor-element-2eb1c50 elementor-widget elementor-widget-text-editor\" data-id=\"2eb1c50\" data-element_type=\"widget\" data-widget_type=\"text-editor.default\">\n\t\t\t\t<div class=\"elementor-widget-container\">\n\t\t\t\t\t\t\t\t\t<p><span style=\"font-weight: 400;\">Ce dossier dit aussi quelque chose de plus large sur la place des territoires fran\u00e7ais d\u2019Am\u00e9rique dans leur environnement imm\u00e9diat. Depuis des ann\u00e9es, un d\u00e9calage subsiste entre leur appartenance g\u00e9ographique \u00e0 la Cara\u00efbe et leur niveau d\u2019int\u00e9gration institutionnelle dans les grandes organisations r\u00e9gionales. Le vote du 16 avril r\u00e9duit une partie de cette distance. Il donne \u00e0 la Martinique une capacit\u00e9 d\u2019action plus lisible dans un espace o\u00f9 les r\u00e9ponses aux d\u00e9fis \u00e9conomiques, climatiques et sanitaires supposent de plus en plus des coordinations r\u00e9gionales. \u00c0 ce titre, l\u2019adh\u00e9sion de la Martinique \u00e0 la <a href=\"https:\/\/richeskarayib.com\/fr\/caricom-adhesion-martinique-membre-associe\/\" target=\"_blank\" rel=\"noopener\">CARICOM<\/a> marque une inflexion strat\u00e9gique bien au-del\u00e0 d\u2019un simple texte parlementaire.<\/span><\/p>\t\t\t\t\t\t\t\t<\/div>\n\t\t\t\t<\/div>\n\t\t\t\t<div class=\"elementor-element elementor-element-ce67549 elementor-widget elementor-widget-image\" data-id=\"ce67549\" data-element_type=\"widget\" data-widget_type=\"image.default\">\n\t\t\t\t<div class=\"elementor-widget-container\">\n\t\t\t\t\t\t\t\t\t\t\t\t\t\t\t<img decoding=\"async\" width=\"800\" height=\"534\" src=\"https:\/\/richeskarayib.com\/wp-content\/uploads\/2026\/04\/600276022_901715518847204_2509850387638568858_n-1024x683.jpg\" class=\"attachment-large size-large wp-image-72633\" alt=\"Adh\u00e9sion de la Martinique \u00e0 la CARICOM\" srcset=\"https:\/\/richeskarayib.com\/wp-content\/uploads\/2026\/04\/600276022_901715518847204_2509850387638568858_n-1024x683.jpg 1024w, https:\/\/richeskarayib.com\/wp-content\/uploads\/2026\/04\/600276022_901715518847204_2509850387638568858_n-300x200.jpg 300w, https:\/\/richeskarayib.com\/wp-content\/uploads\/2026\/04\/600276022_901715518847204_2509850387638568858_n-768x512.jpg 768w, https:\/\/richeskarayib.com\/wp-content\/uploads\/2026\/04\/600276022_901715518847204_2509850387638568858_n-1320x880.jpg 1320w, https:\/\/richeskarayib.com\/wp-content\/uploads\/2026\/04\/600276022_901715518847204_2509850387638568858_n.jpg 1536w\" sizes=\"(max-width: 800px) 100vw, 800px\" \/>\t\t\t\t\t\t\t\t\t\t\t\t\t\t\t<\/div>\n\t\t\t\t<\/div>\n\t\t\t\t\t<\/div>\n\t\t<\/div>\n\t\t\t\t\t<\/div>\n\t\t<\/section>\n\t\t\t\t<section class=\"elementor-section elementor-top-section elementor-element elementor-element-55be348 elementor-section-boxed elementor-section-height-default elementor-section-height-default\" data-id=\"55be348\" data-element_type=\"section\">\n\t\t\t\t\t\t<div class=\"elementor-container elementor-column-gap-default\">\n\t\t\t\t\t<div class=\"elementor-column elementor-col-100 elementor-top-column elementor-element elementor-element-dab271f\" data-id=\"dab271f\" data-element_type=\"column\">\n\t\t\t<div class=\"elementor-widget-wrap elementor-element-populated\">\n\t\t\t\t\t\t<div class=\"elementor-element elementor-element-9606642 elementor-widget elementor-widget-heading\" data-id=\"9606642\" data-element_type=\"widget\" data-widget_type=\"heading.default\">\n\t\t\t\t<div class=\"elementor-widget-container\">\n\t\t\t\t\t<h2 class=\"elementor-heading-title elementor-size-default\">Cap sur juillet 2026<\/h2>\t\t\t\t<\/div>\n\t\t\t\t<\/div>\n\t\t\t\t<div class=\"elementor-element elementor-element-6e68e89 elementor-widget elementor-widget-text-editor\" data-id=\"6e68e89\" data-element_type=\"widget\" data-widget_type=\"text-editor.default\">\n\t\t\t\t<div class=\"elementor-widget-container\">\n\t\t\t\t\t\t\t\t\t<p><span style=\"font-weight: 400;\">La prochaine \u00e9ch\u00e9ance politique sera scrut\u00e9e de pr\u00e8s. Les chefs de gouvernement de la CARICOM ont accept\u00e9 l\u2019invitation de Sainte-Lucie pour tenir leur 51e r\u00e9union ordinaire du 5 au 8 juillet 2026. Ce rendez-vous r\u00e9gional donnera un relief particulier \u00e0 la dynamique engag\u00e9e depuis Bridgetown, alors que la Martinique cherche d\u00e9sormais \u00e0 transformer cette avanc\u00e9e institutionnelle en pr\u00e9sence utile, visible et durable. Plus qu\u2019une victoire de proc\u00e9dure, l\u2019adh\u00e9sion de la Martinique \u00e0 la CARICOM ouvre donc une phase de responsabilit\u00e9 : celle de faire vivre concr\u00e8tement ce nouveau cadre dans l\u2019int\u00e9r\u00eat du territoire et de ses relations carib\u00e9ennes. <\/span><\/p>\t\t\t\t\t\t\t\t<\/div>\n\t\t\t\t<\/div>\n\t\t\t\t\t<\/div>\n\t\t<\/div>\n\t\t\t\t\t<\/div>\n\t\t<\/section>\n\t\t\t\t<section class=\"elementor-section elementor-top-section elementor-element elementor-element-f5709a6 elementor-section-boxed elementor-section-height-default elementor-section-height-default\" data-id=\"f5709a6\" data-element_type=\"section\">\n\t\t\t\t\t\t<div class=\"elementor-container elementor-column-gap-default\">\n\t\t\t\t\t<div class=\"elementor-column elementor-col-100 elementor-top-column elementor-element elementor-element-957be6f\" data-id=\"957be6f\" data-element_type=\"column\">\n\t\t\t<div class=\"elementor-widget-wrap elementor-element-populated\">\n\t\t\t\t\t\t<div class=\"elementor-element elementor-element-63e5d4a elementor-widget elementor-widget-accordion\" data-id=\"63e5d4a\" data-element_type=\"widget\" data-widget_type=\"accordion.default\">\n\t\t\t\t<div class=\"elementor-widget-container\">\n\t\t\t\t\t\t\t<div class=\"elementor-accordion\">\n\t\t\t\t\t\t\t<div class=\"elementor-accordion-item\">\n\t\t\t\t\t<div id=\"elementor-tab-title-1041\" class=\"elementor-tab-title\" data-tab=\"1\" role=\"button\" aria-controls=\"elementor-tab-content-1041\" aria-expanded=\"false\">\n\t\t\t\t\t\t\t\t\t\t\t\t\t<span class=\"elementor-accordion-icon elementor-accordion-icon-left\" aria-hidden=\"true\">\n\t\t\t\t\t\t\t\t\t\t\t\t\t\t\t<span class=\"elementor-accordion-icon-closed\"><i class=\"fas fa-plus\"><\/i><\/span>\n\t\t\t\t\t\t\t\t<span class=\"elementor-accordion-icon-opened\"><i class=\"fas fa-minus\"><\/i><\/span>\n\t\t\t\t\t\t\t\t\t\t\t\t\t\t<\/span>\n\t\t\t\t\t\t\t\t\t\t\t\t<a class=\"elementor-accordion-title\" tabindex=\"0\">Que s\u2019est-il pass\u00e9 le 16 avril 2026 pour l\u2019adh\u00e9sion de la Martinique \u00e0 la CARICOM ?<\/a>\n\t\t\t\t\t<\/div>\n\t\t\t\t\t<div id=\"elementor-tab-content-1041\" class=\"elementor-tab-content elementor-clearfix\" data-tab=\"1\" role=\"region\" aria-labelledby=\"elementor-tab-title-1041\"><p><span style=\"font-weight: 400;\">Le 16 avril 2026, l\u2019Assembl\u00e9e nationale a donn\u00e9 son accord \u00e0 l\u2019approbation de l\u2019accord relatif \u00e0 l\u2019adh\u00e9sion au protocole sur les privil\u00e8ges et immunit\u00e9s de la CARICOM. Apr\u00e8s le vote du S\u00e9nat en janvier, cette d\u00e9cision a achev\u00e9 la s\u00e9quence parlementaire fran\u00e7aise autour de ce dossier.<\/span><\/p><\/div>\n\t\t\t\t<\/div>\n\t\t\t\t\t\t\t<div class=\"elementor-accordion-item\">\n\t\t\t\t\t<div id=\"elementor-tab-title-1042\" class=\"elementor-tab-title\" data-tab=\"2\" role=\"button\" aria-controls=\"elementor-tab-content-1042\" aria-expanded=\"false\">\n\t\t\t\t\t\t\t\t\t\t\t\t\t<span class=\"elementor-accordion-icon elementor-accordion-icon-left\" aria-hidden=\"true\">\n\t\t\t\t\t\t\t\t\t\t\t\t\t\t\t<span class=\"elementor-accordion-icon-closed\"><i class=\"fas fa-plus\"><\/i><\/span>\n\t\t\t\t\t\t\t\t<span class=\"elementor-accordion-icon-opened\"><i class=\"fas fa-minus\"><\/i><\/span>\n\t\t\t\t\t\t\t\t\t\t\t\t\t\t<\/span>\n\t\t\t\t\t\t\t\t\t\t\t\t<a class=\"elementor-accordion-title\" tabindex=\"0\">La Martinique est-elle devenue un \u00c9tat membre de la CARICOM ?<\/a>\n\t\t\t\t\t<\/div>\n\t\t\t\t\t<div id=\"elementor-tab-content-1042\" class=\"elementor-tab-content elementor-clearfix\" data-tab=\"2\" role=\"region\" aria-labelledby=\"elementor-tab-title-1042\"><p>Non. Les textes officiels parlent d\u2019un statut de membre associ\u00e9, pas d\u2019un statut d\u2019\u00c9tat membre. Cela permet \u00e0 la Martinique de participer \u00e0 certains travaux de l\u2019organisation, mais sans \u00eatre plac\u00e9e dans la m\u00eame cat\u00e9gorie que les \u00c9tats souverains membres de la CARICOM.<\/p><\/div>\n\t\t\t\t<\/div>\n\t\t\t\t\t\t\t<div class=\"elementor-accordion-item\">\n\t\t\t\t\t<div id=\"elementor-tab-title-1043\" class=\"elementor-tab-title\" data-tab=\"3\" role=\"button\" aria-controls=\"elementor-tab-content-1043\" aria-expanded=\"false\">\n\t\t\t\t\t\t\t\t\t\t\t\t\t<span class=\"elementor-accordion-icon elementor-accordion-icon-left\" aria-hidden=\"true\">\n\t\t\t\t\t\t\t\t\t\t\t\t\t\t\t<span class=\"elementor-accordion-icon-closed\"><i class=\"fas fa-plus\"><\/i><\/span>\n\t\t\t\t\t\t\t\t<span class=\"elementor-accordion-icon-opened\"><i class=\"fas fa-minus\"><\/i><\/span>\n\t\t\t\t\t\t\t\t\t\t\t\t\t\t<\/span>\n\t\t\t\t\t\t\t\t\t\t\t\t<a class=\"elementor-accordion-title\" tabindex=\"0\">La Martinique pourra-t-elle voter dans les instances de la CARICOM ?<\/a>\n\t\t\t\t\t<\/div>\n\t\t\t\t\t<div id=\"elementor-tab-content-1043\" class=\"elementor-tab-content elementor-clearfix\" data-tab=\"3\" role=\"region\" aria-labelledby=\"elementor-tab-title-1043\"><p><span style=\"font-weight: 400;\">Les documents parlementaires indiquent que la Martinique pourra participer aux d\u00e9lib\u00e9rations de plusieurs organes et organismes subsidiaires sans droit de vote. Elle pourra aussi assister aux r\u00e9unions de la Conf\u00e9rence des chefs de gouvernement et du Conseil des ministres de la Communaut\u00e9, selon les modalit\u00e9s pr\u00e9vues par l\u2019accord.<\/span><\/p><\/div>\n\t\t\t\t<\/div>\n\t\t\t\t\t\t\t<div class=\"elementor-accordion-item\">\n\t\t\t\t\t<div id=\"elementor-tab-title-1044\" class=\"elementor-tab-title\" data-tab=\"4\" role=\"button\" aria-controls=\"elementor-tab-content-1044\" aria-expanded=\"false\">\n\t\t\t\t\t\t\t\t\t\t\t\t\t<span class=\"elementor-accordion-icon elementor-accordion-icon-left\" aria-hidden=\"true\">\n\t\t\t\t\t\t\t\t\t\t\t\t\t\t\t<span class=\"elementor-accordion-icon-closed\"><i class=\"fas fa-plus\"><\/i><\/span>\n\t\t\t\t\t\t\t\t<span class=\"elementor-accordion-icon-opened\"><i class=\"fas fa-minus\"><\/i><\/span>\n\t\t\t\t\t\t\t\t\t\t\t\t\t\t<\/span>\n\t\t\t\t\t\t\t\t\t\t\t\t<a class=\"elementor-accordion-title\" tabindex=\"0\">Qu\u2019est-ce que cette avanc\u00e9e peut changer concr\u00e8tement pour la Martinique ?<\/a>\n\t\t\t\t\t<\/div>\n\t\t\t\t\t<div id=\"elementor-tab-content-1044\" class=\"elementor-tab-content elementor-clearfix\" data-tab=\"4\" role=\"region\" aria-labelledby=\"elementor-tab-title-1044\"><p><span style=\"font-weight: 400;\">Selon le minist\u00e8re charg\u00e9 des Outre-mer, cette avanc\u00e9e doit permettre \u00e0 la Martinique de participer davantage aux travaux de l\u2019organisation et de ses agences, d\u2019acc\u00e9der \u00e0 une information plus compl\u00e8te sur les dynamiques r\u00e9gionales et de renforcer sa capacit\u00e9 \u00e0 agir dans son environnement g\u00e9ographique imm\u00e9diat. Autrement dit, l\u2019enjeu est \u00e0 la fois institutionnel, diplomatique et pratique pour les coop\u00e9rations futures.<\/span><\/p><\/div>\n\t\t\t\t<\/div>\n\t\t\t\t\t\t\t<div class=\"elementor-accordion-item\">\n\t\t\t\t\t<div id=\"elementor-tab-title-1045\" class=\"elementor-tab-title\" data-tab=\"5\" role=\"button\" aria-controls=\"elementor-tab-content-1045\" aria-expanded=\"false\">\n\t\t\t\t\t\t\t\t\t\t\t\t\t<span class=\"elementor-accordion-icon elementor-accordion-icon-left\" aria-hidden=\"true\">\n\t\t\t\t\t\t\t\t\t\t\t\t\t\t\t<span class=\"elementor-accordion-icon-closed\"><i class=\"fas fa-plus\"><\/i><\/span>\n\t\t\t\t\t\t\t\t<span class=\"elementor-accordion-icon-opened\"><i class=\"fas fa-minus\"><\/i><\/span>\n\t\t\t\t\t\t\t\t\t\t\t\t\t\t<\/span>\n\t\t\t\t\t\t\t\t\t\t\t\t<a class=\"elementor-accordion-title\" tabindex=\"0\">Quelle est la prochaine \u00e9ch\u00e9ance importante dans ce dossier ?<\/a>\n\t\t\t\t\t<\/div>\n\t\t\t\t\t<div id=\"elementor-tab-content-1045\" class=\"elementor-tab-content elementor-clearfix\" data-tab=\"5\" role=\"region\" aria-labelledby=\"elementor-tab-title-1045\"><p><span style=\"font-weight: 400;\">La prochaine grande \u00e9ch\u00e9ance r\u00e9gionale mentionn\u00e9e publiquement est la 51e r\u00e9union ordinaire de la Conf\u00e9rence des chefs de gouvernement de la CARICOM, pr\u00e9vue \u00e0 Sainte-Lucie du 5 au 8 juillet 2026. Ce rendez-vous sera particuli\u00e8rement suivi, car il s\u2019inscrit dans la continuit\u00e9 du processus engag\u00e9 autour de la Martinique. <\/span><\/p><\/div>\n\t\t\t\t<\/div>\n\t\t\t\t\t\t\t\t<\/div>\n\t\t\t\t\t\t<\/div>\n\t\t\t\t<\/div>\n\t\t\t\t\t<\/div>\n\t\t<\/div>\n\t\t\t\t\t<\/div>\n\t\t<\/section>\n\t\t\t\t<\/div>\n\t\t","protected":false},"excerpt":{"rendered":"<p>Le 28 janvier 2026, le S\u00e9nat fran\u00e7ais avait envoy\u00e9 un signal politique fort en faveur de l\u2019ancrage carib\u00e9en de la Martinique. Le 16 avril, une nouvelle \u00e9tape est venue donner une port\u00e9e bien plus concr\u00e8te \u00e0 ce mouvement : l\u2019Assembl\u00e9e nationale a approuv\u00e9 l\u2019accord relatif \u00e0 l\u2019adh\u00e9sion au protocole sur les privil\u00e8ges et immunit\u00e9s de [&hellip;]<\/p>\n","protected":false},"author":662,"featured_media":72629,"comment_status":"open","ping_status":"open","sticky":false,"template":"","format":"standard","meta":{"_acf_changed":false,"footnotes":""},"categories":[840],"tags":[808],"class_list":["post-72628","post","type-post","status-publish","format-standard","has-post-thumbnail","hentry","category-actus","tag-martinique-fr"],"acf":[],"_links":{"self":[{"href":"https:\/\/richeskarayib.com\/fr\/wp-json\/wp\/v2\/posts\/72628","targetHints":{"allow":["GET"]}}],"collection":[{"href":"https:\/\/richeskarayib.com\/fr\/wp-json\/wp\/v2\/posts"}],"about":[{"href":"https:\/\/richeskarayib.com\/fr\/wp-json\/wp\/v2\/types\/post"}],"author":[{"embeddable":true,"href":"https:\/\/richeskarayib.com\/fr\/wp-json\/wp\/v2\/users\/662"}],"replies":[{"embeddable":true,"href":"https:\/\/richeskarayib.com\/fr\/wp-json\/wp\/v2\/comments?post=72628"}],"version-history":[{"count":0,"href":"https:\/\/richeskarayib.com\/fr\/wp-json\/wp\/v2\/posts\/72628\/revisions"}],"wp:featuredmedia":[{"embeddable":true,"href":"https:\/\/richeskarayib.com\/fr\/wp-json\/wp\/v2\/media\/72629"}],"wp:attachment":[{"href":"https:\/\/richeskarayib.com\/fr\/wp-json\/wp\/v2\/media?parent=72628"}],"wp:term":[{"taxonomy":"category","embeddable":true,"href":"https:\/\/richeskarayib.com\/fr\/wp-json\/wp\/v2\/categories?post=72628"},{"taxonomy":"post_tag","embeddable":true,"href":"https:\/\/richeskarayib.com\/fr\/wp-json\/wp\/v2\/tags?post=72628"}],"curies":[{"name":"wp","href":"https:\/\/api.w.org\/{rel}","templated":true}]}}