{"id":72651,"date":"2026-04-21T12:00:50","date_gmt":"2026-04-21T16:00:50","guid":{"rendered":"https:\/\/richeskarayib.com\/?p=72651"},"modified":"2026-04-21T13:14:44","modified_gmt":"2026-04-21T17:14:44","slug":"kalina-de-guyane-histoire-et-transmission","status":"publish","type":"post","link":"https:\/\/richeskarayib.com\/fr\/kalina-de-guyane-histoire-et-transmission\/","title":{"rendered":"Kali\u2019na de Guyane : l\u2019histoire, la dignit\u00e9 et la transmission se rejoignent"},"content":{"rendered":"\t\t<div data-elementor-type=\"wp-post\" data-elementor-id=\"72651\" class=\"elementor elementor-72651\" data-elementor-post-type=\"post\">\n\t\t\t\t\t\t<section class=\"elementor-section elementor-top-section elementor-element elementor-element-7ca7ca1 elementor-section-boxed elementor-section-height-default elementor-section-height-default\" data-id=\"7ca7ca1\" data-element_type=\"section\">\n\t\t\t\t\t\t<div class=\"elementor-container elementor-column-gap-default\">\n\t\t\t\t\t<div class=\"elementor-column elementor-col-100 elementor-top-column elementor-element elementor-element-cbdd002\" data-id=\"cbdd002\" data-element_type=\"column\">\n\t\t\t<div class=\"elementor-widget-wrap elementor-element-populated\">\n\t\t\t\t\t\t<section class=\"elementor-section elementor-inner-section elementor-element elementor-element-bc94849 elementor-section-boxed elementor-section-height-default elementor-section-height-default\" data-id=\"bc94849\" data-element_type=\"section\">\n\t\t\t\t\t\t<div class=\"elementor-container elementor-column-gap-default\">\n\t\t\t\t\t\t<\/div>\n\t\t<\/section>\n\t\t\t\t<section class=\"elementor-section elementor-inner-section elementor-element elementor-element-61571e6 elementor-section-boxed elementor-section-height-default elementor-section-height-default\" data-id=\"61571e6\" data-element_type=\"section\">\n\t\t\t\t\t\t<div class=\"elementor-container elementor-column-gap-default\">\n\t\t\t\t\t\t<\/div>\n\t\t<\/section>\n\t\t\t\t<section class=\"elementor-section elementor-inner-section elementor-element elementor-element-b6262e0 elementor-section-boxed elementor-section-height-default elementor-section-height-default\" data-id=\"b6262e0\" data-element_type=\"section\">\n\t\t\t\t\t\t<div class=\"elementor-container elementor-column-gap-default\">\n\t\t\t\t\t\t<\/div>\n\t\t<\/section>\n\t\t\t\t<section class=\"elementor-section elementor-inner-section elementor-element elementor-element-cca29fd elementor-section-boxed elementor-section-height-default elementor-section-height-default\" data-id=\"cca29fd\" data-element_type=\"section\">\n\t\t\t\t\t\t<div class=\"elementor-container elementor-column-gap-default\">\n\t\t\t\t\t\t<\/div>\n\t\t<\/section>\n\t\t\t\t\t<\/div>\n\t\t<\/div>\n\t\t\t\t\t<\/div>\n\t\t<\/section>\n\t\t\t\t<section class=\"elementor-section elementor-top-section elementor-element elementor-element-ee72354 elementor-section-boxed elementor-section-height-default elementor-section-height-default\" data-id=\"ee72354\" data-element_type=\"section\">\n\t\t\t\t\t\t<div class=\"elementor-container elementor-column-gap-default\">\n\t\t\t\t\t<div class=\"elementor-column elementor-col-100 elementor-top-column elementor-element elementor-element-c59d6fe\" data-id=\"c59d6fe\" data-element_type=\"column\">\n\t\t\t<div class=\"elementor-widget-wrap elementor-element-populated\">\n\t\t\t\t\t\t<div class=\"elementor-element elementor-element-661ebea elementor-widget elementor-widget-text-editor\" data-id=\"661ebea\" data-element_type=\"widget\" data-widget_type=\"text-editor.default\">\n\t\t\t\t<div class=\"elementor-widget-container\">\n\t\t\t\t\t\t\t\t\t<p><span style=\"font-weight: 400;\">Les Kali\u2019na de Guyane traversent l\u2019histoire du littoral guyanais depuis bien avant les r\u00e9cits coloniaux, mais il a trop souvent \u00e9t\u00e9 rel\u00e9gu\u00e9 \u00e0 la marge des grands discours sur le territoire. Pourtant, chez les Kali\u2019na, l\u2019histoire ne vit pas seulement dans les livres : elle se prolonge dans une langue encore parl\u00e9e, dans des villages o\u00f9 la m\u00e9moire reste ancr\u00e9e, dans des pratiques culturelles toujours pr\u00e9sentes, et dans une relation au territoire qui n\u2019a jamais cess\u00e9 de structurer la vie collective.\u00a0<\/span><\/p>\t\t\t\t\t\t\t\t<\/div>\n\t\t\t\t<\/div>\n\t\t\t\t<div class=\"elementor-element elementor-element-a38b369 elementor-widget elementor-widget-text-editor\" data-id=\"a38b369\" data-element_type=\"widget\" data-widget_type=\"text-editor.default\">\n\t\t\t\t<div class=\"elementor-widget-container\">\n\t\t\t\t\t\t\t\t\t<p><span style=\"font-weight: 400;\">\u00a0Si leur nom revient aujourd\u2019hui avec force dans l\u2019actualit\u00e9, c\u2019est parce qu\u2019un vieux drame colonial ressurgit au c\u0153ur du d\u00e9bat public. Comprendre ce moment impose de regarder plus loin qu\u2019une s\u00e9quence parlementaire : il faut revenir \u00e0 un peuple vivant, \u00e0 une m\u00e9moire bless\u00e9e, et \u00e0 une transmission qui, malgr\u00e9 les ruptures de l\u2019histoire, n\u2019a jamais disparu.<\/span><\/p>\t\t\t\t\t\t\t\t<\/div>\n\t\t\t\t<\/div>\n\t\t\t\t\t<\/div>\n\t\t<\/div>\n\t\t\t\t\t<\/div>\n\t\t<\/section>\n\t\t\t\t<section class=\"elementor-section elementor-top-section elementor-element elementor-element-82cd8f9 elementor-section-boxed elementor-section-height-default elementor-section-height-default\" data-id=\"82cd8f9\" data-element_type=\"section\">\n\t\t\t\t\t\t<div class=\"elementor-container elementor-column-gap-default\">\n\t\t\t\t\t<div class=\"elementor-column elementor-col-100 elementor-top-column elementor-element elementor-element-0bfdc38\" data-id=\"0bfdc38\" data-element_type=\"column\">\n\t\t\t<div class=\"elementor-widget-wrap elementor-element-populated\">\n\t\t\t\t\t\t<div class=\"elementor-element elementor-element-7d292fe elementor-widget elementor-widget-heading\" data-id=\"7d292fe\" data-element_type=\"widget\" data-widget_type=\"heading.default\">\n\t\t\t\t<div class=\"elementor-widget-container\">\n\t\t\t\t\t<h2 class=\"elementor-heading-title elementor-size-default\">Qui sont les Kali\u2019na de Guyane ?<\/h2>\t\t\t\t<\/div>\n\t\t\t\t<\/div>\n\t\t\t\t<section class=\"elementor-section elementor-inner-section elementor-element elementor-element-da8459c elementor-section-boxed elementor-section-height-default elementor-section-height-default\" data-id=\"da8459c\" data-element_type=\"section\">\n\t\t\t\t\t\t<div class=\"elementor-container elementor-column-gap-default\">\n\t\t\t\t\t<div class=\"elementor-column elementor-col-100 elementor-inner-column elementor-element elementor-element-45b856b\" data-id=\"45b856b\" data-element_type=\"column\">\n\t\t\t<div class=\"elementor-widget-wrap elementor-element-populated\">\n\t\t\t\t\t\t<div class=\"elementor-element elementor-element-289b094 elementor-widget elementor-widget-text-editor\" data-id=\"289b094\" data-element_type=\"widget\" data-widget_type=\"text-editor.default\">\n\t\t\t\t<div class=\"elementor-widget-container\">\n\t\t\t\t\t\t\t\t\t<p><span style=\"font-weight: 400;\">Les Kali\u2019na de Guyane font partie des six peuples am\u00e9rindiens pr\u00e9sents sur le territoire guyanais. Leur implantation historique se concentre surtout sur la fa\u00e7ade c\u00f4ti\u00e8re et dans l\u2019ouest de la Guyane, notamment autour d\u2019Awala-Yalimapo, de Mana, de Saint-Laurent-du-Maroni et d\u2019Iracoubo, avec une pr\u00e9sence \u00e9galement signal\u00e9e vers Cayenne et Kourou. Leur langue, le kali\u2019na, appartient \u00e0 la famille caribe. Elle pr\u00e9sente une singularit\u00e9 remarquable : c\u2019est la seule des langues am\u00e9rindiennes de Guyane \u00e0 \u00eatre parl\u00e9e sur cinq territoires: le Venezuela, le Guyana, le Suriname, la Guyane et le Br\u00e9sil. Le mot m\u00eame de \u00ab Kali\u2019na \u00bb renvoie \u00e0 une autod\u00e9signation forte, puisqu\u2019il signifie \u00ab homme, \u00eatre humain \u00bb.<\/span><\/p>\t\t\t\t\t\t\t\t<\/div>\n\t\t\t\t<\/div>\n\t\t\t\t<div class=\"elementor-element elementor-element-a560142 elementor-widget elementor-widget-text-editor\" data-id=\"a560142\" data-element_type=\"widget\" data-widget_type=\"text-editor.default\">\n\t\t\t\t<div class=\"elementor-widget-container\">\n\t\t\t\t\t\t\t\t\t<p><span style=\"font-weight: 400;\">Cette r\u00e9alit\u00e9 suffit d\u00e9j\u00e0 \u00e0 d\u00e9placer le regard. Les Kali\u2019na de Guyane ne rel\u00e8vent ni d\u2019un d\u00e9cor patrimonial ni d\u2019une survivance fig\u00e9e. Ils appartiennent pleinement au pr\u00e9sent du territoire. Leur histoire est celle d\u2019un peuple dont l\u2019ancrage c\u00f4tier est ancien, dont les liens r\u00e9gionaux d\u00e9passent les fronti\u00e8res actuelles, et qui a d\u00fb, d\u00e8s le XVIe si\u00e8cle, composer avec l\u2019arriv\u00e9e des puissances europ\u00e9ennes tout en pr\u00e9servant ses propres logiques d\u2019alliance, de circulation et de transmission.<\/span><\/p>\t\t\t\t\t\t\t\t<\/div>\n\t\t\t\t<\/div>\n\t\t\t\t\t<\/div>\n\t\t<\/div>\n\t\t\t\t\t<\/div>\n\t\t<\/section>\n\t\t\t\t<section class=\"elementor-section elementor-inner-section elementor-element elementor-element-b75c450 elementor-section-boxed elementor-section-height-default elementor-section-height-default\" data-id=\"b75c450\" data-element_type=\"section\">\n\t\t\t\t\t\t<div class=\"elementor-container elementor-column-gap-default\">\n\t\t\t\t\t<div class=\"elementor-column elementor-col-100 elementor-inner-column elementor-element elementor-element-e60a87b\" data-id=\"e60a87b\" data-element_type=\"column\">\n\t\t\t<div class=\"elementor-widget-wrap elementor-element-populated\">\n\t\t\t\t\t\t<div class=\"elementor-element elementor-element-101b7f8 elementor-widget elementor-widget-image\" data-id=\"101b7f8\" data-element_type=\"widget\" data-widget_type=\"image.default\">\n\t\t\t\t<div class=\"elementor-widget-container\">\n\t\t\t\t\t\t\t\t\t\t\t\t\t\t\t<img fetchpriority=\"high\" decoding=\"async\" width=\"800\" height=\"575\" src=\"https:\/\/richeskarayib.com\/wp-content\/uploads\/2026\/04\/1c8a53a0-8b0f-4edc-9560-86ac61bc034e-1024x736.png\" class=\"attachment-large size-large wp-image-72668\" alt=\"Kali\u2019na\" srcset=\"https:\/\/richeskarayib.com\/wp-content\/uploads\/2026\/04\/1c8a53a0-8b0f-4edc-9560-86ac61bc034e-1024x736.png 1024w, https:\/\/richeskarayib.com\/wp-content\/uploads\/2026\/04\/1c8a53a0-8b0f-4edc-9560-86ac61bc034e-300x216.png 300w, https:\/\/richeskarayib.com\/wp-content\/uploads\/2026\/04\/1c8a53a0-8b0f-4edc-9560-86ac61bc034e-768x552.png 768w, https:\/\/richeskarayib.com\/wp-content\/uploads\/2026\/04\/1c8a53a0-8b0f-4edc-9560-86ac61bc034e-1320x949.png 1320w, https:\/\/richeskarayib.com\/wp-content\/uploads\/2026\/04\/1c8a53a0-8b0f-4edc-9560-86ac61bc034e.png 1479w\" sizes=\"(max-width: 800px) 100vw, 800px\" \/>\t\t\t\t\t\t\t\t\t\t\t\t\t\t\t<\/div>\n\t\t\t\t<\/div>\n\t\t\t\t\t<\/div>\n\t\t<\/div>\n\t\t\t\t\t<\/div>\n\t\t<\/section>\n\t\t\t\t<section class=\"elementor-section elementor-inner-section elementor-element elementor-element-c582330 elementor-section-boxed elementor-section-height-default elementor-section-height-default\" data-id=\"c582330\" data-element_type=\"section\">\n\t\t\t\t\t\t<div class=\"elementor-container elementor-column-gap-default\">\n\t\t\t\t\t\t<\/div>\n\t\t<\/section>\n\t\t\t\t<section class=\"elementor-section elementor-inner-section elementor-element elementor-element-296603a elementor-section-boxed elementor-section-height-default elementor-section-height-default\" data-id=\"296603a\" data-element_type=\"section\">\n\t\t\t\t\t\t<div class=\"elementor-container elementor-column-gap-default\">\n\t\t\t\t\t\t<\/div>\n\t\t<\/section>\n\t\t\t\t\t<\/div>\n\t\t<\/div>\n\t\t\t\t\t<\/div>\n\t\t<\/section>\n\t\t\t\t<section class=\"elementor-section elementor-top-section elementor-element elementor-element-9c88a89 elementor-section-boxed elementor-section-height-default elementor-section-height-default\" data-id=\"9c88a89\" data-element_type=\"section\">\n\t\t\t\t\t\t<div class=\"elementor-container elementor-column-gap-default\">\n\t\t\t\t\t<div class=\"elementor-column elementor-col-100 elementor-top-column elementor-element elementor-element-78cf5d1\" data-id=\"78cf5d1\" data-element_type=\"column\">\n\t\t\t<div class=\"elementor-widget-wrap elementor-element-populated\">\n\t\t\t\t\t\t<div class=\"elementor-element elementor-element-ea2a5c1 elementor-widget elementor-widget-heading\" data-id=\"ea2a5c1\" data-element_type=\"widget\" data-widget_type=\"heading.default\">\n\t\t\t\t<div class=\"elementor-widget-container\">\n\t\t\t\t\t<h2 class=\"elementor-heading-title elementor-size-default\">Pourquoi la m\u00e9moire des Kali\u2019na compte aujourd\u2019hui ?<\/h2>\t\t\t\t<\/div>\n\t\t\t\t<\/div>\n\t\t\t\t<div class=\"elementor-element elementor-element-e305eee elementor-widget elementor-widget-text-editor\" data-id=\"e305eee\" data-element_type=\"widget\" data-widget_type=\"text-editor.default\">\n\t\t\t\t<div class=\"elementor-widget-container\">\n\t\t\t\t\t\t\t\t\t<p><span style=\"font-weight: 400;\">La m\u00e9moire<a href=\"https:\/\/fr.wikipedia.org\/wiki\/Kali%27na\" target=\"_blank\" rel=\"noopener nofollow\"> kali\u2019na<\/a> compte aujourd\u2019hui parce qu\u2019elle touche \u00e0 la fa\u00e7on dont la Guyane regarde ses fondations humaines. Longtemps, les peuples autochtones ont \u00e9t\u00e9 \u00e9voqu\u00e9s de mani\u00e8re secondaire dans les r\u00e9cits institutionnels, comme s\u2019ils appartenaient d\u2019abord au pass\u00e9. Or, la culture kali\u2019na se transmet encore dans la langue, dans les r\u00e9cits, dans les r\u00e9f\u00e9rences familiales et dans des supports \u00e9ducatifs bilingues qui montrent que cette pr\u00e9sence reste active. En 2024 encore, des ressources p\u00e9dagogiques en kali\u2019na et en fran\u00e7ais ont \u00e9t\u00e9 publi\u00e9es autour d\u2019histoires ancr\u00e9es dans la vie quotidienne d\u2019Awala-Yalimapo, signe que la transmission ne rel\u00e8ve pas seulement de la m\u00e9moire, mais aussi du pr\u00e9sent.<\/span><\/p>\t\t\t\t\t\t\t\t<\/div>\n\t\t\t\t<\/div>\n\t\t\t\t<div class=\"elementor-element elementor-element-a4f4746 elementor-widget elementor-widget-text-editor\" data-id=\"a4f4746\" data-element_type=\"widget\" data-widget_type=\"text-editor.default\">\n\t\t\t\t<div class=\"elementor-widget-container\">\n\t\t\t\t\t\t\t\t\t<p><span style=\"font-weight: 400;\">C\u2019est ce qui donne au d\u00e9bat actuel une port\u00e9e si profonde. Lorsqu\u2019un peuple continue de faire vivre sa langue et ses rep\u00e8res culturels, la question des anc\u00eatres ne peut pas \u00eatre r\u00e9duite \u00e0 un dossier administratif. Elle touche \u00e0 la continuit\u00e9 d\u2019une communaut\u00e9, \u00e0 la dignit\u00e9 de ses morts et \u00e0 la place accord\u00e9e \u00e0 son histoire dans l\u2019espace public.<\/span><\/p>\t\t\t\t\t\t\t\t<\/div>\n\t\t\t\t<\/div>\n\t\t\t\t<section class=\"elementor-section elementor-inner-section elementor-element elementor-element-a6d1ee8 elementor-section-boxed elementor-section-height-default elementor-section-height-default\" data-id=\"a6d1ee8\" data-element_type=\"section\">\n\t\t\t\t\t\t<div class=\"elementor-container elementor-column-gap-default\">\n\t\t\t\t\t<div class=\"elementor-column elementor-col-50 elementor-inner-column elementor-element elementor-element-71805e8\" data-id=\"71805e8\" data-element_type=\"column\">\n\t\t\t<div class=\"elementor-widget-wrap elementor-element-populated\">\n\t\t\t\t\t\t<div class=\"elementor-element elementor-element-66e14fb elementor-widget elementor-widget-image\" data-id=\"66e14fb\" data-element_type=\"widget\" data-widget_type=\"image.default\">\n\t\t\t\t<div class=\"elementor-widget-container\">\n\t\t\t\t\t\t\t\t\t\t\t\t\t\t\t<img decoding=\"async\" width=\"800\" height=\"534\" src=\"https:\/\/richeskarayib.com\/wp-content\/uploads\/2026\/04\/\u00a9Collectivite-Territoriale-de-Guyane.jpg\" class=\"attachment-large size-large wp-image-72676\" alt=\"Kali\u2019na\" srcset=\"https:\/\/richeskarayib.com\/wp-content\/uploads\/2026\/04\/\u00a9Collectivite-Territoriale-de-Guyane.jpg 1024w, https:\/\/richeskarayib.com\/wp-content\/uploads\/2026\/04\/\u00a9Collectivite-Territoriale-de-Guyane-300x200.jpg 300w, https:\/\/richeskarayib.com\/wp-content\/uploads\/2026\/04\/\u00a9Collectivite-Territoriale-de-Guyane-768x512.jpg 768w\" sizes=\"(max-width: 800px) 100vw, 800px\" \/>\t\t\t\t\t\t\t\t\t\t\t\t\t\t\t<\/div>\n\t\t\t\t<\/div>\n\t\t\t\t\t<\/div>\n\t\t<\/div>\n\t\t\t\t<div class=\"elementor-column elementor-col-50 elementor-inner-column elementor-element elementor-element-57d36ad\" data-id=\"57d36ad\" data-element_type=\"column\">\n\t\t\t<div class=\"elementor-widget-wrap elementor-element-populated\">\n\t\t\t\t\t\t<div class=\"elementor-element elementor-element-6166424 elementor-widget elementor-widget-image\" data-id=\"6166424\" data-element_type=\"widget\" data-widget_type=\"image.default\">\n\t\t\t\t<div class=\"elementor-widget-container\">\n\t\t\t\t\t\t\t\t\t\t\t\t<figure class=\"wp-caption\">\n\t\t\t\t\t\t\t\t\t\t<img decoding=\"async\" width=\"800\" height=\"602\" src=\"https:\/\/richeskarayib.com\/wp-content\/uploads\/2026\/04\/stock-photo-tree-on-the-beach-at-awala-yalimapo-2326011195-1024x770.jpeg\" class=\"attachment-large size-large wp-image-72680\" alt=\"Kali\u2019na\" srcset=\"https:\/\/richeskarayib.com\/wp-content\/uploads\/2026\/04\/stock-photo-tree-on-the-beach-at-awala-yalimapo-2326011195-1024x770.jpeg 1024w, https:\/\/richeskarayib.com\/wp-content\/uploads\/2026\/04\/stock-photo-tree-on-the-beach-at-awala-yalimapo-2326011195-300x226.jpeg 300w, https:\/\/richeskarayib.com\/wp-content\/uploads\/2026\/04\/stock-photo-tree-on-the-beach-at-awala-yalimapo-2326011195-768x578.jpeg 768w, https:\/\/richeskarayib.com\/wp-content\/uploads\/2026\/04\/stock-photo-tree-on-the-beach-at-awala-yalimapo-2326011195.jpeg 1280w\" sizes=\"(max-width: 800px) 100vw, 800px\" \/>\t\t\t\t\t\t\t\t\t\t\t<figcaption class=\"widget-image-caption wp-caption-text\">Awala-Yalimapo<\/figcaption>\n\t\t\t\t\t\t\t\t\t\t<\/figure>\n\t\t\t\t\t\t\t\t\t<\/div>\n\t\t\t\t<\/div>\n\t\t\t\t\t<\/div>\n\t\t<\/div>\n\t\t\t\t\t<\/div>\n\t\t<\/section>\n\t\t\t\t<section class=\"elementor-section elementor-inner-section elementor-element elementor-element-24c1990 elementor-section-boxed elementor-section-height-default elementor-section-height-default\" data-id=\"24c1990\" data-element_type=\"section\">\n\t\t\t\t\t\t<div class=\"elementor-container elementor-column-gap-default\">\n\t\t\t\t\t<div class=\"elementor-column elementor-col-50 elementor-inner-column elementor-element elementor-element-2551bc1\" data-id=\"2551bc1\" data-element_type=\"column\">\n\t\t\t<div class=\"elementor-widget-wrap elementor-element-populated\">\n\t\t\t\t\t\t<div class=\"elementor-element elementor-element-dae5214 elementor-widget elementor-widget-image\" data-id=\"dae5214\" data-element_type=\"widget\" data-widget_type=\"image.default\">\n\t\t\t\t<div class=\"elementor-widget-container\">\n\t\t\t\t\t\t\t\t\t\t\t\t<figure class=\"wp-caption\">\n\t\t\t\t\t\t\t\t\t\t<img loading=\"lazy\" decoding=\"async\" width=\"800\" height=\"450\" src=\"https:\/\/richeskarayib.com\/wp-content\/uploads\/2026\/04\/stock-photo-aerial-view-of-awala-yalimapo-with-dramatic-sky-and-lush-palms-2390239861-1024x576.jpeg\" class=\"attachment-large size-large wp-image-72684\" alt=\"Kali\u2019na\" srcset=\"https:\/\/richeskarayib.com\/wp-content\/uploads\/2026\/04\/stock-photo-aerial-view-of-awala-yalimapo-with-dramatic-sky-and-lush-palms-2390239861-1024x576.jpeg 1024w, https:\/\/richeskarayib.com\/wp-content\/uploads\/2026\/04\/stock-photo-aerial-view-of-awala-yalimapo-with-dramatic-sky-and-lush-palms-2390239861-300x169.jpeg 300w, https:\/\/richeskarayib.com\/wp-content\/uploads\/2026\/04\/stock-photo-aerial-view-of-awala-yalimapo-with-dramatic-sky-and-lush-palms-2390239861-768x432.jpeg 768w, https:\/\/richeskarayib.com\/wp-content\/uploads\/2026\/04\/stock-photo-aerial-view-of-awala-yalimapo-with-dramatic-sky-and-lush-palms-2390239861.jpeg 1280w\" sizes=\"(max-width: 800px) 100vw, 800px\" \/>\t\t\t\t\t\t\t\t\t\t\t<figcaption class=\"widget-image-caption wp-caption-text\">Awala-Yalimapo<\/figcaption>\n\t\t\t\t\t\t\t\t\t\t<\/figure>\n\t\t\t\t\t\t\t\t\t<\/div>\n\t\t\t\t<\/div>\n\t\t\t\t\t<\/div>\n\t\t<\/div>\n\t\t\t\t<div class=\"elementor-column elementor-col-50 elementor-inner-column elementor-element elementor-element-4013998\" data-id=\"4013998\" data-element_type=\"column\">\n\t\t\t<div class=\"elementor-widget-wrap elementor-element-populated\">\n\t\t\t\t\t\t<div class=\"elementor-element elementor-element-099faa2 elementor-widget elementor-widget-image\" data-id=\"099faa2\" data-element_type=\"widget\" data-widget_type=\"image.default\">\n\t\t\t\t<div class=\"elementor-widget-container\">\n\t\t\t\t\t\t\t\t\t\t\t\t<figure class=\"wp-caption\">\n\t\t\t\t\t\t\t\t\t\t<img loading=\"lazy\" decoding=\"async\" width=\"800\" height=\"452\" src=\"https:\/\/richeskarayib.com\/wp-content\/uploads\/2026\/04\/stock-photo-the-tranquil-waters-edge-at-awala-yalimapo-under-a-stormy-sky-2390208301-1024x579.jpeg\" class=\"attachment-large size-large wp-image-72688\" alt=\"Kali\u2019na\" srcset=\"https:\/\/richeskarayib.com\/wp-content\/uploads\/2026\/04\/stock-photo-the-tranquil-waters-edge-at-awala-yalimapo-under-a-stormy-sky-2390208301-1024x579.jpeg 1024w, https:\/\/richeskarayib.com\/wp-content\/uploads\/2026\/04\/stock-photo-the-tranquil-waters-edge-at-awala-yalimapo-under-a-stormy-sky-2390208301-300x170.jpeg 300w, https:\/\/richeskarayib.com\/wp-content\/uploads\/2026\/04\/stock-photo-the-tranquil-waters-edge-at-awala-yalimapo-under-a-stormy-sky-2390208301-768x434.jpeg 768w, https:\/\/richeskarayib.com\/wp-content\/uploads\/2026\/04\/stock-photo-the-tranquil-waters-edge-at-awala-yalimapo-under-a-stormy-sky-2390208301.jpeg 1280w\" sizes=\"(max-width: 800px) 100vw, 800px\" \/>\t\t\t\t\t\t\t\t\t\t\t<figcaption class=\"widget-image-caption wp-caption-text\">Awala-Yalimapo<\/figcaption>\n\t\t\t\t\t\t\t\t\t\t<\/figure>\n\t\t\t\t\t\t\t\t\t<\/div>\n\t\t\t\t<\/div>\n\t\t\t\t\t<\/div>\n\t\t<\/div>\n\t\t\t\t\t<\/div>\n\t\t<\/section>\n\t\t\t\t\t<\/div>\n\t\t<\/div>\n\t\t\t\t\t<\/div>\n\t\t<\/section>\n\t\t\t\t<section class=\"elementor-section elementor-top-section elementor-element elementor-element-4a0e8e4 elementor-section-boxed elementor-section-height-default elementor-section-height-default\" data-id=\"4a0e8e4\" data-element_type=\"section\">\n\t\t\t\t\t\t<div class=\"elementor-container elementor-column-gap-default\">\n\t\t\t\t\t<div class=\"elementor-column elementor-col-100 elementor-top-column elementor-element elementor-element-f16bdfb\" data-id=\"f16bdfb\" data-element_type=\"column\">\n\t\t\t<div class=\"elementor-widget-wrap elementor-element-populated\">\n\t\t\t\t\t\t<div class=\"elementor-element elementor-element-33604cf elementor-widget elementor-widget-heading\" data-id=\"33604cf\" data-element_type=\"widget\" data-widget_type=\"heading.default\">\n\t\t\t\t<div class=\"elementor-widget-container\">\n\t\t\t\t\t<h2 class=\"elementor-heading-title elementor-size-default\">Que s\u2019est-il pass\u00e9 en 1882 et 1892 ?<\/h2>\t\t\t\t<\/div>\n\t\t\t\t<\/div>\n\t\t\t\t<div class=\"elementor-element elementor-element-06205d8 elementor-widget elementor-widget-text-editor\" data-id=\"06205d8\" data-element_type=\"widget\" data-widget_type=\"text-editor.default\">\n\t\t\t\t<div class=\"elementor-widget-container\">\n\t\t\t\t\t\t\t\t\t<p><span style=\"font-weight: 400;\">L\u2019un des \u00e9pisodes les plus violents de cette histoire remonte \u00e0 la fin du XIXe si\u00e8cle. En 1882 puis en 1892, des Kali\u2019na et des Arawak de Guyane furent exhib\u00e9s \u00e0 Paris dans le cadre d\u2019exhibitions ethnographiques aujourd\u2019hui reconnues comme relevant de l\u2019histoire des \u00ab zoos humains\u00bb. Ce ne sont pas de simples dates dans une chronologie coloniale : elles renvoient \u00e0 des hommes, des femmes et des enfants d\u00e9plac\u00e9s, expos\u00e9s au regard du public et d\u00e9pouill\u00e9s de leur humanit\u00e9 au nom d\u2019une pr\u00e9tendue curiosit\u00e9 scientifique ou exotique<\/span><\/p>\t\t\t\t\t\t\t\t<\/div>\n\t\t\t\t<\/div>\n\t\t\t\t<div class=\"elementor-element elementor-element-002ee14 elementor-widget elementor-widget-text-editor\" data-id=\"002ee14\" data-element_type=\"widget\" data-widget_type=\"text-editor.default\">\n\t\t\t\t<div class=\"elementor-widget-container\">\n\t\t\t\t\t\t\t\t\t<p><span style=\"font-weight: 400;\">Cette m\u00e9moire n\u2019est pas rest\u00e9e th\u00e9orique. Dans l\u2019expos\u00e9 des motifs de la proposition de loi aujourd\u2019hui discut\u00e9e, il est rappel\u00e9 qu\u2019une demande a \u00e9t\u00e9 port\u00e9e par l\u2019association Moliko Alet+Po pour obtenir le retour en Guyane de restes humains de Kali\u2019nas morts en m\u00e9tropole alors qu\u2019ils \u00e9taient exhib\u00e9s. Le texte pr\u00e9cise que six squelettes et deux moulages sont concern\u00e9s, conserv\u00e9s au mus\u00e9e de l\u2019Homme. Cette pr\u00e9cision donne \u00e0 l\u2019affaire une force particuli\u00e8re : l\u2019histoire coloniale n\u2019est pas seulement racont\u00e9e, elle est encore mat\u00e9riellement pr\u00e9sente dans les collections publiques.<\/span><\/p>\t\t\t\t\t\t\t\t<\/div>\n\t\t\t\t<\/div>\n\t\t\t\t\t<\/div>\n\t\t<\/div>\n\t\t\t\t\t<\/div>\n\t\t<\/section>\n\t\t\t\t<section class=\"elementor-section elementor-top-section elementor-element elementor-element-73744de elementor-section-boxed elementor-section-height-default elementor-section-height-default\" data-id=\"73744de\" data-element_type=\"section\">\n\t\t\t\t\t\t<div class=\"elementor-container elementor-column-gap-default\">\n\t\t\t\t\t<div class=\"elementor-column elementor-col-100 elementor-top-column elementor-element elementor-element-8f238ec\" data-id=\"8f238ec\" data-element_type=\"column\">\n\t\t\t<div class=\"elementor-widget-wrap elementor-element-populated\">\n\t\t\t\t\t\t<div class=\"elementor-element elementor-element-1a869a1 elementor-widget elementor-widget-heading\" data-id=\"1a869a1\" data-element_type=\"widget\" data-widget_type=\"heading.default\">\n\t\t\t\t<div class=\"elementor-widget-container\">\n\t\t\t\t\t<h2 class=\"elementor-heading-title elementor-size-default\">Pourquoi Iracoubo est devenu un lieu fort de cette m\u00e9moire ?<\/h2>\t\t\t\t<\/div>\n\t\t\t\t<\/div>\n\t\t\t\t<div class=\"elementor-element elementor-element-ed5c50c elementor-widget elementor-widget-text-editor\" data-id=\"ed5c50c\" data-element_type=\"widget\" data-widget_type=\"text-editor.default\">\n\t\t\t\t<div class=\"elementor-widget-container\">\n\t\t\t\t\t\t\t\t\t<p><span style=\"font-weight: 400;\">Iracoubo s\u2019est impos\u00e9 comme un lieu majeur de cette m\u00e9moire depuis l\u2019inauguration, le 11 ao\u00fbt 2024, de deux statues en hommage \u00e0 pi\u2019pi Ahieramo, pi\u2019pi Molko et aux 47 Kali\u2019na et Arawak exhib\u00e9s en 1882 et 1892 au Jardin zoologique d\u2019acclimatation \u00e0 Paris. Ce m\u00e9morial n\u2019a pas seulement une fonction symbolique. Il inscrit dans le paysage guyanais une histoire longtemps tue ou rel\u00e9gu\u00e9e, et il redonne aux descendants un espace de recueillement, de parole et de transmission.<\/span><\/p>\t\t\t\t\t\t\t\t<\/div>\n\t\t\t\t<\/div>\n\t\t\t\t<div class=\"elementor-element elementor-element-ca3a92a elementor-widget elementor-widget-text-editor\" data-id=\"ca3a92a\" data-element_type=\"widget\" data-widget_type=\"text-editor.default\">\n\t\t\t\t<div class=\"elementor-widget-container\">\n\t\t\t\t\t\t\t\t\t<p><span style=\"font-weight: 400;\">Iracoubo devient ainsi bien plus qu\u2019un point de m\u00e9moire. Le lieu relie les g\u00e9n\u00e9rations, replace l\u2019histoire au plus pr\u00e8s du territoire et rappelle que la reconnaissance passe aussi par des gestes concrets : nommer, comm\u00e9morer, transmettre, rendre visible. Dans un territoire o\u00f9 les blessures coloniales ont souvent \u00e9t\u00e9 racont\u00e9es depuis l\u2019ext\u00e9rieur, cette r\u00e9appropriation a une port\u00e9e consid\u00e9rable.<\/span><\/p>\t\t\t\t\t\t\t\t<\/div>\n\t\t\t\t<\/div>\n\t\t\t\t<section class=\"elementor-section elementor-inner-section elementor-element elementor-element-1279dee elementor-section-boxed elementor-section-height-default elementor-section-height-default\" data-id=\"1279dee\" data-element_type=\"section\">\n\t\t\t\t\t\t<div class=\"elementor-container elementor-column-gap-default\">\n\t\t\t\t\t<div class=\"elementor-column elementor-col-50 elementor-inner-column elementor-element elementor-element-902851b\" data-id=\"902851b\" data-element_type=\"column\">\n\t\t\t<div class=\"elementor-widget-wrap elementor-element-populated\">\n\t\t\t\t\t\t<div class=\"elementor-element elementor-element-5828cee elementor-widget elementor-widget-image\" data-id=\"5828cee\" data-element_type=\"widget\" data-widget_type=\"image.default\">\n\t\t\t\t<div class=\"elementor-widget-container\">\n\t\t\t\t\t\t\t\t\t\t\t\t<figure class=\"wp-caption\">\n\t\t\t\t\t\t\t\t\t\t<img loading=\"lazy\" decoding=\"async\" width=\"591\" height=\"890\" src=\"https:\/\/richeskarayib.com\/wp-content\/uploads\/2026\/04\/\u00a9Collectivite-Territoriale-de-Guyane-5.jpg\" class=\"attachment-large size-large wp-image-72656\" alt=\"Kali\u2019na\" srcset=\"https:\/\/richeskarayib.com\/wp-content\/uploads\/2026\/04\/\u00a9Collectivite-Territoriale-de-Guyane-5.jpg 591w, https:\/\/richeskarayib.com\/wp-content\/uploads\/2026\/04\/\u00a9Collectivite-Territoriale-de-Guyane-5-199x300.jpg 199w\" sizes=\"(max-width: 591px) 100vw, 591px\" \/>\t\t\t\t\t\t\t\t\t\t\t<figcaption class=\"widget-image-caption wp-caption-text\">\u00a9Collectivit\u00e9 Territoriale de Guyane<\/figcaption>\n\t\t\t\t\t\t\t\t\t\t<\/figure>\n\t\t\t\t\t\t\t\t\t<\/div>\n\t\t\t\t<\/div>\n\t\t\t\t\t<\/div>\n\t\t<\/div>\n\t\t\t\t<div class=\"elementor-column elementor-col-50 elementor-inner-column elementor-element elementor-element-bf526f4\" data-id=\"bf526f4\" data-element_type=\"column\">\n\t\t\t<div class=\"elementor-widget-wrap elementor-element-populated\">\n\t\t\t\t\t\t<div class=\"elementor-element elementor-element-db2f194 elementor-widget elementor-widget-image\" data-id=\"db2f194\" data-element_type=\"widget\" data-widget_type=\"image.default\">\n\t\t\t\t<div class=\"elementor-widget-container\">\n\t\t\t\t\t\t\t\t\t\t\t\t<figure class=\"wp-caption\">\n\t\t\t\t\t\t\t\t\t\t<img loading=\"lazy\" decoding=\"async\" width=\"800\" height=\"534\" src=\"https:\/\/richeskarayib.com\/wp-content\/uploads\/2026\/04\/\u00a9Collectivite-Territoriale-de-Guyane-6.jpg\" class=\"attachment-large size-large wp-image-72660\" alt=\"Kali\u2019na\" srcset=\"https:\/\/richeskarayib.com\/wp-content\/uploads\/2026\/04\/\u00a9Collectivite-Territoriale-de-Guyane-6.jpg 1024w, https:\/\/richeskarayib.com\/wp-content\/uploads\/2026\/04\/\u00a9Collectivite-Territoriale-de-Guyane-6-300x200.jpg 300w, https:\/\/richeskarayib.com\/wp-content\/uploads\/2026\/04\/\u00a9Collectivite-Territoriale-de-Guyane-6-768x512.jpg 768w\" sizes=\"(max-width: 800px) 100vw, 800px\" \/>\t\t\t\t\t\t\t\t\t\t\t<figcaption class=\"widget-image-caption wp-caption-text\">\u00a9Collectivit\u00e9 Territoriale de Guyane<\/figcaption>\n\t\t\t\t\t\t\t\t\t\t<\/figure>\n\t\t\t\t\t\t\t\t\t<\/div>\n\t\t\t\t<\/div>\n\t\t\t\t<div class=\"elementor-element elementor-element-c67661d elementor-widget elementor-widget-image\" data-id=\"c67661d\" data-element_type=\"widget\" data-widget_type=\"image.default\">\n\t\t\t\t<div class=\"elementor-widget-container\">\n\t\t\t\t\t\t\t\t\t\t\t\t<figure class=\"wp-caption\">\n\t\t\t\t\t\t\t\t\t\t<img loading=\"lazy\" decoding=\"async\" width=\"800\" height=\"531\" src=\"https:\/\/richeskarayib.com\/wp-content\/uploads\/2026\/04\/\u00a9Collectivite-Territoriale-de-Guyane-4.jpg\" class=\"attachment-large size-large wp-image-72664\" alt=\"Kali\u2019na\" srcset=\"https:\/\/richeskarayib.com\/wp-content\/uploads\/2026\/04\/\u00a9Collectivite-Territoriale-de-Guyane-4.jpg 1024w, https:\/\/richeskarayib.com\/wp-content\/uploads\/2026\/04\/\u00a9Collectivite-Territoriale-de-Guyane-4-300x199.jpg 300w, https:\/\/richeskarayib.com\/wp-content\/uploads\/2026\/04\/\u00a9Collectivite-Territoriale-de-Guyane-4-768x510.jpg 768w\" sizes=\"(max-width: 800px) 100vw, 800px\" \/>\t\t\t\t\t\t\t\t\t\t\t<figcaption class=\"widget-image-caption wp-caption-text\">\u00a9Collectivit\u00e9 Territoriale de Guyane<\/figcaption>\n\t\t\t\t\t\t\t\t\t\t<\/figure>\n\t\t\t\t\t\t\t\t\t<\/div>\n\t\t\t\t<\/div>\n\t\t\t\t\t<\/div>\n\t\t<\/div>\n\t\t\t\t\t<\/div>\n\t\t<\/section>\n\t\t\t\t\t<\/div>\n\t\t<\/div>\n\t\t\t\t\t<\/div>\n\t\t<\/section>\n\t\t\t\t<section class=\"elementor-section elementor-top-section elementor-element elementor-element-dbc7fc8 elementor-section-boxed elementor-section-height-default elementor-section-height-default\" data-id=\"dbc7fc8\" data-element_type=\"section\">\n\t\t\t\t\t\t<div class=\"elementor-container elementor-column-gap-default\">\n\t\t\t\t\t<div class=\"elementor-column elementor-col-100 elementor-top-column elementor-element elementor-element-97f3639\" data-id=\"97f3639\" data-element_type=\"column\">\n\t\t\t<div class=\"elementor-widget-wrap elementor-element-populated\">\n\t\t\t\t\t\t<div class=\"elementor-element elementor-element-5c768f4 elementor-widget elementor-widget-heading\" data-id=\"5c768f4\" data-element_type=\"widget\" data-widget_type=\"heading.default\">\n\t\t\t\t<div class=\"elementor-widget-container\">\n\t\t\t\t\t<h2 class=\"elementor-heading-title elementor-size-default\">O\u00f9 en est aujourd\u2019hui la restitution ?<\/h2>\t\t\t\t<\/div>\n\t\t\t\t<\/div>\n\t\t\t\t<div class=\"elementor-element elementor-element-2eb1c50 elementor-widget elementor-widget-text-editor\" data-id=\"2eb1c50\" data-element_type=\"widget\" data-widget_type=\"text-editor.default\">\n\t\t\t\t<div class=\"elementor-widget-container\">\n\t\t\t\t\t\t\t\t\t<p><span style=\"font-weight: 400;\">Le dossier a franchi un cap pr\u00e9cis au printemps 2026. La proposition de loi relative au d\u00e9classement de restes humains kali\u2019nas et \u00e0 leur remise \u00e0 la collectivit\u00e9 de Guyane \u00e0 des fins fun\u00e9raires a \u00e9t\u00e9 d\u00e9pos\u00e9e au S\u00e9nat le <\/span><b>3 octobre 2024<\/b><span style=\"font-weight: 400;\">. Le <\/span><b>13 avril 2026<\/b><span style=\"font-weight: 400;\">, \u00e0 l\u2019Assembl\u00e9e nationale, la ministre de la culture Catherine P\u00e9gard a confirm\u00e9 le soutien du gouvernement \u00e0 cette d\u00e9marche. Le <\/span><b>15 avril 2026<\/b><span style=\"font-weight: 400;\">, la proc\u00e9dure acc\u00e9l\u00e9r\u00e9e a \u00e9t\u00e9 engag\u00e9e. Le texte doit \u00eatre discut\u00e9 en s\u00e9ance publique au S\u00e9nat le <\/span><b>18 mai 2026<\/b><span style=\"font-weight: 400;\">.<\/span><\/p>\t\t\t\t\t\t\t\t<\/div>\n\t\t\t\t<\/div>\n\t\t\t\t<div class=\"elementor-element elementor-element-9412750 elementor-widget elementor-widget-text-editor\" data-id=\"9412750\" data-element_type=\"widget\" data-widget_type=\"text-editor.default\">\n\t\t\t\t<div class=\"elementor-widget-container\">\n\t\t\t\t\t\t\t\t\t<p><span style=\"font-weight: 400;\">Il ne s\u2019agit pas encore d\u2019un retour effectif. Le processus l\u00e9gislatif n\u2019est pas achev\u00e9. Le texte pr\u00e9voit la sortie des collections publiques de huit d\u00e9pouilles mortelles de Kali\u2019nas conserv\u00e9es au mus\u00e9e de l\u2019Homme, puis leur remise \u00e0 la collectivit\u00e9 de Guyane dans l\u2019ann\u00e9e suivant l\u2019entr\u00e9e en vigueur de la loi, \u00e0 des fins fun\u00e9raires. S\u2019il a fallu un texte sp\u00e9cifique, c\u2019est parce que la loi du 26 d\u00e9cembre 2023 sur la restitution de restes humains appartenant aux collections publiques a \u00e9t\u00e9 pens\u00e9e pour des demandes formul\u00e9es par des \u00c9tats \u00e9trangers, et non pour un territoire fran\u00e7ais comme la Guyane<\/span><\/p>\t\t\t\t\t\t\t\t<\/div>\n\t\t\t\t<\/div>\n\t\t\t\t<div class=\"elementor-element elementor-element-85aa021 elementor-widget elementor-widget-text-editor\" data-id=\"85aa021\" data-element_type=\"widget\" data-widget_type=\"text-editor.default\">\n\t\t\t\t<div class=\"elementor-widget-container\">\n\t\t\t\t\t\t\t\t\t<p><span style=\"font-weight: 400;\">Pour les Kali\u2019na de <a href=\"https:\/\/richeskarayib.com\/fr\/loto-du-patrimoine-2026-trois-sites-caraibe\/\" target=\"_blank\" rel=\"noopener\">Guyane<\/a>, l\u2019enjeu d\u00e9passe donc le droit parlementaire. Il touche \u00e0 la dignit\u00e9, \u00e0 la r\u00e9paration et \u00e0 la mani\u00e8re dont un peuple peut enfin esp\u00e9rer ramener ses morts sur sa terre. \u00c0 travers cette s\u00e9quence, c\u2019est toute une m\u00e9moire qui refuse d\u00e9sormais d\u2019\u00eatre tenue \u00e0 distance. <\/span><\/p>\t\t\t\t\t\t\t\t<\/div>\n\t\t\t\t<\/div>\n\t\t\t\t\t<\/div>\n\t\t<\/div>\n\t\t\t\t\t<\/div>\n\t\t<\/section>\n\t\t\t\t<section class=\"elementor-section elementor-top-section elementor-element elementor-element-f5709a6 elementor-section-boxed elementor-section-height-default elementor-section-height-default\" data-id=\"f5709a6\" data-element_type=\"section\">\n\t\t\t\t\t\t<div class=\"elementor-container elementor-column-gap-default\">\n\t\t\t\t\t<div class=\"elementor-column elementor-col-100 elementor-top-column elementor-element elementor-element-957be6f\" data-id=\"957be6f\" data-element_type=\"column\">\n\t\t\t<div class=\"elementor-widget-wrap elementor-element-populated\">\n\t\t\t\t\t\t<div class=\"elementor-element elementor-element-63e5d4a elementor-widget elementor-widget-accordion\" data-id=\"63e5d4a\" data-element_type=\"widget\" data-widget_type=\"accordion.default\">\n\t\t\t\t<div class=\"elementor-widget-container\">\n\t\t\t\t\t\t\t<div class=\"elementor-accordion\">\n\t\t\t\t\t\t\t<div class=\"elementor-accordion-item\">\n\t\t\t\t\t<div id=\"elementor-tab-title-1041\" class=\"elementor-tab-title\" data-tab=\"1\" role=\"button\" aria-controls=\"elementor-tab-content-1041\" aria-expanded=\"false\">\n\t\t\t\t\t\t\t\t\t\t\t\t\t<span class=\"elementor-accordion-icon elementor-accordion-icon-left\" aria-hidden=\"true\">\n\t\t\t\t\t\t\t\t\t\t\t\t\t\t\t<span class=\"elementor-accordion-icon-closed\"><i class=\"fas fa-plus\"><\/i><\/span>\n\t\t\t\t\t\t\t\t<span class=\"elementor-accordion-icon-opened\"><i class=\"fas fa-minus\"><\/i><\/span>\n\t\t\t\t\t\t\t\t\t\t\t\t\t\t<\/span>\n\t\t\t\t\t\t\t\t\t\t\t\t<a class=\"elementor-accordion-title\" tabindex=\"0\">Qui sont les Kali\u2019na de Guyane ?<\/a>\n\t\t\t\t\t<\/div>\n\t\t\t\t\t<div id=\"elementor-tab-content-1041\" class=\"elementor-tab-content elementor-clearfix\" data-tab=\"1\" role=\"region\" aria-labelledby=\"elementor-tab-title-1041\"><p><span style=\"font-weight: 400;\">Les Kali\u2019na de Guyane font partie des peuples am\u00e9rindiens pr\u00e9sents sur le territoire guyanais depuis des si\u00e8cles. Leur histoire est \u00e9troitement li\u00e9e au littoral, notamment dans l\u2019ouest de la Guyane, o\u00f9 leur culture, leur langue et leurs traditions continuent d\u2019\u00eatre transmises. Parler des Kali\u2019na de Guyane, c\u2019est rappeler qu\u2019il s\u2019agit d\u2019un peuple vivant, ancr\u00e9 dans son territoire et dans une m\u00e9moire toujours port\u00e9e par les g\u00e9n\u00e9rations actuelles.<\/span><\/p><\/div>\n\t\t\t\t<\/div>\n\t\t\t\t\t\t\t<div class=\"elementor-accordion-item\">\n\t\t\t\t\t<div id=\"elementor-tab-title-1042\" class=\"elementor-tab-title\" data-tab=\"2\" role=\"button\" aria-controls=\"elementor-tab-content-1042\" aria-expanded=\"false\">\n\t\t\t\t\t\t\t\t\t\t\t\t\t<span class=\"elementor-accordion-icon elementor-accordion-icon-left\" aria-hidden=\"true\">\n\t\t\t\t\t\t\t\t\t\t\t\t\t\t\t<span class=\"elementor-accordion-icon-closed\"><i class=\"fas fa-plus\"><\/i><\/span>\n\t\t\t\t\t\t\t\t<span class=\"elementor-accordion-icon-opened\"><i class=\"fas fa-minus\"><\/i><\/span>\n\t\t\t\t\t\t\t\t\t\t\t\t\t\t<\/span>\n\t\t\t\t\t\t\t\t\t\t\t\t<a class=\"elementor-accordion-title\" tabindex=\"0\">Pourquoi la m\u00e9moire des Kali\u2019na de Guyane est-elle si importante aujourd\u2019hui ?<\/a>\n\t\t\t\t\t<\/div>\n\t\t\t\t\t<div id=\"elementor-tab-content-1042\" class=\"elementor-tab-content elementor-clearfix\" data-tab=\"2\" role=\"region\" aria-labelledby=\"elementor-tab-title-1042\"><p><span style=\"font-weight: 400;\">La m\u00e9moire des Kali\u2019na de Guyane compte aujourd\u2019hui parce qu\u2019elle permet de mieux comprendre une part essentielle de l\u2019histoire guyanaise souvent rest\u00e9e dans l\u2019ombre. Elle ne concerne pas seulement le pass\u00e9, mais aussi le pr\u00e9sent : la langue, les r\u00e9cits familiaux, les lieux de m\u00e9moire et la transmission culturelle montrent que cette histoire reste profond\u00e9ment vivante. Elle renvoie aussi \u00e0 une exigence de dignit\u00e9 pour des anc\u00eatres longtemps trait\u00e9s sans respect.<\/span><\/p><\/div>\n\t\t\t\t<\/div>\n\t\t\t\t\t\t\t<div class=\"elementor-accordion-item\">\n\t\t\t\t\t<div id=\"elementor-tab-title-1043\" class=\"elementor-tab-title\" data-tab=\"3\" role=\"button\" aria-controls=\"elementor-tab-content-1043\" aria-expanded=\"false\">\n\t\t\t\t\t\t\t\t\t\t\t\t\t<span class=\"elementor-accordion-icon elementor-accordion-icon-left\" aria-hidden=\"true\">\n\t\t\t\t\t\t\t\t\t\t\t\t\t\t\t<span class=\"elementor-accordion-icon-closed\"><i class=\"fas fa-plus\"><\/i><\/span>\n\t\t\t\t\t\t\t\t<span class=\"elementor-accordion-icon-opened\"><i class=\"fas fa-minus\"><\/i><\/span>\n\t\t\t\t\t\t\t\t\t\t\t\t\t\t<\/span>\n\t\t\t\t\t\t\t\t\t\t\t\t<a class=\"elementor-accordion-title\" tabindex=\"0\">Que s\u2019est-il pass\u00e9 pour les Kali\u2019na en 1882 et 1892 ?<\/a>\n\t\t\t\t\t<\/div>\n\t\t\t\t\t<div id=\"elementor-tab-content-1043\" class=\"elementor-tab-content elementor-clearfix\" data-tab=\"3\" role=\"region\" aria-labelledby=\"elementor-tab-title-1043\"><p><span style=\"font-weight: 400;\">En 1882 et en 1892, des Kali\u2019na et des Arawak de Guyane ont \u00e9t\u00e9 exhib\u00e9s \u00e0 Paris dans le cadre d\u2019expositions ethnographiques aujourd\u2019hui associ\u00e9es \u00e0 l\u2019histoire des \u00ab zoos humains \u00bb. Cet \u00e9pisode est l\u2019un des plus douloureux de l\u2019histoire coloniale, car il a r\u00e9duit des hommes, des femmes et des enfants \u00e0 des objets de curiosit\u00e9 publique. C\u2019est cette violence historique qui explique, encore aujourd\u2019hui, l\u2019\u00e9motion et l\u2019importance du combat m\u00e9moriel autour de leurs anc\u00eatres.<\/span><\/p><\/div>\n\t\t\t\t<\/div>\n\t\t\t\t\t\t\t<div class=\"elementor-accordion-item\">\n\t\t\t\t\t<div id=\"elementor-tab-title-1044\" class=\"elementor-tab-title\" data-tab=\"4\" role=\"button\" aria-controls=\"elementor-tab-content-1044\" aria-expanded=\"false\">\n\t\t\t\t\t\t\t\t\t\t\t\t\t<span class=\"elementor-accordion-icon elementor-accordion-icon-left\" aria-hidden=\"true\">\n\t\t\t\t\t\t\t\t\t\t\t\t\t\t\t<span class=\"elementor-accordion-icon-closed\"><i class=\"fas fa-plus\"><\/i><\/span>\n\t\t\t\t\t\t\t\t<span class=\"elementor-accordion-icon-opened\"><i class=\"fas fa-minus\"><\/i><\/span>\n\t\t\t\t\t\t\t\t\t\t\t\t\t\t<\/span>\n\t\t\t\t\t\t\t\t\t\t\t\t<a class=\"elementor-accordion-title\" tabindex=\"0\">Pourquoi Iracoubo occupe-t-il une place centrale dans cette histoire ?<\/a>\n\t\t\t\t\t<\/div>\n\t\t\t\t\t<div id=\"elementor-tab-content-1044\" class=\"elementor-tab-content elementor-clearfix\" data-tab=\"4\" role=\"region\" aria-labelledby=\"elementor-tab-title-1044\"><p><span style=\"font-weight: 400;\">Iracoubo est devenu un lieu fort de m\u00e9moire en Guyane depuis l\u2019inauguration, en 2024, d\u2019un m\u00e9morial en hommage aux Kali\u2019na et aux Arawak exhib\u00e9s \u00e0 la fin du XIXe si\u00e8cle. Ce lieu de recueillement donne une pr\u00e9sence concr\u00e8te \u00e0 une histoire longtemps rel\u00e9gu\u00e9e au silence. Il permet aussi d\u2019inscrire cette m\u00e9moire dans le territoire guyanais, au plus pr\u00e8s des descendants et des communaut\u00e9s concern\u00e9es.<\/span><\/p><\/div>\n\t\t\t\t<\/div>\n\t\t\t\t\t\t\t<div class=\"elementor-accordion-item\">\n\t\t\t\t\t<div id=\"elementor-tab-title-1045\" class=\"elementor-tab-title\" data-tab=\"5\" role=\"button\" aria-controls=\"elementor-tab-content-1045\" aria-expanded=\"false\">\n\t\t\t\t\t\t\t\t\t\t\t\t\t<span class=\"elementor-accordion-icon elementor-accordion-icon-left\" aria-hidden=\"true\">\n\t\t\t\t\t\t\t\t\t\t\t\t\t\t\t<span class=\"elementor-accordion-icon-closed\"><i class=\"fas fa-plus\"><\/i><\/span>\n\t\t\t\t\t\t\t\t<span class=\"elementor-accordion-icon-opened\"><i class=\"fas fa-minus\"><\/i><\/span>\n\t\t\t\t\t\t\t\t\t\t\t\t\t\t<\/span>\n\t\t\t\t\t\t\t\t\t\t\t\t<a class=\"elementor-accordion-title\" tabindex=\"0\">O\u00f9 en est aujourd\u2019hui la restitution des restes humains kali\u2019na \u00e0 la Guyane ?<\/a>\n\t\t\t\t\t<\/div>\n\t\t\t\t\t<div id=\"elementor-tab-content-1045\" class=\"elementor-tab-content elementor-clearfix\" data-tab=\"5\" role=\"region\" aria-labelledby=\"elementor-tab-title-1045\"><p><span style=\"font-weight: 400;\">Le dossier a franchi une \u00e9tape importante en avril 2026, avec le soutien affich\u00e9 du gouvernement fran\u00e7ais \u00e0 une proposition de loi pr\u00e9voyant la restitution de restes humains kali\u2019na \u00e0 la Guyane. \u00c0 ce stade, le retour effectif n\u2019est pas encore accompli, car le processus l\u00e9gislatif doit aller jusqu\u2019\u00e0 son terme. Mais cette avanc\u00e9e marque un tournant majeur : elle reconna\u00eet que ces restes humains ne sont pas de simples pi\u00e8ces de collection, mais bien des anc\u00eatres dont le retour est attendu depuis plus d\u2019un si\u00e8cle.<\/span><\/p><\/div>\n\t\t\t\t<\/div>\n\t\t\t\t\t\t\t\t<\/div>\n\t\t\t\t\t\t<\/div>\n\t\t\t\t<\/div>\n\t\t\t\t\t<\/div>\n\t\t<\/div>\n\t\t\t\t\t<\/div>\n\t\t<\/section>\n\t\t\t\t<\/div>\n\t\t","protected":false},"excerpt":{"rendered":"<p>Les Kali\u2019na de Guyane traversent l\u2019histoire du littoral guyanais depuis bien avant les r\u00e9cits coloniaux, mais il a trop souvent \u00e9t\u00e9 rel\u00e9gu\u00e9 \u00e0 la marge des grands discours sur le territoire. Pourtant, chez les Kali\u2019na, l\u2019histoire ne vit pas seulement dans les livres : elle se prolonge dans une langue encore parl\u00e9e, dans des villages [&hellip;]<\/p>\n","protected":false},"author":662,"featured_media":72652,"comment_status":"open","ping_status":"open","sticky":false,"template":"","format":"standard","meta":{"_acf_changed":false,"footnotes":""},"categories":[1468],"tags":[1544],"class_list":["post-72651","post","type-post","status-publish","format-standard","has-post-thumbnail","hentry","category-histoire-patrimoine","tag-guyane-2"],"acf":[],"_links":{"self":[{"href":"https:\/\/richeskarayib.com\/fr\/wp-json\/wp\/v2\/posts\/72651","targetHints":{"allow":["GET"]}}],"collection":[{"href":"https:\/\/richeskarayib.com\/fr\/wp-json\/wp\/v2\/posts"}],"about":[{"href":"https:\/\/richeskarayib.com\/fr\/wp-json\/wp\/v2\/types\/post"}],"author":[{"embeddable":true,"href":"https:\/\/richeskarayib.com\/fr\/wp-json\/wp\/v2\/users\/662"}],"replies":[{"embeddable":true,"href":"https:\/\/richeskarayib.com\/fr\/wp-json\/wp\/v2\/comments?post=72651"}],"version-history":[{"count":0,"href":"https:\/\/richeskarayib.com\/fr\/wp-json\/wp\/v2\/posts\/72651\/revisions"}],"wp:featuredmedia":[{"embeddable":true,"href":"https:\/\/richeskarayib.com\/fr\/wp-json\/wp\/v2\/media\/72652"}],"wp:attachment":[{"href":"https:\/\/richeskarayib.com\/fr\/wp-json\/wp\/v2\/media?parent=72651"}],"wp:term":[{"taxonomy":"category","embeddable":true,"href":"https:\/\/richeskarayib.com\/fr\/wp-json\/wp\/v2\/categories?post=72651"},{"taxonomy":"post_tag","embeddable":true,"href":"https:\/\/richeskarayib.com\/fr\/wp-json\/wp\/v2\/tags?post=72651"}],"curies":[{"name":"wp","href":"https:\/\/api.w.org\/{rel}","templated":true}]}}