{"id":72770,"date":"2026-04-22T12:45:08","date_gmt":"2026-04-22T16:45:08","guid":{"rendered":"https:\/\/richeskarayib.com\/?p=72770"},"modified":"2026-04-22T12:45:08","modified_gmt":"2026-04-22T16:45:08","slug":"cayman-instyle-fashion-week-2026-iles-caimans","status":"publish","type":"post","link":"https:\/\/richeskarayib.com\/fr\/cayman-instyle-fashion-week-2026-iles-caimans\/","title":{"rendered":"Cayman Instyle Fashion Week 2026 : aux \u00eeles Ca\u00efmans, la mode mise sur la formation, le bien-\u00eatre et l\u2019\u00e9conomie cr\u00e9ative"},"content":{"rendered":"\t\t<div data-elementor-type=\"wp-post\" data-elementor-id=\"72770\" class=\"elementor elementor-72770\" data-elementor-post-type=\"post\">\n\t\t\t\t\t\t<section class=\"elementor-section elementor-top-section elementor-element elementor-element-7ca7ca1 elementor-section-boxed elementor-section-height-default elementor-section-height-default\" data-id=\"7ca7ca1\" data-element_type=\"section\">\n\t\t\t\t\t\t<div class=\"elementor-container elementor-column-gap-default\">\n\t\t\t\t\t<div class=\"elementor-column elementor-col-100 elementor-top-column elementor-element elementor-element-cbdd002\" data-id=\"cbdd002\" data-element_type=\"column\">\n\t\t\t<div class=\"elementor-widget-wrap elementor-element-populated\">\n\t\t\t\t\t\t<section class=\"elementor-section elementor-inner-section elementor-element elementor-element-bc94849 elementor-section-boxed elementor-section-height-default elementor-section-height-default\" data-id=\"bc94849\" data-element_type=\"section\">\n\t\t\t\t\t\t<div class=\"elementor-container elementor-column-gap-default\">\n\t\t\t\t\t\t<\/div>\n\t\t<\/section>\n\t\t\t\t<section class=\"elementor-section elementor-inner-section elementor-element elementor-element-61571e6 elementor-section-boxed elementor-section-height-default elementor-section-height-default\" data-id=\"61571e6\" data-element_type=\"section\">\n\t\t\t\t\t\t<div class=\"elementor-container elementor-column-gap-default\">\n\t\t\t\t\t\t<\/div>\n\t\t<\/section>\n\t\t\t\t<section class=\"elementor-section elementor-inner-section elementor-element elementor-element-b6262e0 elementor-section-boxed elementor-section-height-default elementor-section-height-default\" data-id=\"b6262e0\" data-element_type=\"section\">\n\t\t\t\t\t\t<div class=\"elementor-container elementor-column-gap-default\">\n\t\t\t\t\t\t<\/div>\n\t\t<\/section>\n\t\t\t\t<section class=\"elementor-section elementor-inner-section elementor-element elementor-element-cca29fd elementor-section-boxed elementor-section-height-default elementor-section-height-default\" data-id=\"cca29fd\" data-element_type=\"section\">\n\t\t\t\t\t\t<div class=\"elementor-container elementor-column-gap-default\">\n\t\t\t\t\t\t<\/div>\n\t\t<\/section>\n\t\t\t\t\t<\/div>\n\t\t<\/div>\n\t\t\t\t\t<\/div>\n\t\t<\/section>\n\t\t\t\t<section class=\"elementor-section elementor-top-section elementor-element elementor-element-ee72354 elementor-section-boxed elementor-section-height-default elementor-section-height-default\" data-id=\"ee72354\" data-element_type=\"section\">\n\t\t\t\t\t\t<div class=\"elementor-container elementor-column-gap-default\">\n\t\t\t\t\t<div class=\"elementor-column elementor-col-100 elementor-top-column elementor-element elementor-element-c59d6fe\" data-id=\"c59d6fe\" data-element_type=\"column\">\n\t\t\t<div class=\"elementor-widget-wrap elementor-element-populated\">\n\t\t\t\t\t\t<div class=\"elementor-element elementor-element-661ebea elementor-widget elementor-widget-text-editor\" data-id=\"661ebea\" data-element_type=\"widget\" data-widget_type=\"text-editor.default\">\n\t\t\t\t<div class=\"elementor-widget-container\">\n\t\t\t\t\t\t\t\t\t<p><span style=\"font-weight: 400;\">Cayman Instyle Fashion Week revient du 23 au 26 avril 2026 avec un programme qui donne une autre dimension \u00e0 la mode dans la Cara\u00efbe. L\u2019\u00e9v\u00e9nement, organis\u00e9 \u00e0 <a href=\"https:\/\/richeskarayib.com\/fr\/american-airlines-entre-miami-et-grand-cayman\/\" target=\"_blank\" rel=\"noopener\">Grand Cayman<\/a> entre le Grand Cayman Marriott Resort, Hotel Indigo Grand Cayman et une sortie en mer de cl\u00f4ture, articule cette \u00e9dition autour d\u2019un sommet professionnel, d\u2019une exposition consacr\u00e9e au bridal wear, d\u2019une soir\u00e9e de distinctions, de d\u00e9fil\u00e9s et d\u2019actions li\u00e9es \u00e0 la formation. Pour les \u00eeles Ca\u00efmans, l\u2019enjeu d\u00e9passe le calendrier mondain : il s\u2019agit de faire de la cr\u00e9ation un levier de visibilit\u00e9, de transmission et d\u2019activit\u00e9 \u00e9conomique.<\/span><\/p>\t\t\t\t\t\t\t\t<\/div>\n\t\t\t\t<\/div>\n\t\t\t\t\t<\/div>\n\t\t<\/div>\n\t\t\t\t\t<\/div>\n\t\t<\/section>\n\t\t\t\t<section class=\"elementor-section elementor-top-section elementor-element elementor-element-82cd8f9 elementor-section-boxed elementor-section-height-default elementor-section-height-default\" data-id=\"82cd8f9\" data-element_type=\"section\">\n\t\t\t\t\t\t<div class=\"elementor-container elementor-column-gap-default\">\n\t\t\t\t\t<div class=\"elementor-column elementor-col-100 elementor-top-column elementor-element elementor-element-0bfdc38\" data-id=\"0bfdc38\" data-element_type=\"column\">\n\t\t\t<div class=\"elementor-widget-wrap elementor-element-populated\">\n\t\t\t\t\t\t<div class=\"elementor-element elementor-element-7d292fe elementor-widget elementor-widget-heading\" data-id=\"7d292fe\" data-element_type=\"widget\" data-widget_type=\"heading.default\">\n\t\t\t\t<div class=\"elementor-widget-container\">\n\t\t\t\t\t<h2 class=\"elementor-heading-title elementor-size-default\">Un programme 2026 pens\u00e9 comme une mont\u00e9e en gamme<\/h2>\t\t\t\t<\/div>\n\t\t\t\t<\/div>\n\t\t\t\t<section class=\"elementor-section elementor-inner-section elementor-element elementor-element-da8459c elementor-section-boxed elementor-section-height-default elementor-section-height-default\" data-id=\"da8459c\" data-element_type=\"section\">\n\t\t\t\t\t\t<div class=\"elementor-container elementor-column-gap-default\">\n\t\t\t\t\t<div class=\"elementor-column elementor-col-100 elementor-inner-column elementor-element elementor-element-45b856b\" data-id=\"45b856b\" data-element_type=\"column\">\n\t\t\t<div class=\"elementor-widget-wrap elementor-element-populated\">\n\t\t\t\t\t\t<div class=\"elementor-element elementor-element-289b094 elementor-widget elementor-widget-text-editor\" data-id=\"289b094\" data-element_type=\"widget\" data-widget_type=\"text-editor.default\">\n\t\t\t\t<div class=\"elementor-widget-container\">\n\t\t\t\t\t\t\t\t\t<p><span style=\"font-weight: 400;\">Au c\u0153ur de cette \u00e9dition, Cayman Instyle Fashion Week 2026 ouvre le jeudi 23 avril avec deux rendez-vous au Marriott : le CIFWK Global Fashion Summit: Cayman Islands, pr\u00e9vu de 9 h \u00e0 15 h, puis la Bridal Couture Exhibition \u00e0 18 h. Le vendredi 24 avril \u00e0 18 h, place au gala Free Your Mind, qui int\u00e8gre les Trailblazer Awards et la remise des dipl\u00f4mes de la Creative Fashion School. Le samedi 25 avril, l\u2019\u00e9v\u00e9nement se d\u00e9place \u00e0 Hotel Indigo Grand Cayman avec un Kids\/Teens Runway Show \u00e0 14 h, puis le grand d\u00e9fil\u00e9 \u00e0 18 h. Le dimanche 26 avril \u00e0 13 h, la semaine s\u2019ach\u00e8ve avec The Escape, une excursion en voilier.<\/span><\/p>\t\t\t\t\t\t\t\t<\/div>\n\t\t\t\t<\/div>\n\t\t\t\t\t<\/div>\n\t\t<\/div>\n\t\t\t\t\t<\/div>\n\t\t<\/section>\n\t\t\t\t<div class=\"elementor-element elementor-element-050d8c8 elementor-widget elementor-widget-image\" data-id=\"050d8c8\" data-element_type=\"widget\" data-widget_type=\"image.default\">\n\t\t\t\t<div class=\"elementor-widget-container\">\n\t\t\t\t\t\t\t\t\t\t\t\t<figure class=\"wp-caption\">\n\t\t\t\t\t\t\t\t\t\t<img fetchpriority=\"high\" decoding=\"async\" width=\"800\" height=\"797\" src=\"https:\/\/richeskarayib.com\/wp-content\/uploads\/2026\/04\/673748568_1392377839573406_4670899925945558338_n-1024x1020.jpg\" class=\"attachment-large size-large wp-image-72775\" alt=\"Cayman Instyle Fashion Week\" srcset=\"https:\/\/richeskarayib.com\/wp-content\/uploads\/2026\/04\/673748568_1392377839573406_4670899925945558338_n-1024x1020.jpg 1024w, https:\/\/richeskarayib.com\/wp-content\/uploads\/2026\/04\/673748568_1392377839573406_4670899925945558338_n-300x300.jpg 300w, https:\/\/richeskarayib.com\/wp-content\/uploads\/2026\/04\/673748568_1392377839573406_4670899925945558338_n-150x150.jpg 150w, https:\/\/richeskarayib.com\/wp-content\/uploads\/2026\/04\/673748568_1392377839573406_4670899925945558338_n-768x765.jpg 768w, https:\/\/richeskarayib.com\/wp-content\/uploads\/2026\/04\/673748568_1392377839573406_4670899925945558338_n-1320x1315.jpg 1320w, https:\/\/richeskarayib.com\/wp-content\/uploads\/2026\/04\/673748568_1392377839573406_4670899925945558338_n.jpg 1446w\" sizes=\"(max-width: 800px) 100vw, 800px\" \/>\t\t\t\t\t\t\t\t\t\t\t<figcaption class=\"widget-image-caption wp-caption-text\">\u00a9Cayman Instyle Fashion Week<\/figcaption>\n\t\t\t\t\t\t\t\t\t\t<\/figure>\n\t\t\t\t\t\t\t\t\t<\/div>\n\t\t\t\t<\/div>\n\t\t\t\t<section class=\"elementor-section elementor-inner-section elementor-element elementor-element-c582330 elementor-section-boxed elementor-section-height-default elementor-section-height-default\" data-id=\"c582330\" data-element_type=\"section\">\n\t\t\t\t\t\t<div class=\"elementor-container elementor-column-gap-default\">\n\t\t\t\t\t\t<\/div>\n\t\t<\/section>\n\t\t\t\t<section class=\"elementor-section elementor-inner-section elementor-element elementor-element-296603a elementor-section-boxed elementor-section-height-default elementor-section-height-default\" data-id=\"296603a\" data-element_type=\"section\">\n\t\t\t\t\t\t<div class=\"elementor-container elementor-column-gap-default\">\n\t\t\t\t\t\t<\/div>\n\t\t<\/section>\n\t\t\t\t\t<\/div>\n\t\t<\/div>\n\t\t\t\t\t<\/div>\n\t\t<\/section>\n\t\t\t\t<section class=\"elementor-section elementor-top-section elementor-element elementor-element-9c88a89 elementor-section-boxed elementor-section-height-default elementor-section-height-default\" data-id=\"9c88a89\" data-element_type=\"section\">\n\t\t\t\t\t\t<div class=\"elementor-container elementor-column-gap-default\">\n\t\t\t\t\t<div class=\"elementor-column elementor-col-100 elementor-top-column elementor-element elementor-element-78cf5d1\" data-id=\"78cf5d1\" data-element_type=\"column\">\n\t\t\t<div class=\"elementor-widget-wrap elementor-element-populated\">\n\t\t\t\t\t\t<div class=\"elementor-element elementor-element-ea2a5c1 elementor-widget elementor-widget-heading\" data-id=\"ea2a5c1\" data-element_type=\"widget\" data-widget_type=\"heading.default\">\n\t\t\t\t<div class=\"elementor-widget-container\">\n\t\t\t\t\t<h2 class=\"elementor-heading-title elementor-size-default\">Le Fashion Summit donne une profondeur rare \u00e0 l\u2019\u00e9v\u00e9nement<\/h2>\t\t\t\t<\/div>\n\t\t\t\t<\/div>\n\t\t\t\t<div class=\"elementor-element elementor-element-e305eee elementor-widget elementor-widget-text-editor\" data-id=\"e305eee\" data-element_type=\"widget\" data-widget_type=\"text-editor.default\">\n\t\t\t\t<div class=\"elementor-widget-container\">\n\t\t\t\t\t\t\t\t\t<p><span style=\"font-weight: 400;\">Avec son premier sommet international, Cayman Instyle Fashion Week 2026 cherche clairement \u00e0 se positionner comme une plateforme de r\u00e9flexion sur les mutations du secteur. Le site annonce quatre grands axes : la durabilit\u00e9 et l\u2019essor de l\u2019intelligence artificielle, la sant\u00e9 mentale et \u00e9motionnelle, l\u2019influence de la culture sur les r\u00e9cits mondiaux, et l\u2019entrepreneuriat dans l\u2019\u00e9conomie cr\u00e9ative. Ce choix \u00e9ditorial est important : il relie la mode aux d\u00e9bats contemporains sur l\u2019\u00e9thique, la sant\u00e9, l\u2019identit\u00e9 et la cr\u00e9ation de valeur. Dans un espace carib\u00e9en souvent regard\u00e9 sous l\u2019angle du tourisme, cette orientation donne du poids aux industries culturelles comme sujet de d\u00e9veloppement. <\/span><\/p>\t\t\t\t\t\t\t\t<\/div>\n\t\t\t\t<\/div>\n\t\t\t\t<section class=\"elementor-section elementor-inner-section elementor-element elementor-element-90770b0 elementor-section-boxed elementor-section-height-default elementor-section-height-default\" data-id=\"90770b0\" data-element_type=\"section\">\n\t\t\t\t\t\t<div class=\"elementor-container elementor-column-gap-default\">\n\t\t\t\t\t<div class=\"elementor-column elementor-col-25 elementor-inner-column elementor-element elementor-element-029da04\" data-id=\"029da04\" data-element_type=\"column\">\n\t\t\t<div class=\"elementor-widget-wrap elementor-element-populated\">\n\t\t\t\t\t\t<div class=\"elementor-element elementor-element-b8ffafb elementor-widget elementor-widget-image\" data-id=\"b8ffafb\" data-element_type=\"widget\" data-widget_type=\"image.default\">\n\t\t\t\t<div class=\"elementor-widget-container\">\n\t\t\t\t\t\t\t\t\t\t\t\t\t\t\t<img decoding=\"async\" width=\"800\" height=\"1000\" src=\"https:\/\/richeskarayib.com\/wp-content\/uploads\/2026\/04\/Abraham-Joseph-819x1024.jpg\" class=\"attachment-large size-large wp-image-72787\" alt=\"Cayman Instyle Fashion Week\" srcset=\"https:\/\/richeskarayib.com\/wp-content\/uploads\/2026\/04\/Abraham-Joseph-819x1024.jpg 819w, https:\/\/richeskarayib.com\/wp-content\/uploads\/2026\/04\/Abraham-Joseph-240x300.jpg 240w, https:\/\/richeskarayib.com\/wp-content\/uploads\/2026\/04\/Abraham-Joseph-768x960.jpg 768w, https:\/\/richeskarayib.com\/wp-content\/uploads\/2026\/04\/Abraham-Joseph-1229x1536.jpg 1229w, https:\/\/richeskarayib.com\/wp-content\/uploads\/2026\/04\/Abraham-Joseph-1320x1650.jpg 1320w, https:\/\/richeskarayib.com\/wp-content\/uploads\/2026\/04\/Abraham-Joseph.jpg 1536w\" sizes=\"(max-width: 800px) 100vw, 800px\" \/>\t\t\t\t\t\t\t\t\t\t\t\t\t\t\t<\/div>\n\t\t\t\t<\/div>\n\t\t\t\t\t<\/div>\n\t\t<\/div>\n\t\t\t\t<div class=\"elementor-column elementor-col-25 elementor-inner-column elementor-element elementor-element-8b796a7\" data-id=\"8b796a7\" data-element_type=\"column\">\n\t\t\t<div class=\"elementor-widget-wrap elementor-element-populated\">\n\t\t\t\t\t\t<div class=\"elementor-element elementor-element-09f8ae5 elementor-widget elementor-widget-image\" data-id=\"09f8ae5\" data-element_type=\"widget\" data-widget_type=\"image.default\">\n\t\t\t\t<div class=\"elementor-widget-container\">\n\t\t\t\t\t\t\t\t\t\t\t\t\t\t\t<img decoding=\"async\" width=\"800\" height=\"1000\" src=\"https:\/\/richeskarayib.com\/wp-content\/uploads\/2026\/04\/Demetrius-Thompson-819x1024.jpg\" class=\"attachment-large size-large wp-image-72791\" alt=\"Cayman Instyle Fashion Week\" srcset=\"https:\/\/richeskarayib.com\/wp-content\/uploads\/2026\/04\/Demetrius-Thompson-819x1024.jpg 819w, https:\/\/richeskarayib.com\/wp-content\/uploads\/2026\/04\/Demetrius-Thompson-240x300.jpg 240w, https:\/\/richeskarayib.com\/wp-content\/uploads\/2026\/04\/Demetrius-Thompson-768x960.jpg 768w, https:\/\/richeskarayib.com\/wp-content\/uploads\/2026\/04\/Demetrius-Thompson.jpg 1152w\" sizes=\"(max-width: 800px) 100vw, 800px\" \/>\t\t\t\t\t\t\t\t\t\t\t\t\t\t\t<\/div>\n\t\t\t\t<\/div>\n\t\t\t\t\t<\/div>\n\t\t<\/div>\n\t\t\t\t<div class=\"elementor-column elementor-col-25 elementor-inner-column elementor-element elementor-element-2d6eaf2\" data-id=\"2d6eaf2\" data-element_type=\"column\">\n\t\t\t<div class=\"elementor-widget-wrap elementor-element-populated\">\n\t\t\t\t\t\t<div class=\"elementor-element elementor-element-39fec3e elementor-widget elementor-widget-image\" data-id=\"39fec3e\" data-element_type=\"widget\" data-widget_type=\"image.default\">\n\t\t\t\t<div class=\"elementor-widget-container\">\n\t\t\t\t\t\t\t\t\t\t\t\t\t\t\t<img loading=\"lazy\" decoding=\"async\" width=\"800\" height=\"1000\" src=\"https:\/\/richeskarayib.com\/wp-content\/uploads\/2026\/04\/Hon.-Katherine-Ebanks-Wilks-819x1024.jpg\" class=\"attachment-large size-large wp-image-72795\" alt=\"Cayman Instyle Fashion Week\" srcset=\"https:\/\/richeskarayib.com\/wp-content\/uploads\/2026\/04\/Hon.-Katherine-Ebanks-Wilks-819x1024.jpg 819w, https:\/\/richeskarayib.com\/wp-content\/uploads\/2026\/04\/Hon.-Katherine-Ebanks-Wilks-240x300.jpg 240w, https:\/\/richeskarayib.com\/wp-content\/uploads\/2026\/04\/Hon.-Katherine-Ebanks-Wilks-768x960.jpg 768w, https:\/\/richeskarayib.com\/wp-content\/uploads\/2026\/04\/Hon.-Katherine-Ebanks-Wilks-1229x1536.jpg 1229w, https:\/\/richeskarayib.com\/wp-content\/uploads\/2026\/04\/Hon.-Katherine-Ebanks-Wilks-1320x1650.jpg 1320w, https:\/\/richeskarayib.com\/wp-content\/uploads\/2026\/04\/Hon.-Katherine-Ebanks-Wilks.jpg 1638w\" sizes=\"(max-width: 800px) 100vw, 800px\" \/>\t\t\t\t\t\t\t\t\t\t\t\t\t\t\t<\/div>\n\t\t\t\t<\/div>\n\t\t\t\t\t<\/div>\n\t\t<\/div>\n\t\t\t\t<div class=\"elementor-column elementor-col-25 elementor-inner-column elementor-element elementor-element-7c58e40\" data-id=\"7c58e40\" data-element_type=\"column\">\n\t\t\t<div class=\"elementor-widget-wrap elementor-element-populated\">\n\t\t\t\t\t\t<div class=\"elementor-element elementor-element-31d4be2 elementor-widget elementor-widget-image\" data-id=\"31d4be2\" data-element_type=\"widget\" data-widget_type=\"image.default\">\n\t\t\t\t<div class=\"elementor-widget-container\">\n\t\t\t\t\t\t\t\t\t\t\t\t\t\t\t<img loading=\"lazy\" decoding=\"async\" width=\"800\" height=\"1000\" src=\"https:\/\/richeskarayib.com\/wp-content\/uploads\/2026\/04\/jacinth-headlam-819x1024.jpg\" class=\"attachment-large size-large wp-image-72799\" alt=\"Cayman Instyle Fashion Week\" srcset=\"https:\/\/richeskarayib.com\/wp-content\/uploads\/2026\/04\/jacinth-headlam-819x1024.jpg 819w, https:\/\/richeskarayib.com\/wp-content\/uploads\/2026\/04\/jacinth-headlam-240x300.jpg 240w, https:\/\/richeskarayib.com\/wp-content\/uploads\/2026\/04\/jacinth-headlam-768x960.jpg 768w, https:\/\/richeskarayib.com\/wp-content\/uploads\/2026\/04\/jacinth-headlam.jpg 1152w\" sizes=\"(max-width: 800px) 100vw, 800px\" \/>\t\t\t\t\t\t\t\t\t\t\t\t\t\t\t<\/div>\n\t\t\t\t<\/div>\n\t\t\t\t\t<\/div>\n\t\t<\/div>\n\t\t\t\t\t<\/div>\n\t\t<\/section>\n\t\t\t\t<div class=\"elementor-element elementor-element-a4f4746 elementor-widget elementor-widget-text-editor\" data-id=\"a4f4746\" data-element_type=\"widget\" data-widget_type=\"text-editor.default\">\n\t\t\t\t<div class=\"elementor-widget-container\">\n\t\t\t\t\t\t\t\t\t<p><span style=\"font-weight: 400;\">Le rayonnement recherch\u00e9 appara\u00eet aussi dans l\u2019int\u00e9r\u00eat suscit\u00e9 \u00e0 l\u2019international. Une publication r\u00e9cente consacr\u00e9e \u00e0 l\u2019\u00e9dition 2026 \u00e9voque la participation de d\u00e9l\u00e9gu\u00e9s venus notamment d\u2019\u00c9quateur, du Mexique, des Seychelles et de la R\u00e9publique dominicaine. Cayman Instyle Fashion Week 2026 s\u2019inscrit ainsi dans une logique de circulation des id\u00e9es, des r\u00e9seaux et des savoir-faire, avec une ambition r\u00e9gionale nette. Pour les Ca\u00efmans, cet \u00e9largissement du public professionnel peut renforcer l\u2019attractivit\u00e9 du territoire aupr\u00e8s de cr\u00e9ateurs, d\u2019investisseurs et de partenaires culturels.<\/span><\/p>\t\t\t\t\t\t\t\t<\/div>\n\t\t\t\t<\/div>\n\t\t\t\t<section class=\"elementor-section elementor-inner-section elementor-element elementor-element-d4c7243 elementor-section-boxed elementor-section-height-default elementor-section-height-default\" data-id=\"d4c7243\" data-element_type=\"section\">\n\t\t\t\t\t\t<div class=\"elementor-container elementor-column-gap-default\">\n\t\t\t\t\t<div class=\"elementor-column elementor-col-25 elementor-inner-column elementor-element elementor-element-a9910f6\" data-id=\"a9910f6\" data-element_type=\"column\">\n\t\t\t<div class=\"elementor-widget-wrap elementor-element-populated\">\n\t\t\t\t\t\t<div class=\"elementor-element elementor-element-6e1b0b7 elementor-widget elementor-widget-image\" data-id=\"6e1b0b7\" data-element_type=\"widget\" data-widget_type=\"image.default\">\n\t\t\t\t<div class=\"elementor-widget-container\">\n\t\t\t\t\t\t\t\t\t\t\t\t\t\t\t<img loading=\"lazy\" decoding=\"async\" width=\"800\" height=\"1000\" src=\"https:\/\/richeskarayib.com\/wp-content\/uploads\/2026\/04\/Melesia-Adderley-819x1024.jpg\" class=\"attachment-large size-large wp-image-72803\" alt=\"Cayman Instyle Fashion Week\" srcset=\"https:\/\/richeskarayib.com\/wp-content\/uploads\/2026\/04\/Melesia-Adderley-819x1024.jpg 819w, https:\/\/richeskarayib.com\/wp-content\/uploads\/2026\/04\/Melesia-Adderley-240x300.jpg 240w, https:\/\/richeskarayib.com\/wp-content\/uploads\/2026\/04\/Melesia-Adderley-768x960.jpg 768w, https:\/\/richeskarayib.com\/wp-content\/uploads\/2026\/04\/Melesia-Adderley-1229x1536.jpg 1229w, https:\/\/richeskarayib.com\/wp-content\/uploads\/2026\/04\/Melesia-Adderley-1320x1650.jpg 1320w, https:\/\/richeskarayib.com\/wp-content\/uploads\/2026\/04\/Melesia-Adderley.jpg 1638w\" sizes=\"(max-width: 800px) 100vw, 800px\" \/>\t\t\t\t\t\t\t\t\t\t\t\t\t\t\t<\/div>\n\t\t\t\t<\/div>\n\t\t\t\t\t<\/div>\n\t\t<\/div>\n\t\t\t\t<div class=\"elementor-column elementor-col-25 elementor-inner-column elementor-element elementor-element-6f05b55\" data-id=\"6f05b55\" data-element_type=\"column\">\n\t\t\t<div class=\"elementor-widget-wrap elementor-element-populated\">\n\t\t\t\t\t\t<div class=\"elementor-element elementor-element-b692352 elementor-widget elementor-widget-image\" data-id=\"b692352\" data-element_type=\"widget\" data-widget_type=\"image.default\">\n\t\t\t\t<div class=\"elementor-widget-container\">\n\t\t\t\t\t\t\t\t\t\t\t\t\t\t\t<img loading=\"lazy\" decoding=\"async\" width=\"800\" height=\"1000\" src=\"https:\/\/richeskarayib.com\/wp-content\/uploads\/2026\/04\/Norma-Ebanks-819x1024.jpg\" class=\"attachment-large size-large wp-image-72807\" alt=\"Cayman Instyle Fashion Week\" srcset=\"https:\/\/richeskarayib.com\/wp-content\/uploads\/2026\/04\/Norma-Ebanks-819x1024.jpg 819w, https:\/\/richeskarayib.com\/wp-content\/uploads\/2026\/04\/Norma-Ebanks-240x300.jpg 240w, https:\/\/richeskarayib.com\/wp-content\/uploads\/2026\/04\/Norma-Ebanks-768x960.jpg 768w, https:\/\/richeskarayib.com\/wp-content\/uploads\/2026\/04\/Norma-Ebanks.jpg 1152w\" sizes=\"(max-width: 800px) 100vw, 800px\" \/>\t\t\t\t\t\t\t\t\t\t\t\t\t\t\t<\/div>\n\t\t\t\t<\/div>\n\t\t\t\t\t<\/div>\n\t\t<\/div>\n\t\t\t\t<div class=\"elementor-column elementor-col-25 elementor-inner-column elementor-element elementor-element-0c80948\" data-id=\"0c80948\" data-element_type=\"column\">\n\t\t\t<div class=\"elementor-widget-wrap elementor-element-populated\">\n\t\t\t\t\t\t<div class=\"elementor-element elementor-element-77ec37b elementor-widget elementor-widget-image\" data-id=\"77ec37b\" data-element_type=\"widget\" data-widget_type=\"image.default\">\n\t\t\t\t<div class=\"elementor-widget-container\">\n\t\t\t\t\t\t\t\t\t\t\t\t\t\t\t<img loading=\"lazy\" decoding=\"async\" width=\"800\" height=\"1000\" src=\"https:\/\/richeskarayib.com\/wp-content\/uploads\/2026\/04\/Tedrick-Green-819x1024.jpg\" class=\"attachment-large size-large wp-image-72811\" alt=\"Cayman Instyle Fashion Week\" srcset=\"https:\/\/richeskarayib.com\/wp-content\/uploads\/2026\/04\/Tedrick-Green-819x1024.jpg 819w, https:\/\/richeskarayib.com\/wp-content\/uploads\/2026\/04\/Tedrick-Green-240x300.jpg 240w, https:\/\/richeskarayib.com\/wp-content\/uploads\/2026\/04\/Tedrick-Green-768x960.jpg 768w, https:\/\/richeskarayib.com\/wp-content\/uploads\/2026\/04\/Tedrick-Green-1229x1536.jpg 1229w, https:\/\/richeskarayib.com\/wp-content\/uploads\/2026\/04\/Tedrick-Green-1320x1650.jpg 1320w, https:\/\/richeskarayib.com\/wp-content\/uploads\/2026\/04\/Tedrick-Green.jpg 1638w\" sizes=\"(max-width: 800px) 100vw, 800px\" \/>\t\t\t\t\t\t\t\t\t\t\t\t\t\t\t<\/div>\n\t\t\t\t<\/div>\n\t\t\t\t\t<\/div>\n\t\t<\/div>\n\t\t\t\t<div class=\"elementor-column elementor-col-25 elementor-inner-column elementor-element elementor-element-e76f98e\" data-id=\"e76f98e\" data-element_type=\"column\">\n\t\t\t<div class=\"elementor-widget-wrap elementor-element-populated\">\n\t\t\t\t\t\t<div class=\"elementor-element elementor-element-39fb2a8 elementor-widget elementor-widget-image\" data-id=\"39fb2a8\" data-element_type=\"widget\" data-widget_type=\"image.default\">\n\t\t\t\t<div class=\"elementor-widget-container\">\n\t\t\t\t\t\t\t\t\t\t\t\t\t\t\t<img loading=\"lazy\" decoding=\"async\" width=\"800\" height=\"1000\" src=\"https:\/\/richeskarayib.com\/wp-content\/uploads\/2026\/04\/Zara-Majid-819x1024.jpg\" class=\"attachment-large size-large wp-image-72815\" alt=\"Cayman Instyle Fashion Week\" srcset=\"https:\/\/richeskarayib.com\/wp-content\/uploads\/2026\/04\/Zara-Majid-819x1024.jpg 819w, https:\/\/richeskarayib.com\/wp-content\/uploads\/2026\/04\/Zara-Majid-240x300.jpg 240w, https:\/\/richeskarayib.com\/wp-content\/uploads\/2026\/04\/Zara-Majid-768x960.jpg 768w, https:\/\/richeskarayib.com\/wp-content\/uploads\/2026\/04\/Zara-Majid-1229x1536.jpg 1229w, https:\/\/richeskarayib.com\/wp-content\/uploads\/2026\/04\/Zara-Majid-1320x1650.jpg 1320w, https:\/\/richeskarayib.com\/wp-content\/uploads\/2026\/04\/Zara-Majid.jpg 1638w\" sizes=\"(max-width: 800px) 100vw, 800px\" \/>\t\t\t\t\t\t\t\t\t\t\t\t\t\t\t<\/div>\n\t\t\t\t<\/div>\n\t\t\t\t\t<\/div>\n\t\t<\/div>\n\t\t\t\t\t<\/div>\n\t\t<\/section>\n\t\t\t\t\t<\/div>\n\t\t<\/div>\n\t\t\t\t\t<\/div>\n\t\t<\/section>\n\t\t\t\t<section class=\"elementor-section elementor-top-section elementor-element elementor-element-4a0e8e4 elementor-section-boxed elementor-section-height-default elementor-section-height-default\" data-id=\"4a0e8e4\" data-element_type=\"section\">\n\t\t\t\t\t\t<div class=\"elementor-container elementor-column-gap-default\">\n\t\t\t\t\t<div class=\"elementor-column elementor-col-100 elementor-top-column elementor-element elementor-element-f16bdfb\" data-id=\"f16bdfb\" data-element_type=\"column\">\n\t\t\t<div class=\"elementor-widget-wrap elementor-element-populated\">\n\t\t\t\t\t\t<div class=\"elementor-element elementor-element-33604cf elementor-widget elementor-widget-heading\" data-id=\"33604cf\" data-element_type=\"widget\" data-widget_type=\"heading.default\">\n\t\t\t\t<div class=\"elementor-widget-container\">\n\t\t\t\t\t<h2 class=\"elementor-heading-title elementor-size-default\">Norma Ebanks place la formation au centre du projet<\/h2>\t\t\t\t<\/div>\n\t\t\t\t<\/div>\n\t\t\t\t<div class=\"elementor-element elementor-element-06205d8 elementor-widget elementor-widget-text-editor\" data-id=\"06205d8\" data-element_type=\"widget\" data-widget_type=\"text-editor.default\">\n\t\t\t\t<div class=\"elementor-widget-container\">\n\t\t\t\t\t\t\t\t\t<p><span style=\"font-weight: 400;\">La fondatrice Norma Ebanks porte cette orientation depuis plusieurs ann\u00e9es. Sa biographie officielle rappelle un parcours de plus de 35 ans dans la mode, des formations \u00e0 New York et en Jama\u00efque, ainsi que des passages par New York Fashion Week, London Fashion Week, Paris Fashion Week et Milan Fashion Week. Surtout, elle a structur\u00e9 autour de l\u2019\u00e9v\u00e9nement un outil de formation local : la Creative Fashion School, organisation \u00e0 but non lucratif d\u00e9di\u00e9e \u00e0 l\u2019apprentissage de la couture, du design et de la d\u00e9coration. Cayman Instyle Fashion Week 2026 s\u2019appuie donc sur une base \u00e9ducative concr\u00e8te, et non sur une simple vitrine \u00e9v\u00e9nementielle. <\/span><\/p>\t\t\t\t\t\t\t\t<\/div>\n\t\t\t\t<\/div>\n\t\t\t\t<div class=\"elementor-element elementor-element-002ee14 elementor-widget elementor-widget-text-editor\" data-id=\"002ee14\" data-element_type=\"widget\" data-widget_type=\"text-editor.default\">\n\t\t\t\t<div class=\"elementor-widget-container\">\n\t\t\t\t\t\t\t\t\t<p><span style=\"font-weight: 400;\">Cette articulation entre podium et transmission m\u00e9rite l\u2019attention. La Creative Fashion School propose des cours pour d\u00e9butants, niveaux interm\u00e9diaires et avanc\u00e9s, un programme apr\u00e8s l\u2019\u00e9cole, un camp d\u2019\u00e9t\u00e9, ainsi qu\u2019un Emerging Designers Program destin\u00e9 \u00e0 aider les talents du territoire \u00e0 gagner en exp\u00e9rience et en confiance. Les pages pr\u00e9cisent aussi qu\u2019une partie des recettes est r\u00e9investie dans l\u2019\u00e9cole et dans un fonds de bourses. Dans cette perspective, Cayman Instyle Fashion Week 2026 devient un m\u00e9canisme de soutien \u00e0 une fili\u00e8re locale en construction. <\/span><\/p>\t\t\t\t\t\t\t\t<\/div>\n\t\t\t\t<\/div>\n\t\t\t\t\t<\/div>\n\t\t<\/div>\n\t\t\t\t\t<\/div>\n\t\t<\/section>\n\t\t\t\t<section class=\"elementor-section elementor-top-section elementor-element elementor-element-73744de elementor-section-boxed elementor-section-height-default elementor-section-height-default\" data-id=\"73744de\" data-element_type=\"section\">\n\t\t\t\t\t\t<div class=\"elementor-container elementor-column-gap-default\">\n\t\t\t\t\t<div class=\"elementor-column elementor-col-100 elementor-top-column elementor-element elementor-element-8f238ec\" data-id=\"8f238ec\" data-element_type=\"column\">\n\t\t\t<div class=\"elementor-widget-wrap elementor-element-populated\">\n\t\t\t\t\t\t<div class=\"elementor-element elementor-element-1a869a1 elementor-widget elementor-widget-heading\" data-id=\"1a869a1\" data-element_type=\"widget\" data-widget_type=\"heading.default\">\n\t\t\t\t<div class=\"elementor-widget-container\">\n\t\t\t\t\t<h2 class=\"elementor-heading-title elementor-size-default\">Des prix, des d\u00e9fil\u00e9s et une lecture plus large du secteur cr\u00e9atif<\/h2>\t\t\t\t<\/div>\n\t\t\t\t<\/div>\n\t\t\t\t<div class=\"elementor-element elementor-element-ed5c50c elementor-widget elementor-widget-text-editor\" data-id=\"ed5c50c\" data-element_type=\"widget\" data-widget_type=\"text-editor.default\">\n\t\t\t\t<div class=\"elementor-widget-container\">\n\t\t\t\t\t\t\t\t\t<p><span style=\"font-weight: 400;\">Le gala du 24 avril permet de comprendre l\u2019ampleur du projet culturel port\u00e9 par l\u2019organisation. Les Trailblazer Awards distinguent aussi bien des mannequins, artistes musicaux, professionnels des m\u00e9dias, acteurs du bien-\u00eatre, photographes, vid\u00e9astes, \u00e9ducateurs, cr\u00e9ateurs num\u00e9riques ou porteurs d\u2019initiatives environnementales. En int\u00e9grant ces cat\u00e9gories, Cayman Instyle Fashion Week 2026 affirme une vision \u00e9largie de la cr\u00e9ation, o\u00f9 la mode dialogue avec l\u2019audiovisuel, la litt\u00e9rature, la sc\u00e8ne, l\u2019\u00e9ducation et le patrimoine. Cette architecture donne de la coh\u00e9rence au th\u00e8me \u201cFashion, Art &amp; Wellness\u201d mis en avant dans la communication touristique des \u00eeles Ca\u00efmans.<\/span><\/p>\t\t\t\t\t\t\t\t<\/div>\n\t\t\t\t<\/div>\n\t\t\t\t<div class=\"elementor-element elementor-element-ca3a92a elementor-widget elementor-widget-text-editor\" data-id=\"ca3a92a\" data-element_type=\"widget\" data-widget_type=\"text-editor.default\">\n\t\t\t\t<div class=\"elementor-widget-container\">\n\t\t\t\t\t\t\t\t\t<p><span style=\"font-weight: 400;\">Le samedi, les d\u00e9fil\u00e9s pour les jeunes puis pour les adultes installent la partie la plus visible de la semaine. Pourtant, l\u2019organisation insiste aussi sur les Model Workshops et sur l\u2019ouverture \u00e0 des profils de tous \u00e2ges, toutes tailles et toutes origines. Un article publi\u00e9 le 15 avril 2026 par Cayman Compass rapporte que les ateliers pr\u00e9paratoires ont r\u00e9uni des participants de 5 ans \u00e0 plus de 65 ans. Cette donn\u00e9e \u00e9claire la philosophie de Cayman Instyle Fashion Week 2026 : utiliser la mode comme espace d\u2019apprentissage, de discipline et d\u2019assurance personnelle, avec une port\u00e9e sociale tr\u00e8s nette.<\/span><\/p>\t\t\t\t\t\t\t\t<\/div>\n\t\t\t\t<\/div>\n\t\t\t\t<section class=\"elementor-section elementor-inner-section elementor-element elementor-element-ee73421 elementor-section-boxed elementor-section-height-default elementor-section-height-default\" data-id=\"ee73421\" data-element_type=\"section\">\n\t\t\t\t\t\t<div class=\"elementor-container elementor-column-gap-default\">\n\t\t\t\t\t<div class=\"elementor-column elementor-col-50 elementor-inner-column elementor-element elementor-element-8f1e8f3\" data-id=\"8f1e8f3\" data-element_type=\"column\">\n\t\t\t<div class=\"elementor-widget-wrap elementor-element-populated\">\n\t\t\t\t\t\t<div class=\"elementor-element elementor-element-e792ac8 elementor-widget elementor-widget-image\" data-id=\"e792ac8\" data-element_type=\"widget\" data-widget_type=\"image.default\">\n\t\t\t\t<div class=\"elementor-widget-container\">\n\t\t\t\t\t\t\t\t\t\t\t\t<figure class=\"wp-caption\">\n\t\t\t\t\t\t\t\t\t\t<img loading=\"lazy\" decoding=\"async\" width=\"800\" height=\"999\" src=\"https:\/\/richeskarayib.com\/wp-content\/uploads\/2026\/04\/THE-GALA-820x1024.jpg\" class=\"attachment-large size-large wp-image-72779\" alt=\"Cayman Instyle Fashion Week\" srcset=\"https:\/\/richeskarayib.com\/wp-content\/uploads\/2026\/04\/THE-GALA-820x1024.jpg 820w, https:\/\/richeskarayib.com\/wp-content\/uploads\/2026\/04\/THE-GALA-240x300.jpg 240w, https:\/\/richeskarayib.com\/wp-content\/uploads\/2026\/04\/THE-GALA-768x959.jpg 768w, https:\/\/richeskarayib.com\/wp-content\/uploads\/2026\/04\/THE-GALA-1230x1536.jpg 1230w, https:\/\/richeskarayib.com\/wp-content\/uploads\/2026\/04\/THE-GALA-1320x1649.jpg 1320w, https:\/\/richeskarayib.com\/wp-content\/uploads\/2026\/04\/THE-GALA.jpg 1537w\" sizes=\"(max-width: 800px) 100vw, 800px\" \/>\t\t\t\t\t\t\t\t\t\t\t<figcaption class=\"widget-image-caption wp-caption-text\">\u00a9Cayman Instyle Fashion Week<\/figcaption>\n\t\t\t\t\t\t\t\t\t\t<\/figure>\n\t\t\t\t\t\t\t\t\t<\/div>\n\t\t\t\t<\/div>\n\t\t\t\t\t<\/div>\n\t\t<\/div>\n\t\t\t\t<div class=\"elementor-column elementor-col-50 elementor-inner-column elementor-element elementor-element-f745135\" data-id=\"f745135\" data-element_type=\"column\">\n\t\t\t<div class=\"elementor-widget-wrap elementor-element-populated\">\n\t\t\t\t\t\t<div class=\"elementor-element elementor-element-29bc8dd elementor-widget elementor-widget-image\" data-id=\"29bc8dd\" data-element_type=\"widget\" data-widget_type=\"image.default\">\n\t\t\t\t<div class=\"elementor-widget-container\">\n\t\t\t\t\t\t\t\t\t\t\t\t<figure class=\"wp-caption\">\n\t\t\t\t\t\t\t\t\t\t<img loading=\"lazy\" decoding=\"async\" width=\"800\" height=\"1000\" src=\"https:\/\/richeskarayib.com\/wp-content\/uploads\/2026\/04\/651754606_1366993852111805_7261528196776356710_n-819x1024.jpg\" class=\"attachment-large size-large wp-image-72783\" alt=\"Cayman Instyle Fashion Week\" srcset=\"https:\/\/richeskarayib.com\/wp-content\/uploads\/2026\/04\/651754606_1366993852111805_7261528196776356710_n-819x1024.jpg 819w, https:\/\/richeskarayib.com\/wp-content\/uploads\/2026\/04\/651754606_1366993852111805_7261528196776356710_n-240x300.jpg 240w, https:\/\/richeskarayib.com\/wp-content\/uploads\/2026\/04\/651754606_1366993852111805_7261528196776356710_n-768x960.jpg 768w, https:\/\/richeskarayib.com\/wp-content\/uploads\/2026\/04\/651754606_1366993852111805_7261528196776356710_n.jpg 1152w\" sizes=\"(max-width: 800px) 100vw, 800px\" \/>\t\t\t\t\t\t\t\t\t\t\t<figcaption class=\"widget-image-caption wp-caption-text\">\u00a9Cayman Instyle Fashion Week<\/figcaption>\n\t\t\t\t\t\t\t\t\t\t<\/figure>\n\t\t\t\t\t\t\t\t\t<\/div>\n\t\t\t\t<\/div>\n\t\t\t\t\t<\/div>\n\t\t<\/div>\n\t\t\t\t\t<\/div>\n\t\t<\/section>\n\t\t\t\t\t<\/div>\n\t\t<\/div>\n\t\t\t\t\t<\/div>\n\t\t<\/section>\n\t\t\t\t<section class=\"elementor-section elementor-top-section elementor-element elementor-element-cd6f302 elementor-section-boxed elementor-section-height-default elementor-section-height-default\" data-id=\"cd6f302\" data-element_type=\"section\">\n\t\t\t\t\t\t<div class=\"elementor-container elementor-column-gap-default\">\n\t\t\t\t\t<div class=\"elementor-column elementor-col-100 elementor-top-column elementor-element elementor-element-3291df2\" data-id=\"3291df2\" data-element_type=\"column\">\n\t\t\t<div class=\"elementor-widget-wrap elementor-element-populated\">\n\t\t\t\t\t\t<div class=\"elementor-element elementor-element-d48250a elementor-widget elementor-widget-heading\" data-id=\"d48250a\" data-element_type=\"widget\" data-widget_type=\"heading.default\">\n\t\t\t\t<div class=\"elementor-widget-container\">\n\t\t\t\t\t<h2 class=\"elementor-heading-title elementor-size-default\">Une vitrine utile pour l\u2019image culturelle des \u00eeles Ca\u00efmans<\/h2>\t\t\t\t<\/div>\n\t\t\t\t<\/div>\n\t\t\t\t<div class=\"elementor-element elementor-element-995f4f4 elementor-widget elementor-widget-text-editor\" data-id=\"995f4f4\" data-element_type=\"widget\" data-widget_type=\"text-editor.default\">\n\t\t\t\t<div class=\"elementor-widget-container\">\n\t\t\t\t\t\t\t\t\t<p><span style=\"font-weight: 400;\">Pour le territoire, <a href=\"https:\/\/www.caymaninstylefashionweek.com\/the-events\" target=\"_blank\" rel=\"noopener nofollow\">Cayman Instyle Fashion Week 2026<\/a> peut produire plusieurs effets en m\u00eame temps. L\u2019\u00e9v\u00e9nement nourrit l\u2019offre touristique d\u2019avril, valorise les lieux d\u2019accueil, attire des visiteurs professionnels, et met en avant des cr\u00e9ateurs du cru dans un cadre international. Il permet aussi de montrer une image des \u00eeles Ca\u00efmans li\u00e9e \u00e0 la culture, au savoir-faire et \u00e0 l\u2019entrepreneuriat cr\u00e9atif. Dans une Cara\u00efbe o\u00f9 la concurrence entre destinations est forte, cette orientation peut compter. Elle donne au territoire un r\u00e9cit plus riche, adoss\u00e9 \u00e0 la mode, \u00e0 l\u2019\u00e9ducation et \u00e0 l\u2019invention de nouvelles trajectoires pour la jeunesse locale.<\/span><\/p>\t\t\t\t\t\t\t\t<\/div>\n\t\t\t\t<\/div>\n\t\t\t\t\t<\/div>\n\t\t<\/div>\n\t\t\t\t\t<\/div>\n\t\t<\/section>\n\t\t\t\t<section class=\"elementor-section elementor-top-section elementor-element elementor-element-f5709a6 elementor-section-boxed elementor-section-height-default elementor-section-height-default\" data-id=\"f5709a6\" data-element_type=\"section\">\n\t\t\t\t\t\t<div class=\"elementor-container elementor-column-gap-default\">\n\t\t\t\t\t<div class=\"elementor-column elementor-col-100 elementor-top-column elementor-element elementor-element-957be6f\" data-id=\"957be6f\" data-element_type=\"column\">\n\t\t\t<div class=\"elementor-widget-wrap elementor-element-populated\">\n\t\t\t\t\t\t<div class=\"elementor-element elementor-element-63e5d4a elementor-widget elementor-widget-accordion\" data-id=\"63e5d4a\" data-element_type=\"widget\" data-widget_type=\"accordion.default\">\n\t\t\t\t<div class=\"elementor-widget-container\">\n\t\t\t\t\t\t\t<div class=\"elementor-accordion\">\n\t\t\t\t\t\t\t<div class=\"elementor-accordion-item\">\n\t\t\t\t\t<div id=\"elementor-tab-title-1041\" class=\"elementor-tab-title\" data-tab=\"1\" role=\"button\" aria-controls=\"elementor-tab-content-1041\" aria-expanded=\"false\">\n\t\t\t\t\t\t\t\t\t\t\t\t\t<span class=\"elementor-accordion-icon elementor-accordion-icon-left\" aria-hidden=\"true\">\n\t\t\t\t\t\t\t\t\t\t\t\t\t\t\t<span class=\"elementor-accordion-icon-closed\"><i class=\"fas fa-plus\"><\/i><\/span>\n\t\t\t\t\t\t\t\t<span class=\"elementor-accordion-icon-opened\"><i class=\"fas fa-minus\"><\/i><\/span>\n\t\t\t\t\t\t\t\t\t\t\t\t\t\t<\/span>\n\t\t\t\t\t\t\t\t\t\t\t\t<a class=\"elementor-accordion-title\" tabindex=\"0\">Quelles sont les dates de Cayman Instyle Fashion Week 2026 ?<\/a>\n\t\t\t\t\t<\/div>\n\t\t\t\t\t<div id=\"elementor-tab-content-1041\" class=\"elementor-tab-content elementor-clearfix\" data-tab=\"1\" role=\"region\" aria-labelledby=\"elementor-tab-title-1041\"><p><span style=\"font-weight: 400;\">L\u2019\u00e9v\u00e9nement se d\u00e9roule du 23 au 26 avril 2026. Le 23 avril comprend le Global Fashion Summit et la Bridal Couture Exhibition au Grand Cayman Marriott Resort. Le 24 avril est consacr\u00e9 au gala et aux Trailblazer Awards. Le 25 avril accueille deux d\u00e9fil\u00e9s \u00e0 Hotel Indigo Grand Cayman, puis le 26 avril se cl\u00f4t avec The Escape, une sortie en mer.<\/span><\/p><\/div>\n\t\t\t\t<\/div>\n\t\t\t\t\t\t\t<div class=\"elementor-accordion-item\">\n\t\t\t\t\t<div id=\"elementor-tab-title-1042\" class=\"elementor-tab-title\" data-tab=\"2\" role=\"button\" aria-controls=\"elementor-tab-content-1042\" aria-expanded=\"false\">\n\t\t\t\t\t\t\t\t\t\t\t\t\t<span class=\"elementor-accordion-icon elementor-accordion-icon-left\" aria-hidden=\"true\">\n\t\t\t\t\t\t\t\t\t\t\t\t\t\t\t<span class=\"elementor-accordion-icon-closed\"><i class=\"fas fa-plus\"><\/i><\/span>\n\t\t\t\t\t\t\t\t<span class=\"elementor-accordion-icon-opened\"><i class=\"fas fa-minus\"><\/i><\/span>\n\t\t\t\t\t\t\t\t\t\t\t\t\t\t<\/span>\n\t\t\t\t\t\t\t\t\t\t\t\t<a class=\"elementor-accordion-title\" tabindex=\"0\">Pourquoi le Global Fashion Summit compte-t-il dans cette \u00e9dition ?<\/a>\n\t\t\t\t\t<\/div>\n\t\t\t\t\t<div id=\"elementor-tab-content-1042\" class=\"elementor-tab-content elementor-clearfix\" data-tab=\"2\" role=\"region\" aria-labelledby=\"elementor-tab-title-1042\"><p><span style=\"font-weight: 400;\">Parce qu\u2019il donne une port\u00e9e intellectuelle et professionnelle \u00e0 la semaine. Le sommet aborde la durabilit\u00e9, l\u2019intelligence artificielle, le bien-\u00eatre mental et \u00e9motionnel, l\u2019identit\u00e9 culturelle et l\u2019\u00e9conomie cr\u00e9ative. Ce cadrage place la mode dans un dialogue avec les grands enjeux contemporains et attire un public plus large que celui des seuls amateurs de d\u00e9fil\u00e9s.<\/span><\/p><\/div>\n\t\t\t\t<\/div>\n\t\t\t\t\t\t\t<div class=\"elementor-accordion-item\">\n\t\t\t\t\t<div id=\"elementor-tab-title-1043\" class=\"elementor-tab-title\" data-tab=\"3\" role=\"button\" aria-controls=\"elementor-tab-content-1043\" aria-expanded=\"false\">\n\t\t\t\t\t\t\t\t\t\t\t\t\t<span class=\"elementor-accordion-icon elementor-accordion-icon-left\" aria-hidden=\"true\">\n\t\t\t\t\t\t\t\t\t\t\t\t\t\t\t<span class=\"elementor-accordion-icon-closed\"><i class=\"fas fa-plus\"><\/i><\/span>\n\t\t\t\t\t\t\t\t<span class=\"elementor-accordion-icon-opened\"><i class=\"fas fa-minus\"><\/i><\/span>\n\t\t\t\t\t\t\t\t\t\t\t\t\t\t<\/span>\n\t\t\t\t\t\t\t\t\t\t\t\t<a class=\"elementor-accordion-title\" tabindex=\"0\">En quoi l\u2019\u00e9v\u00e9nement est-il important pour les \u00eeles Ca\u00efmans ?<\/a>\n\t\t\t\t\t<\/div>\n\t\t\t\t\t<div id=\"elementor-tab-content-1043\" class=\"elementor-tab-content elementor-clearfix\" data-tab=\"3\" role=\"region\" aria-labelledby=\"elementor-tab-title-1043\"><p><span style=\"font-weight: 400;\">L\u2019\u00e9v\u00e9nement soutient la Creative Fashion School, met en avant les talents locaux, ouvre des perspectives aux jeunes cr\u00e9ateurs et contribue \u00e0 l\u2019image culturelle du territoire. Il associe tourisme, formation, cr\u00e9ation et mise en r\u00e9seau internationale, ce qui peut renforcer la place des \u00eeles Ca\u00efmans dans les industries cr\u00e9atives r\u00e9gionales.<\/span><\/p><\/div>\n\t\t\t\t<\/div>\n\t\t\t\t\t\t\t\t<\/div>\n\t\t\t\t\t\t<\/div>\n\t\t\t\t<\/div>\n\t\t\t\t\t<\/div>\n\t\t<\/div>\n\t\t\t\t\t<\/div>\n\t\t<\/section>\n\t\t\t\t<\/div>\n\t\t","protected":false},"excerpt":{"rendered":"<p>Cayman Instyle Fashion Week revient du 23 au 26 avril 2026 avec un programme qui donne une autre dimension \u00e0 la mode dans la Cara\u00efbe. L\u2019\u00e9v\u00e9nement, organis\u00e9 \u00e0 Grand Cayman entre le Grand Cayman Marriott Resort, Hotel Indigo Grand Cayman et une sortie en mer de cl\u00f4ture, articule cette \u00e9dition autour d\u2019un sommet professionnel, d\u2019une [&hellip;]<\/p>\n","protected":false},"author":662,"featured_media":72771,"comment_status":"open","ping_status":"open","sticky":false,"template":"","format":"standard","meta":{"_acf_changed":false,"footnotes":""},"categories":[1501],"tags":[1727],"class_list":["post-72770","post","type-post","status-publish","format-standard","has-post-thumbnail","hentry","category-mode","tag-iles-caimans"],"acf":[],"_links":{"self":[{"href":"https:\/\/richeskarayib.com\/fr\/wp-json\/wp\/v2\/posts\/72770","targetHints":{"allow":["GET"]}}],"collection":[{"href":"https:\/\/richeskarayib.com\/fr\/wp-json\/wp\/v2\/posts"}],"about":[{"href":"https:\/\/richeskarayib.com\/fr\/wp-json\/wp\/v2\/types\/post"}],"author":[{"embeddable":true,"href":"https:\/\/richeskarayib.com\/fr\/wp-json\/wp\/v2\/users\/662"}],"replies":[{"embeddable":true,"href":"https:\/\/richeskarayib.com\/fr\/wp-json\/wp\/v2\/comments?post=72770"}],"version-history":[{"count":0,"href":"https:\/\/richeskarayib.com\/fr\/wp-json\/wp\/v2\/posts\/72770\/revisions"}],"wp:featuredmedia":[{"embeddable":true,"href":"https:\/\/richeskarayib.com\/fr\/wp-json\/wp\/v2\/media\/72771"}],"wp:attachment":[{"href":"https:\/\/richeskarayib.com\/fr\/wp-json\/wp\/v2\/media?parent=72770"}],"wp:term":[{"taxonomy":"category","embeddable":true,"href":"https:\/\/richeskarayib.com\/fr\/wp-json\/wp\/v2\/categories?post=72770"},{"taxonomy":"post_tag","embeddable":true,"href":"https:\/\/richeskarayib.com\/fr\/wp-json\/wp\/v2\/tags?post=72770"}],"curies":[{"name":"wp","href":"https:\/\/api.w.org\/{rel}","templated":true}]}}