{"id":72823,"date":"2026-04-23T07:02:30","date_gmt":"2026-04-23T11:02:30","guid":{"rendered":"https:\/\/richeskarayib.com\/?p=72823"},"modified":"2026-04-23T07:02:30","modified_gmt":"2026-04-23T11:02:30","slug":"fort-marfranc-laurent-ferou-independance","status":"publish","type":"post","link":"https:\/\/richeskarayib.com\/fr\/fort-marfranc-laurent-ferou-independance\/","title":{"rendered":"Ha\u00efti &#8211; Fort Marfranc : la forteresse de Grand\u2019Anse o\u00f9 repose un signataire de l\u2019ind\u00e9pendance"},"content":{"rendered":"\t\t<div data-elementor-type=\"wp-post\" data-elementor-id=\"72823\" class=\"elementor elementor-72823\" data-elementor-post-type=\"post\">\n\t\t\t\t\t\t<section class=\"elementor-section elementor-top-section elementor-element elementor-element-7ca7ca1 elementor-section-boxed elementor-section-height-default elementor-section-height-default\" data-id=\"7ca7ca1\" data-element_type=\"section\">\n\t\t\t\t\t\t<div class=\"elementor-container elementor-column-gap-default\">\n\t\t\t\t\t<div class=\"elementor-column elementor-col-100 elementor-top-column elementor-element elementor-element-cbdd002\" data-id=\"cbdd002\" data-element_type=\"column\">\n\t\t\t<div class=\"elementor-widget-wrap elementor-element-populated\">\n\t\t\t\t\t\t<section class=\"elementor-section elementor-inner-section elementor-element elementor-element-bc94849 elementor-section-boxed elementor-section-height-default elementor-section-height-default\" data-id=\"bc94849\" data-element_type=\"section\">\n\t\t\t\t\t\t<div class=\"elementor-container elementor-column-gap-default\">\n\t\t\t\t\t\t<\/div>\n\t\t<\/section>\n\t\t\t\t<section class=\"elementor-section elementor-inner-section elementor-element elementor-element-61571e6 elementor-section-boxed elementor-section-height-default elementor-section-height-default\" data-id=\"61571e6\" data-element_type=\"section\">\n\t\t\t\t\t\t<div class=\"elementor-container elementor-column-gap-default\">\n\t\t\t\t\t\t<\/div>\n\t\t<\/section>\n\t\t\t\t<section class=\"elementor-section elementor-inner-section elementor-element elementor-element-b6262e0 elementor-section-boxed elementor-section-height-default elementor-section-height-default\" data-id=\"b6262e0\" data-element_type=\"section\">\n\t\t\t\t\t\t<div class=\"elementor-container elementor-column-gap-default\">\n\t\t\t\t\t\t<\/div>\n\t\t<\/section>\n\t\t\t\t<section class=\"elementor-section elementor-inner-section elementor-element elementor-element-cca29fd elementor-section-boxed elementor-section-height-default elementor-section-height-default\" data-id=\"cca29fd\" data-element_type=\"section\">\n\t\t\t\t\t\t<div class=\"elementor-container elementor-column-gap-default\">\n\t\t\t\t\t\t<\/div>\n\t\t<\/section>\n\t\t\t\t\t<\/div>\n\t\t<\/div>\n\t\t\t\t\t<\/div>\n\t\t<\/section>\n\t\t\t\t<section class=\"elementor-section elementor-top-section elementor-element elementor-element-ee72354 elementor-section-boxed elementor-section-height-default elementor-section-height-default\" data-id=\"ee72354\" data-element_type=\"section\">\n\t\t\t\t\t\t<div class=\"elementor-container elementor-column-gap-default\">\n\t\t\t\t\t<div class=\"elementor-column elementor-col-100 elementor-top-column elementor-element elementor-element-c59d6fe\" data-id=\"c59d6fe\" data-element_type=\"column\">\n\t\t\t<div class=\"elementor-widget-wrap elementor-element-populated\">\n\t\t\t\t\t\t<div class=\"elementor-element elementor-element-661ebea elementor-widget elementor-widget-text-editor\" data-id=\"661ebea\" data-element_type=\"widget\" data-widget_type=\"text-editor.default\">\n\t\t\t\t<div class=\"elementor-widget-container\">\n\t\t\t\t\t\t\t\t\t<p><span style=\"font-weight: 400;\">Fort Marfranc concentre \u00e0 lui seul plusieurs strates majeures de l\u2019histoire ha\u00eftienne : la d\u00e9fense du jeune \u00c9tat apr\u00e8s 1804, la m\u00e9moire de la lutte contre l\u2019ordre colonial et la pr\u00e9sence, en son enceinte, de la tombe de Laurent F\u00e9rou, signataire de l\u2019acte d\u2019ind\u00e9pendance. Peu de sites r\u00e9unissent avec une telle intensit\u00e9 la dimension militaire, politique et m\u00e9morielle. Dans la Grand\u2019Anse, ce fort poss\u00e8de donc une valeur qui d\u00e9passe largement celle d\u2019un simple vestige ancien.<\/span><\/p>\t\t\t\t\t\t\t\t<\/div>\n\t\t\t\t<\/div>\n\t\t\t\t\t<\/div>\n\t\t<\/div>\n\t\t\t\t\t<\/div>\n\t\t<\/section>\n\t\t\t\t<section class=\"elementor-section elementor-top-section elementor-element elementor-element-82cd8f9 elementor-section-boxed elementor-section-height-default elementor-section-height-default\" data-id=\"82cd8f9\" data-element_type=\"section\">\n\t\t\t\t\t\t<div class=\"elementor-container elementor-column-gap-default\">\n\t\t\t\t\t<div class=\"elementor-column elementor-col-100 elementor-top-column elementor-element elementor-element-0bfdc38\" data-id=\"0bfdc38\" data-element_type=\"column\">\n\t\t\t<div class=\"elementor-widget-wrap elementor-element-populated\">\n\t\t\t\t\t\t<div class=\"elementor-element elementor-element-7d292fe elementor-widget elementor-widget-heading\" data-id=\"7d292fe\" data-element_type=\"widget\" data-widget_type=\"heading.default\">\n\t\t\t\t<div class=\"elementor-widget-container\">\n\t\t\t\t\t<h2 class=\"elementor-heading-title elementor-size-default\">Un fort li\u00e9 \u00e0 l\u2019urgence de prot\u00e9ger l\u2019ind\u00e9pendance<\/h2>\t\t\t\t<\/div>\n\t\t\t\t<\/div>\n\t\t\t\t<section class=\"elementor-section elementor-inner-section elementor-element elementor-element-da8459c elementor-section-boxed elementor-section-height-default elementor-section-height-default\" data-id=\"da8459c\" data-element_type=\"section\">\n\t\t\t\t\t\t<div class=\"elementor-container elementor-column-gap-default\">\n\t\t\t\t\t<div class=\"elementor-column elementor-col-100 elementor-inner-column elementor-element elementor-element-45b856b\" data-id=\"45b856b\" data-element_type=\"column\">\n\t\t\t<div class=\"elementor-widget-wrap elementor-element-populated\">\n\t\t\t\t\t\t<div class=\"elementor-element elementor-element-289b094 elementor-widget elementor-widget-text-editor\" data-id=\"289b094\" data-element_type=\"widget\" data-widget_type=\"text-editor.default\">\n\t\t\t\t<div class=\"elementor-widget-container\">\n\t\t\t\t\t\t\t\t\t<p><span style=\"font-weight: 400;\">Apr\u00e8s 1804, <a href=\"https:\/\/richeskarayib.com\/fr\/vodou-haiti-benin-patrimoine-unesco\/\" target=\"_blank\" rel=\"noopener\">Ha\u00efti <\/a>doit consolider une libert\u00e9 conquise au terme d\u2019une guerre d\u00e9cisive. Le territoire se dote alors d\u2019un ensemble de fortifications destin\u00e9es \u00e0 pr\u00e9venir un retour des anciens ma\u00eetres de Saint-Domingue. Fort Marfranc appartient \u00e0 cette logique d\u00e9fensive. Son existence rappelle qu\u2019au lendemain de l\u2019ind\u00e9pendance, la souverainet\u00e9 ne relevait pas seulement des textes et des proclamations : elle se construisait aussi dans la pierre, sur les reliefs, par une occupation strat\u00e9gique du territoire.<\/span><\/p>\t\t\t\t\t\t\t\t<\/div>\n\t\t\t\t<\/div>\n\t\t\t\t<div class=\"elementor-element elementor-element-425fc30 elementor-widget elementor-widget-text-editor\" data-id=\"425fc30\" data-element_type=\"widget\" data-widget_type=\"text-editor.default\">\n\t\t\t\t<div class=\"elementor-widget-container\">\n\t\t\t\t\t\t\t\t\t<p><span style=\"font-weight: 400;\">Le site domine l\u2019espace autour de J\u00e9r\u00e9mie, ce qui lui donnait un r\u00f4le de veille et de contr\u00f4le particuli\u00e8rement utile dans une r\u00e9gion expos\u00e9e aux incertitudes de l\u2019\u00e9poque. Ce choix d\u2019implantation n\u2019avait rien d\u2019esth\u00e9tique. Il r\u00e9pondait \u00e0 une lecture militaire tr\u00e8s concr\u00e8te du terrain : voir loin, anticiper un mouvement, d\u00e9fendre une zone de passage et inscrire la s\u00e9curit\u00e9 dans le paysage m\u00eame de la Grand\u2019Anse. Cette relation entre relief et strat\u00e9gie fait partie de l\u2019int\u00e9r\u00eat majeur du lieu.<\/span><\/p>\t\t\t\t\t\t\t\t<\/div>\n\t\t\t\t<\/div>\n\t\t\t\t<div class=\"elementor-element elementor-element-bedb03f elementor-widget elementor-widget-image\" data-id=\"bedb03f\" data-element_type=\"widget\" data-widget_type=\"image.default\">\n\t\t\t\t<div class=\"elementor-widget-container\">\n\t\t\t\t\t\t\t\t\t\t\t\t\t\t\t<img fetchpriority=\"high\" decoding=\"async\" width=\"800\" height=\"600\" src=\"https:\/\/richeskarayib.com\/wp-content\/uploads\/2026\/04\/3-1024x768.png\" class=\"attachment-large size-large wp-image-72828\" alt=\"Fort Marfranc\" srcset=\"https:\/\/richeskarayib.com\/wp-content\/uploads\/2026\/04\/3-1024x768.png 1024w, https:\/\/richeskarayib.com\/wp-content\/uploads\/2026\/04\/3-300x225.png 300w, https:\/\/richeskarayib.com\/wp-content\/uploads\/2026\/04\/3-768x576.png 768w, https:\/\/richeskarayib.com\/wp-content\/uploads\/2026\/04\/3-1536x1152.png 1536w, https:\/\/richeskarayib.com\/wp-content\/uploads\/2026\/04\/3-1320x990.png 1320w, https:\/\/richeskarayib.com\/wp-content\/uploads\/2026\/04\/3.png 1920w\" sizes=\"(max-width: 800px) 100vw, 800px\" \/>\t\t\t\t\t\t\t\t\t\t\t\t\t\t\t<\/div>\n\t\t\t\t<\/div>\n\t\t\t\t\t<\/div>\n\t\t<\/div>\n\t\t\t\t\t<\/div>\n\t\t<\/section>\n\t\t\t\t<section class=\"elementor-section elementor-inner-section elementor-element elementor-element-c582330 elementor-section-boxed elementor-section-height-default elementor-section-height-default\" data-id=\"c582330\" data-element_type=\"section\">\n\t\t\t\t\t\t<div class=\"elementor-container elementor-column-gap-default\">\n\t\t\t\t\t\t<\/div>\n\t\t<\/section>\n\t\t\t\t<section class=\"elementor-section elementor-inner-section elementor-element elementor-element-296603a elementor-section-boxed elementor-section-height-default elementor-section-height-default\" data-id=\"296603a\" data-element_type=\"section\">\n\t\t\t\t\t\t<div class=\"elementor-container elementor-column-gap-default\">\n\t\t\t\t\t\t<\/div>\n\t\t<\/section>\n\t\t\t\t\t<\/div>\n\t\t<\/div>\n\t\t\t\t\t<\/div>\n\t\t<\/section>\n\t\t\t\t<section class=\"elementor-section elementor-top-section elementor-element elementor-element-9c88a89 elementor-section-boxed elementor-section-height-default elementor-section-height-default\" data-id=\"9c88a89\" data-element_type=\"section\">\n\t\t\t\t\t\t<div class=\"elementor-container elementor-column-gap-default\">\n\t\t\t\t\t<div class=\"elementor-column elementor-col-100 elementor-top-column elementor-element elementor-element-78cf5d1\" data-id=\"78cf5d1\" data-element_type=\"column\">\n\t\t\t<div class=\"elementor-widget-wrap elementor-element-populated\">\n\t\t\t\t\t\t<div class=\"elementor-element elementor-element-ea2a5c1 elementor-widget elementor-widget-heading\" data-id=\"ea2a5c1\" data-element_type=\"widget\" data-widget_type=\"heading.default\">\n\t\t\t\t<div class=\"elementor-widget-container\">\n\t\t\t\t\t<h2 class=\"elementor-heading-title elementor-size-default\">La singularit\u00e9 du lieu : une forteresse construite sur un ancien espace colonial<\/h2>\t\t\t\t<\/div>\n\t\t\t\t<\/div>\n\t\t\t\t<div class=\"elementor-element elementor-element-e305eee elementor-widget elementor-widget-text-editor\" data-id=\"e305eee\" data-element_type=\"widget\" data-widget_type=\"text-editor.default\">\n\t\t\t\t<div class=\"elementor-widget-container\">\n\t\t\t\t\t\t\t\t\t<p><span style=\"font-weight: 400;\">La force symbolique de Fort Marfranc tient aussi \u00e0 son ancrage physique. Le fort a \u00e9t\u00e9 \u00e9lev\u00e9 sur les vestiges de l\u2019ancienne maison de ma\u00eetre du capitaine Marfranc, un officier fran\u00e7ais de la premi\u00e8re compagnie de gendarmes. Le terrain recouvrait aussi l\u2019emplacement d\u2019anciennes cases d\u2019esclaves. En quelques m\u00e8tres carr\u00e9s, le site rassemble ainsi trois temporalit\u00e9s : l\u2019ordre colonial, la rupture r\u00e9volutionnaire et l\u2019organisation d\u00e9fensive du nouvel \u00c9tat ha\u00eftien. Cette superposition donne au monument une densit\u00e9 historique rare.<\/span><\/p>\t\t\t\t\t\t\t\t<\/div>\n\t\t\t\t<\/div>\n\t\t\t\t<div class=\"elementor-element elementor-element-a4f4746 elementor-widget elementor-widget-text-editor\" data-id=\"a4f4746\" data-element_type=\"widget\" data-widget_type=\"text-editor.default\">\n\t\t\t\t<div class=\"elementor-widget-container\">\n\t\t\t\t\t\t\t\t\t<p><span style=\"font-weight: 400;\">C\u2019est pr\u00e9cis\u00e9ment l\u00e0 que r\u00e9side l\u2019attrait profond de Fort Marfranc. Le lieu ne raconte pas seulement une bataille ou une architecture militaire. Il mat\u00e9rialise un basculement de pouvoir. Un espace autrefois li\u00e9 \u00e0 la domination coloniale devient un point de protection du pays ind\u00e9pendant. Pour un lecteur attentif \u00e0 l\u2019histoire carib\u00e9enne, ce d\u00e9tail change tout : il permet de comprendre comment l\u2019ind\u00e9pendance a aussi transform\u00e9 les lieux, leur usage et leur signification politique.<\/span><\/p>\t\t\t\t\t\t\t\t<\/div>\n\t\t\t\t<\/div>\n\t\t\t\t<section class=\"elementor-section elementor-inner-section elementor-element elementor-element-457eb07 elementor-section-boxed elementor-section-height-default elementor-section-height-default\" data-id=\"457eb07\" data-element_type=\"section\">\n\t\t\t\t\t\t<div class=\"elementor-container elementor-column-gap-default\">\n\t\t\t\t\t<div class=\"elementor-column elementor-col-50 elementor-inner-column elementor-element elementor-element-69397f3\" data-id=\"69397f3\" data-element_type=\"column\">\n\t\t\t<div class=\"elementor-widget-wrap elementor-element-populated\">\n\t\t\t\t\t\t<div class=\"elementor-element elementor-element-7bc6aa4 elementor-widget elementor-widget-image\" data-id=\"7bc6aa4\" data-element_type=\"widget\" data-widget_type=\"image.default\">\n\t\t\t\t<div class=\"elementor-widget-container\">\n\t\t\t\t\t\t\t\t\t\t\t\t\t\t\t<img decoding=\"async\" width=\"800\" height=\"600\" src=\"https:\/\/richeskarayib.com\/wp-content\/uploads\/2026\/04\/2-1024x768.png\" class=\"attachment-large size-large wp-image-72832\" alt=\"Fort Marfranc\" srcset=\"https:\/\/richeskarayib.com\/wp-content\/uploads\/2026\/04\/2-1024x768.png 1024w, https:\/\/richeskarayib.com\/wp-content\/uploads\/2026\/04\/2-300x225.png 300w, https:\/\/richeskarayib.com\/wp-content\/uploads\/2026\/04\/2-768x576.png 768w, https:\/\/richeskarayib.com\/wp-content\/uploads\/2026\/04\/2-1536x1152.png 1536w, https:\/\/richeskarayib.com\/wp-content\/uploads\/2026\/04\/2-1320x990.png 1320w, https:\/\/richeskarayib.com\/wp-content\/uploads\/2026\/04\/2.png 1920w\" sizes=\"(max-width: 800px) 100vw, 800px\" \/>\t\t\t\t\t\t\t\t\t\t\t\t\t\t\t<\/div>\n\t\t\t\t<\/div>\n\t\t\t\t\t<\/div>\n\t\t<\/div>\n\t\t\t\t<div class=\"elementor-column elementor-col-50 elementor-inner-column elementor-element elementor-element-70d3ad8\" data-id=\"70d3ad8\" data-element_type=\"column\">\n\t\t\t<div class=\"elementor-widget-wrap elementor-element-populated\">\n\t\t\t\t\t\t<div class=\"elementor-element elementor-element-5bb826b elementor-widget elementor-widget-image\" data-id=\"5bb826b\" data-element_type=\"widget\" data-widget_type=\"image.default\">\n\t\t\t\t<div class=\"elementor-widget-container\">\n\t\t\t\t\t\t\t\t\t\t\t\t\t\t\t<img decoding=\"async\" width=\"800\" height=\"600\" src=\"https:\/\/richeskarayib.com\/wp-content\/uploads\/2026\/04\/4-1024x768.png\" class=\"attachment-large size-large wp-image-72836\" alt=\"Fort Marfranc\" srcset=\"https:\/\/richeskarayib.com\/wp-content\/uploads\/2026\/04\/4-1024x768.png 1024w, https:\/\/richeskarayib.com\/wp-content\/uploads\/2026\/04\/4-300x225.png 300w, https:\/\/richeskarayib.com\/wp-content\/uploads\/2026\/04\/4-768x576.png 768w, https:\/\/richeskarayib.com\/wp-content\/uploads\/2026\/04\/4-1536x1152.png 1536w, https:\/\/richeskarayib.com\/wp-content\/uploads\/2026\/04\/4-1320x990.png 1320w, https:\/\/richeskarayib.com\/wp-content\/uploads\/2026\/04\/4.png 1920w\" sizes=\"(max-width: 800px) 100vw, 800px\" \/>\t\t\t\t\t\t\t\t\t\t\t\t\t\t\t<\/div>\n\t\t\t\t<\/div>\n\t\t\t\t\t<\/div>\n\t\t<\/div>\n\t\t\t\t\t<\/div>\n\t\t<\/section>\n\t\t\t\t\t<\/div>\n\t\t<\/div>\n\t\t\t\t\t<\/div>\n\t\t<\/section>\n\t\t\t\t<section class=\"elementor-section elementor-top-section elementor-element elementor-element-4a0e8e4 elementor-section-boxed elementor-section-height-default elementor-section-height-default\" data-id=\"4a0e8e4\" data-element_type=\"section\">\n\t\t\t\t\t\t<div class=\"elementor-container elementor-column-gap-default\">\n\t\t\t\t\t<div class=\"elementor-column elementor-col-100 elementor-top-column elementor-element elementor-element-f16bdfb\" data-id=\"f16bdfb\" data-element_type=\"column\">\n\t\t\t<div class=\"elementor-widget-wrap elementor-element-populated\">\n\t\t\t\t\t\t<div class=\"elementor-element elementor-element-33604cf elementor-widget elementor-widget-heading\" data-id=\"33604cf\" data-element_type=\"widget\" data-widget_type=\"heading.default\">\n\t\t\t\t<div class=\"elementor-widget-container\">\n\t\t\t\t\t<h2 class=\"elementor-heading-title elementor-size-default\">Laurent F\u00e9rou, figure centrale de la m\u00e9moire du fort<\/h2>\t\t\t\t<\/div>\n\t\t\t\t<\/div>\n\t\t\t\t<div class=\"elementor-element elementor-element-06205d8 elementor-widget elementor-widget-text-editor\" data-id=\"06205d8\" data-element_type=\"widget\" data-widget_type=\"text-editor.default\">\n\t\t\t\t<div class=\"elementor-widget-container\">\n\t\t\t\t\t\t\t\t\t<p><span style=\"font-weight: 400;\">L\u2019histoire de Fort Marfranc est \u00e9troitement li\u00e9e \u00e0 Laurent F\u00e9rou, l\u2019un des chefs insurg\u00e9s ha\u00eftiens contre les Fran\u00e7ais. C\u2019est lui qui a dirig\u00e9 la construction du fort et choisi son emplacement. Cette donn\u00e9e donne au site une port\u00e9e particuli\u00e8re, car il s\u2019agit d\u2019un lieu pens\u00e9 par un acteur direct de la guerre d\u2019ind\u00e9pendance, et non d\u2019un ouvrage anonyme d\u00e9tach\u00e9 de ses protagonistes. Le fort porte donc la marque concr\u00e8te d\u2019une d\u00e9cision politique et militaire inscrite dans une trajectoire personnelle forte.<\/span><\/p>\t\t\t\t\t\t\t\t<\/div>\n\t\t\t\t<\/div>\n\t\t\t\t<div class=\"elementor-element elementor-element-002ee14 elementor-widget elementor-widget-text-editor\" data-id=\"002ee14\" data-element_type=\"widget\" data-widget_type=\"text-editor.default\">\n\t\t\t\t<div class=\"elementor-widget-container\">\n\t\t\t\t\t\t\t\t\t<p><span style=\"font-weight: 400;\">La pr\u00e9sence de sa tombe \u00e0 l\u2019int\u00e9rieur de l\u2019enceinte renforce encore cette port\u00e9e. Laurent F\u00e9rou, n\u00e9 sur l\u2019habitation Pinot aux C\u00f4teaux et mort \u00e0 J\u00e9r\u00e9mie en 1806, y a \u00e9t\u00e9 enterr\u00e9 apr\u00e8s avoir compt\u00e9 parmi les signataires de l\u2019acte d\u2019ind\u00e9pendance. Cette dimension fun\u00e9raire donne \u00e0 Fort Marfranc une valeur m\u00e9morielle exceptionnelle. Le site devient \u00e0 la fois un poste militaire, un rep\u00e8re historique et un lieu de recueillement national. Dans le paysage patrimonial ha\u00eftien, cette combinaison reste particuli\u00e8rement forte.<\/span><\/p>\t\t\t\t\t\t\t\t<\/div>\n\t\t\t\t<\/div>\n\t\t\t\t\t<\/div>\n\t\t<\/div>\n\t\t\t\t\t<\/div>\n\t\t<\/section>\n\t\t\t\t<section class=\"elementor-section elementor-top-section elementor-element elementor-element-73744de elementor-section-boxed elementor-section-height-default elementor-section-height-default\" data-id=\"73744de\" data-element_type=\"section\">\n\t\t\t\t\t\t<div class=\"elementor-container elementor-column-gap-default\">\n\t\t\t\t\t<div class=\"elementor-column elementor-col-100 elementor-top-column elementor-element elementor-element-8f238ec\" data-id=\"8f238ec\" data-element_type=\"column\">\n\t\t\t<div class=\"elementor-widget-wrap elementor-element-populated\">\n\t\t\t\t\t\t<div class=\"elementor-element elementor-element-1a869a1 elementor-widget elementor-widget-heading\" data-id=\"1a869a1\" data-element_type=\"widget\" data-widget_type=\"heading.default\">\n\t\t\t\t<div class=\"elementor-widget-container\">\n\t\t\t\t\t<h2 class=\"elementor-heading-title elementor-size-default\">Un patrimoine en ruine, mais une valeur intacte<\/h2>\t\t\t\t<\/div>\n\t\t\t\t<\/div>\n\t\t\t\t<div class=\"elementor-element elementor-element-ed5c50c elementor-widget elementor-widget-text-editor\" data-id=\"ed5c50c\" data-element_type=\"widget\" data-widget_type=\"text-editor.default\">\n\t\t\t\t<div class=\"elementor-widget-container\">\n\t\t\t\t\t\t\t\t\t<p><span style=\"font-weight: 400;\">Aujourd\u2019hui, Fort Marfranc est presque enti\u00e8rement d\u00e9truit. Cette situation limite sa lisibilit\u00e9 sur le terrain, fragilise sa transmission et complique sa valorisation aupr\u00e8s du grand public. Pourtant, sa ruine ne r\u00e9duit en rien son importance. Au contraire, elle souligne l\u2019urgence patrimoniale qui entoure de nombreux sites historiques ha\u00eftiens, surtout lorsqu\u2019ils se trouvent loin des circuits les plus connus. La question n\u2019est donc pas seulement de conserver des pierres ; elle consiste \u00e0 pr\u00e9server un r\u00e9cit national localis\u00e9, pr\u00e9cis et profond\u00e9ment enracin\u00e9 dans la Grand\u2019Anse.<\/span><\/p>\t\t\t\t\t\t\t\t<\/div>\n\t\t\t\t<\/div>\n\t\t\t\t<div class=\"elementor-element elementor-element-ca3a92a elementor-widget elementor-widget-text-editor\" data-id=\"ca3a92a\" data-element_type=\"widget\" data-widget_type=\"text-editor.default\">\n\t\t\t\t<div class=\"elementor-widget-container\">\n\t\t\t\t\t\t\t\t\t<p><span style=\"font-weight: 400;\">Dans cette perspective, Fort Marfranc pourrait jouer un r\u00f4le culturel et p\u00e9dagogique beaucoup plus fort. Le site a la capacit\u00e9 d\u2019alimenter un travail de transmission sur l\u2019ind\u00e9pendance, sur l\u2019histoire r\u00e9gionale de J\u00e9r\u00e9mie et sur les formes prises par la d\u00e9fense du territoire au d\u00e9but du XIXe si\u00e8cle. Il offre aussi une entr\u00e9e puissante pour parler des continuit\u00e9s entre esclavage, guerre, souverainet\u00e9 et m\u00e9moire. Pour un m\u00e9dia comme Rich\u00e8sKarayib, ce type de lieu m\u00e9rite une attention soutenue, car il enrichit la lecture de l\u2019histoire ha\u00eftienne au-del\u00e0 des r\u00e9f\u00e9rences les plus fr\u00e9quemment cit\u00e9es.<\/span><\/p>\t\t\t\t\t\t\t\t<\/div>\n\t\t\t\t<\/div>\n\t\t\t\t<div class=\"elementor-element elementor-element-b8f4d4e elementor-widget elementor-widget-video\" data-id=\"b8f4d4e\" data-element_type=\"widget\" data-settings=\"{&quot;youtube_url&quot;:&quot;https:\\\/\\\/www.youtube.com\\\/watch?v=U3-2UCCwVmM&quot;,&quot;video_type&quot;:&quot;youtube&quot;,&quot;controls&quot;:&quot;yes&quot;}\" data-widget_type=\"video.default\">\n\t\t\t\t<div class=\"elementor-widget-container\">\n\t\t\t\t\t\t\t<div class=\"elementor-wrapper elementor-open-inline\">\n\t\t\t<div class=\"elementor-video\"><\/div>\t\t<\/div>\n\t\t\t\t\t\t<\/div>\n\t\t\t\t<\/div>\n\t\t\t\t\t<\/div>\n\t\t<\/div>\n\t\t\t\t\t<\/div>\n\t\t<\/section>\n\t\t\t\t<section class=\"elementor-section elementor-top-section elementor-element elementor-element-cd6f302 elementor-section-boxed elementor-section-height-default elementor-section-height-default\" data-id=\"cd6f302\" data-element_type=\"section\">\n\t\t\t\t\t\t<div class=\"elementor-container elementor-column-gap-default\">\n\t\t\t\t\t<div class=\"elementor-column elementor-col-100 elementor-top-column elementor-element elementor-element-3291df2\" data-id=\"3291df2\" data-element_type=\"column\">\n\t\t\t<div class=\"elementor-widget-wrap elementor-element-populated\">\n\t\t\t\t\t\t<div class=\"elementor-element elementor-element-d48250a elementor-widget elementor-widget-heading\" data-id=\"d48250a\" data-element_type=\"widget\" data-widget_type=\"heading.default\">\n\t\t\t\t<div class=\"elementor-widget-container\">\n\t\t\t\t\t<h2 class=\"elementor-heading-title elementor-size-default\">Pourquoi ce fort m\u00e9rite une place plus nette dans les r\u00e9cits carib\u00e9ens ? <\/h2>\t\t\t\t<\/div>\n\t\t\t\t<\/div>\n\t\t\t\t<div class=\"elementor-element elementor-element-995f4f4 elementor-widget elementor-widget-text-editor\" data-id=\"995f4f4\" data-element_type=\"widget\" data-widget_type=\"text-editor.default\">\n\t\t\t\t<div class=\"elementor-widget-container\">\n\t\t\t\t\t\t\t\t\t<p><span style=\"font-weight: 400;\">Dans l\u2019espace carib\u00e9en, beaucoup de sites patrimoniaux attirent l\u2019attention par leur monumentalit\u00e9, leur \u00e9tat de conservation ou leur fr\u00e9quentation touristique.<a href=\"https:\/\/fr.wikipedia.org\/wiki\/Fort_Marfranc\" target=\"_blank\" rel=\"noopener nofollow\"> Fort Marfranc<\/a> retient l\u2019int\u00e9r\u00eat pour une autre raison : sa capacit\u00e9 \u00e0 faire tenir ensemble l\u2019exp\u00e9rience coloniale, la rupture r\u00e9volutionnaire et la m\u00e9moire d\u2019un signataire de l\u2019ind\u00e9pendance. Cette profondeur en fait un site d\u2019une grande port\u00e9e historique, m\u00eame dans son \u00e9tat actuel. Il donne \u00e0 voir une Ha\u00efti qui s\u2019est d\u00e9fendue, organis\u00e9e et racont\u00e9e \u00e0 travers des lieux charg\u00e9s de sens.<\/span><\/p>\t\t\t\t\t\t\t\t<\/div>\n\t\t\t\t<\/div>\n\t\t\t\t<div class=\"elementor-element elementor-element-e91f83c elementor-widget elementor-widget-text-editor\" data-id=\"e91f83c\" data-element_type=\"widget\" data-widget_type=\"text-editor.default\">\n\t\t\t\t<div class=\"elementor-widget-container\">\n\t\t\t\t\t\t\t\t\t<p><span style=\"font-weight: 400;\">Fort Marfranc m\u00e9rite donc d\u2019\u00eatre lu comme un rep\u00e8re patrimonial majeur de la Grand\u2019Anse. Son relief, son histoire, son lien avec Laurent F\u00e9rou et la puissance symbolique de son implantation en font un lieu de m\u00e9moire d\u2019une rare densit\u00e9. Pour le lecteur novice, il ouvre une porte claire sur les enjeux des premi\u00e8res ann\u00e9es de l\u2019ind\u00e9pendance. Pour le lecteur expert, il rappelle que des sites moins m\u00e9diatis\u00e9s restent essentiels pour comprendre, dans toute sa profondeur, l\u2019histoire ha\u00eftienne et carib\u00e9enne. <\/span><\/p>\t\t\t\t\t\t\t\t<\/div>\n\t\t\t\t<\/div>\n\t\t\t\t\t<\/div>\n\t\t<\/div>\n\t\t\t\t\t<\/div>\n\t\t<\/section>\n\t\t\t\t<section class=\"elementor-section elementor-top-section elementor-element elementor-element-f5709a6 elementor-section-boxed elementor-section-height-default elementor-section-height-default\" data-id=\"f5709a6\" data-element_type=\"section\">\n\t\t\t\t\t\t<div class=\"elementor-container elementor-column-gap-default\">\n\t\t\t\t\t<div class=\"elementor-column elementor-col-100 elementor-top-column elementor-element elementor-element-957be6f\" data-id=\"957be6f\" data-element_type=\"column\">\n\t\t\t<div class=\"elementor-widget-wrap elementor-element-populated\">\n\t\t\t\t\t\t<div class=\"elementor-element elementor-element-63e5d4a elementor-widget elementor-widget-accordion\" data-id=\"63e5d4a\" data-element_type=\"widget\" data-widget_type=\"accordion.default\">\n\t\t\t\t<div class=\"elementor-widget-container\">\n\t\t\t\t\t\t\t<div class=\"elementor-accordion\">\n\t\t\t\t\t\t\t<div class=\"elementor-accordion-item\">\n\t\t\t\t\t<div id=\"elementor-tab-title-1041\" class=\"elementor-tab-title\" data-tab=\"1\" role=\"button\" aria-controls=\"elementor-tab-content-1041\" aria-expanded=\"false\">\n\t\t\t\t\t\t\t\t\t\t\t\t\t<span class=\"elementor-accordion-icon elementor-accordion-icon-left\" aria-hidden=\"true\">\n\t\t\t\t\t\t\t\t\t\t\t\t\t\t\t<span class=\"elementor-accordion-icon-closed\"><i class=\"fas fa-plus\"><\/i><\/span>\n\t\t\t\t\t\t\t\t<span class=\"elementor-accordion-icon-opened\"><i class=\"fas fa-minus\"><\/i><\/span>\n\t\t\t\t\t\t\t\t\t\t\t\t\t\t<\/span>\n\t\t\t\t\t\t\t\t\t\t\t\t<a class=\"elementor-accordion-title\" tabindex=\"0\">Pourquoi Fort Marfranc est-il un site patrimonial si particulier ?<\/a>\n\t\t\t\t\t<\/div>\n\t\t\t\t\t<div id=\"elementor-tab-content-1041\" class=\"elementor-tab-content elementor-clearfix\" data-tab=\"1\" role=\"region\" aria-labelledby=\"elementor-tab-title-1041\"><p><span style=\"font-weight: 400;\">Parce qu\u2019il associe plusieurs dimensions rarement r\u00e9unies au m\u00eame endroit : une fonction militaire li\u00e9e \u00e0 la d\u00e9fense de l\u2019ind\u00e9pendance, une implantation sur un ancien espace colonial et la pr\u00e9sence de la tombe de Laurent F\u00e9rou, signataire de l\u2019acte d\u2019ind\u00e9pendance. Cette combinaison lui donne une port\u00e9e historique et symbolique tr\u00e8s forte dans la Grand\u2019Anse.<\/span><\/p><\/div>\n\t\t\t\t<\/div>\n\t\t\t\t\t\t\t<div class=\"elementor-accordion-item\">\n\t\t\t\t\t<div id=\"elementor-tab-title-1042\" class=\"elementor-tab-title\" data-tab=\"2\" role=\"button\" aria-controls=\"elementor-tab-content-1042\" aria-expanded=\"false\">\n\t\t\t\t\t\t\t\t\t\t\t\t\t<span class=\"elementor-accordion-icon elementor-accordion-icon-left\" aria-hidden=\"true\">\n\t\t\t\t\t\t\t\t\t\t\t\t\t\t\t<span class=\"elementor-accordion-icon-closed\"><i class=\"fas fa-plus\"><\/i><\/span>\n\t\t\t\t\t\t\t\t<span class=\"elementor-accordion-icon-opened\"><i class=\"fas fa-minus\"><\/i><\/span>\n\t\t\t\t\t\t\t\t\t\t\t\t\t\t<\/span>\n\t\t\t\t\t\t\t\t\t\t\t\t<a class=\"elementor-accordion-title\" tabindex=\"0\">Quel r\u00f4le Laurent F\u00e9rou a-t-il jou\u00e9 dans l\u2019histoire du fort ?<\/a>\n\t\t\t\t\t<\/div>\n\t\t\t\t\t<div id=\"elementor-tab-content-1042\" class=\"elementor-tab-content elementor-clearfix\" data-tab=\"2\" role=\"region\" aria-labelledby=\"elementor-tab-title-1042\"><p><span style=\"font-weight: 400;\">Laurent F\u00e9rou a dirig\u00e9 la construction du fort et choisi son emplacement. Son nom donne au site une profondeur particuli\u00e8re, car il s\u2019agit d\u2019un acteur de premier plan de la lutte ind\u00e9pendantiste. Le fait qu\u2019il repose dans l\u2019enceinte du fort renforce encore la valeur m\u00e9morielle de l\u2019ensemble et fait de ce lieu un rep\u00e8re important pour l\u2019histoire politique ha\u00eftienne.<\/span><\/p><\/div>\n\t\t\t\t<\/div>\n\t\t\t\t\t\t\t<div class=\"elementor-accordion-item\">\n\t\t\t\t\t<div id=\"elementor-tab-title-1043\" class=\"elementor-tab-title\" data-tab=\"3\" role=\"button\" aria-controls=\"elementor-tab-content-1043\" aria-expanded=\"false\">\n\t\t\t\t\t\t\t\t\t\t\t\t\t<span class=\"elementor-accordion-icon elementor-accordion-icon-left\" aria-hidden=\"true\">\n\t\t\t\t\t\t\t\t\t\t\t\t\t\t\t<span class=\"elementor-accordion-icon-closed\"><i class=\"fas fa-plus\"><\/i><\/span>\n\t\t\t\t\t\t\t\t<span class=\"elementor-accordion-icon-opened\"><i class=\"fas fa-minus\"><\/i><\/span>\n\t\t\t\t\t\t\t\t\t\t\t\t\t\t<\/span>\n\t\t\t\t\t\t\t\t\t\t\t\t<a class=\"elementor-accordion-title\" tabindex=\"0\">Que reste-t-il aujourd\u2019hui de Fort Marfranc ?<\/a>\n\t\t\t\t\t<\/div>\n\t\t\t\t\t<div id=\"elementor-tab-content-1043\" class=\"elementor-tab-content elementor-clearfix\" data-tab=\"3\" role=\"region\" aria-labelledby=\"elementor-tab-title-1043\"><p><span style=\"font-weight: 400;\">Le fort est aujourd\u2019hui presque enti\u00e8rement d\u00e9truit. Malgr\u00e9 cet \u00e9tat de d\u00e9gradation, sa valeur historique demeure consid\u00e9rable. Le site garde toute son importance pour comprendre la strat\u00e9gie d\u00e9fensive adopt\u00e9e apr\u00e8s 1804, la m\u00e9moire locale de la Grand\u2019Anse et la mani\u00e8re dont certains lieux concentrent encore, \u00e0 eux seuls, une grande partie de l\u2019exp\u00e9rience historique ha\u00eftienne. <\/span><\/p><\/div>\n\t\t\t\t<\/div>\n\t\t\t\t\t\t\t\t<\/div>\n\t\t\t\t\t\t<\/div>\n\t\t\t\t<\/div>\n\t\t\t\t\t<\/div>\n\t\t<\/div>\n\t\t\t\t\t<\/div>\n\t\t<\/section>\n\t\t\t\t<\/div>\n\t\t","protected":false},"excerpt":{"rendered":"<p>Fort Marfranc concentre \u00e0 lui seul plusieurs strates majeures de l\u2019histoire ha\u00eftienne : la d\u00e9fense du jeune \u00c9tat apr\u00e8s 1804, la m\u00e9moire de la lutte contre l\u2019ordre colonial et la pr\u00e9sence, en son enceinte, de la tombe de Laurent F\u00e9rou, signataire de l\u2019acte d\u2019ind\u00e9pendance. Peu de sites r\u00e9unissent avec une telle intensit\u00e9 la dimension militaire, [&hellip;]<\/p>\n","protected":false},"author":662,"featured_media":72824,"comment_status":"open","ping_status":"open","sticky":false,"template":"","format":"standard","meta":{"_acf_changed":false,"footnotes":""},"categories":[1468,1732],"tags":[814],"class_list":["post-72823","post","type-post","status-publish","format-standard","has-post-thumbnail","hentry","category-histoire-patrimoine","category-tourisme","tag-haiti-fr"],"acf":[],"_links":{"self":[{"href":"https:\/\/richeskarayib.com\/fr\/wp-json\/wp\/v2\/posts\/72823","targetHints":{"allow":["GET"]}}],"collection":[{"href":"https:\/\/richeskarayib.com\/fr\/wp-json\/wp\/v2\/posts"}],"about":[{"href":"https:\/\/richeskarayib.com\/fr\/wp-json\/wp\/v2\/types\/post"}],"author":[{"embeddable":true,"href":"https:\/\/richeskarayib.com\/fr\/wp-json\/wp\/v2\/users\/662"}],"replies":[{"embeddable":true,"href":"https:\/\/richeskarayib.com\/fr\/wp-json\/wp\/v2\/comments?post=72823"}],"version-history":[{"count":0,"href":"https:\/\/richeskarayib.com\/fr\/wp-json\/wp\/v2\/posts\/72823\/revisions"}],"wp:featuredmedia":[{"embeddable":true,"href":"https:\/\/richeskarayib.com\/fr\/wp-json\/wp\/v2\/media\/72824"}],"wp:attachment":[{"href":"https:\/\/richeskarayib.com\/fr\/wp-json\/wp\/v2\/media?parent=72823"}],"wp:term":[{"taxonomy":"category","embeddable":true,"href":"https:\/\/richeskarayib.com\/fr\/wp-json\/wp\/v2\/categories?post=72823"},{"taxonomy":"post_tag","embeddable":true,"href":"https:\/\/richeskarayib.com\/fr\/wp-json\/wp\/v2\/tags?post=72823"}],"curies":[{"name":"wp","href":"https:\/\/api.w.org\/{rel}","templated":true}]}}