{"id":72936,"date":"2026-04-24T09:30:32","date_gmt":"2026-04-24T13:30:32","guid":{"rendered":"https:\/\/richeskarayib.com\/?p=72936"},"modified":"2026-04-24T08:17:08","modified_gmt":"2026-04-24T12:17:08","slug":"saison-de-croisiere-2025-2026-martinique","status":"publish","type":"post","link":"https:\/\/richeskarayib.com\/fr\/saison-de-croisiere-2025-2026-martinique\/","title":{"rendered":"Saison de croisi\u00e8re 2025-2026 en Martinique : un bilan solide pour le tourisme de l\u2019\u00eele"},"content":{"rendered":"\t\t<div data-elementor-type=\"wp-post\" data-elementor-id=\"72936\" class=\"elementor elementor-72936\" data-elementor-post-type=\"post\">\n\t\t\t\t\t\t<section class=\"elementor-section elementor-top-section elementor-element elementor-element-7ca7ca1 elementor-section-boxed elementor-section-height-default elementor-section-height-default\" data-id=\"7ca7ca1\" data-element_type=\"section\">\n\t\t\t\t\t\t<div class=\"elementor-container elementor-column-gap-default\">\n\t\t\t\t\t<div class=\"elementor-column elementor-col-100 elementor-top-column elementor-element elementor-element-cbdd002\" data-id=\"cbdd002\" data-element_type=\"column\">\n\t\t\t<div class=\"elementor-widget-wrap elementor-element-populated\">\n\t\t\t\t\t\t<section class=\"elementor-section elementor-inner-section elementor-element elementor-element-bc94849 elementor-section-boxed elementor-section-height-default elementor-section-height-default\" data-id=\"bc94849\" data-element_type=\"section\">\n\t\t\t\t\t\t<div class=\"elementor-container elementor-column-gap-default\">\n\t\t\t\t\t\t<\/div>\n\t\t<\/section>\n\t\t\t\t<section class=\"elementor-section elementor-inner-section elementor-element elementor-element-61571e6 elementor-section-boxed elementor-section-height-default elementor-section-height-default\" data-id=\"61571e6\" data-element_type=\"section\">\n\t\t\t\t\t\t<div class=\"elementor-container elementor-column-gap-default\">\n\t\t\t\t\t\t<\/div>\n\t\t<\/section>\n\t\t\t\t<section class=\"elementor-section elementor-inner-section elementor-element elementor-element-b6262e0 elementor-section-boxed elementor-section-height-default elementor-section-height-default\" data-id=\"b6262e0\" data-element_type=\"section\">\n\t\t\t\t\t\t<div class=\"elementor-container elementor-column-gap-default\">\n\t\t\t\t\t\t<\/div>\n\t\t<\/section>\n\t\t\t\t<section class=\"elementor-section elementor-inner-section elementor-element elementor-element-cca29fd elementor-section-boxed elementor-section-height-default elementor-section-height-default\" data-id=\"cca29fd\" data-element_type=\"section\">\n\t\t\t\t\t\t<div class=\"elementor-container elementor-column-gap-default\">\n\t\t\t\t\t\t<\/div>\n\t\t<\/section>\n\t\t\t\t\t<\/div>\n\t\t<\/div>\n\t\t\t\t\t<\/div>\n\t\t<\/section>\n\t\t\t\t<section class=\"elementor-section elementor-top-section elementor-element elementor-element-ee72354 elementor-section-boxed elementor-section-height-default elementor-section-height-default\" data-id=\"ee72354\" data-element_type=\"section\">\n\t\t\t\t\t\t<div class=\"elementor-container elementor-column-gap-default\">\n\t\t\t\t\t<div class=\"elementor-column elementor-col-100 elementor-top-column elementor-element elementor-element-c59d6fe\" data-id=\"c59d6fe\" data-element_type=\"column\">\n\t\t\t<div class=\"elementor-widget-wrap elementor-element-populated\">\n\t\t\t\t\t\t<div class=\"elementor-element elementor-element-661ebea elementor-widget elementor-widget-text-editor\" data-id=\"661ebea\" data-element_type=\"widget\" data-widget_type=\"text-editor.default\">\n\t\t\t\t<div class=\"elementor-widget-container\">\n\t\t\t\t\t\t\t\t\t<p><span style=\"font-weight: 400;\">La saison de croisi\u00e8re 2025-2026 en Martinique\u00a0 s\u2019ach\u00e8ve sur un bilan solide, avec 568 348 passagers annonc\u00e9s et une fr\u00e9quentation en nette progression par rapport \u00e0 la saison pr\u00e9c\u00e9dente. Dans un territoire o\u00f9 le tourisme repose autant sur l\u2019accueil que sur la qualit\u00e9 des exp\u00e9riences propos\u00e9es \u00e0 terre, ces r\u00e9sultats traduisent une pr\u00e9sence renforc\u00e9e de la destination dans les itin\u00e9raires carib\u00e9ens. Ils montrent aussi que Fort-de-France, Saint-Pierre et les acteurs locaux avancent dans une m\u00eame direction : mieux accueillir, mieux orienter et mieux valoriser les patrimoines martiniquais.<\/span><\/p>\t\t\t\t\t\t\t\t<\/div>\n\t\t\t\t<\/div>\n\t\t\t\t\t<\/div>\n\t\t<\/div>\n\t\t\t\t\t<\/div>\n\t\t<\/section>\n\t\t\t\t<section class=\"elementor-section elementor-top-section elementor-element elementor-element-82cd8f9 elementor-section-boxed elementor-section-height-default elementor-section-height-default\" data-id=\"82cd8f9\" data-element_type=\"section\">\n\t\t\t\t\t\t<div class=\"elementor-container elementor-column-gap-default\">\n\t\t\t\t\t<div class=\"elementor-column elementor-col-100 elementor-top-column elementor-element elementor-element-0bfdc38\" data-id=\"0bfdc38\" data-element_type=\"column\">\n\t\t\t<div class=\"elementor-widget-wrap elementor-element-populated\">\n\t\t\t\t\t\t<div class=\"elementor-element elementor-element-7d292fe elementor-widget elementor-widget-heading\" data-id=\"7d292fe\" data-element_type=\"widget\" data-widget_type=\"heading.default\">\n\t\t\t\t<div class=\"elementor-widget-container\">\n\t\t\t\t\t<h2 class=\"elementor-heading-title elementor-size-default\">Deux derni\u00e8res escales tr\u00e8s attendues \u00e0 Fort-de-France<\/h2>\t\t\t\t<\/div>\n\t\t\t\t<\/div>\n\t\t\t\t<section class=\"elementor-section elementor-inner-section elementor-element elementor-element-da8459c elementor-section-boxed elementor-section-height-default elementor-section-height-default\" data-id=\"da8459c\" data-element_type=\"section\">\n\t\t\t\t\t\t<div class=\"elementor-container elementor-column-gap-default\">\n\t\t\t\t\t<div class=\"elementor-column elementor-col-100 elementor-inner-column elementor-element elementor-element-45b856b\" data-id=\"45b856b\" data-element_type=\"column\">\n\t\t\t<div class=\"elementor-widget-wrap elementor-element-populated\">\n\t\t\t\t\t\t<div class=\"elementor-element elementor-element-289b094 elementor-widget elementor-widget-text-editor\" data-id=\"289b094\" data-element_type=\"widget\" data-widget_type=\"text-editor.default\">\n\t\t\t\t<div class=\"elementor-widget-container\">\n\t\t\t\t\t\t\t\t\t<p><span style=\"font-weight: 400;\">La saison de croisi\u00e8re 2025-2026 va se clore le vendredi 24 avril 2026 avec deux escales \u00e0 Fort-de-France. Le navire de RCCL est attendu au terminal des Tourelles avec environ 2 000 passagers, tandis que le Caribbean Princess de Princess Cruises doit faire escale au terminal de la Pointe Simon avec environ 3 500 passagers. Les croisi\u00e9ristes attendus sont majoritairement am\u00e9ricains, entre 7h00 et 18h00.<\/span><\/p><p><span style=\"font-weight: 400;\">Cette derni\u00e8re journ\u00e9e donne aussi une place au lien culturel. Une classe du coll\u00e8ge Alexandre Stellio des Anses-d\u2019Arlet doit accueillir les passagers au Grand Port des Tourelles avec des prestations de danse traditionnelle. Les \u00e9l\u00e8ves auront \u00e9galement l\u2019occasion de visiter le navire avec des membres d\u2019\u00e9quipage. L\u2019escale devient alors un moment d\u2019\u00e9change : les visiteurs rencontrent une culture vivante, tandis que les jeunes Martiniquais acc\u00e8dent \u00e0 un univers professionnel souvent \u00e9loign\u00e9 de leur quotidien.<\/span><\/p>\t\t\t\t\t\t\t\t<\/div>\n\t\t\t\t<\/div>\n\t\t\t\t<div class=\"elementor-element elementor-element-89ced28 elementor-widget elementor-widget-image\" data-id=\"89ced28\" data-element_type=\"widget\" data-widget_type=\"image.default\">\n\t\t\t\t<div class=\"elementor-widget-container\">\n\t\t\t\t\t\t\t\t\t\t\t\t<figure class=\"wp-caption\">\n\t\t\t\t\t\t\t\t\t\t<img fetchpriority=\"high\" decoding=\"async\" width=\"788\" height=\"435\" src=\"https:\/\/richeskarayib.com\/wp-content\/uploads\/2026\/04\/2ebce9e1-882c-42b8-8a04-86b9fa1a2ddf.jpg\" class=\"attachment-large size-large wp-image-72941\" alt=\"2025-2026 cruise season\" srcset=\"https:\/\/richeskarayib.com\/wp-content\/uploads\/2026\/04\/2ebce9e1-882c-42b8-8a04-86b9fa1a2ddf.jpg 788w, https:\/\/richeskarayib.com\/wp-content\/uploads\/2026\/04\/2ebce9e1-882c-42b8-8a04-86b9fa1a2ddf-300x166.jpg 300w, https:\/\/richeskarayib.com\/wp-content\/uploads\/2026\/04\/2ebce9e1-882c-42b8-8a04-86b9fa1a2ddf-768x424.jpg 768w\" sizes=\"(max-width: 788px) 100vw, 788px\" \/>\t\t\t\t\t\t\t\t\t\t\t<figcaption class=\"widget-image-caption wp-caption-text\">\u00a9CMT<\/figcaption>\n\t\t\t\t\t\t\t\t\t\t<\/figure>\n\t\t\t\t\t\t\t\t\t<\/div>\n\t\t\t\t<\/div>\n\t\t\t\t\t<\/div>\n\t\t<\/div>\n\t\t\t\t\t<\/div>\n\t\t<\/section>\n\t\t\t\t<section class=\"elementor-section elementor-inner-section elementor-element elementor-element-c582330 elementor-section-boxed elementor-section-height-default elementor-section-height-default\" data-id=\"c582330\" data-element_type=\"section\">\n\t\t\t\t\t\t<div class=\"elementor-container elementor-column-gap-default\">\n\t\t\t\t\t\t<\/div>\n\t\t<\/section>\n\t\t\t\t<section class=\"elementor-section elementor-inner-section elementor-element elementor-element-296603a elementor-section-boxed elementor-section-height-default elementor-section-height-default\" data-id=\"296603a\" data-element_type=\"section\">\n\t\t\t\t\t\t<div class=\"elementor-container elementor-column-gap-default\">\n\t\t\t\t\t\t<\/div>\n\t\t<\/section>\n\t\t\t\t\t<\/div>\n\t\t<\/div>\n\t\t\t\t\t<\/div>\n\t\t<\/section>\n\t\t\t\t<section class=\"elementor-section elementor-top-section elementor-element elementor-element-9c88a89 elementor-section-boxed elementor-section-height-default elementor-section-height-default\" data-id=\"9c88a89\" data-element_type=\"section\">\n\t\t\t\t\t\t<div class=\"elementor-container elementor-column-gap-default\">\n\t\t\t\t\t<div class=\"elementor-column elementor-col-100 elementor-top-column elementor-element elementor-element-78cf5d1\" data-id=\"78cf5d1\" data-element_type=\"column\">\n\t\t\t<div class=\"elementor-widget-wrap elementor-element-populated\">\n\t\t\t\t\t\t<div class=\"elementor-element elementor-element-ea2a5c1 elementor-widget elementor-widget-heading\" data-id=\"ea2a5c1\" data-element_type=\"widget\" data-widget_type=\"heading.default\">\n\t\t\t\t<div class=\"elementor-widget-container\">\n\t\t\t\t\t<h2 class=\"elementor-heading-title elementor-size-default\">Une fr\u00e9quentation en hausse et un r\u00f4le \u00e9conomique renforc\u00e9<\/h2>\t\t\t\t<\/div>\n\t\t\t\t<\/div>\n\t\t\t\t<div class=\"elementor-element elementor-element-e305eee elementor-widget elementor-widget-text-editor\" data-id=\"e305eee\" data-element_type=\"widget\" data-widget_type=\"text-editor.default\">\n\t\t\t\t<div class=\"elementor-widget-container\">\n\t\t\t\t\t\t\t\t\t<p><span style=\"font-weight: 400;\">Les chiffres transmis au 1er avril 2026 indiquent 234 escales entre octobre 2025 et mars 2026, contre 208 lors de la saison 2024-2025. Le trafic cumul\u00e9 atteint 568 348 passagers, contre 469 432 la saison pr\u00e9c\u00e9dente. Cette progression installe la saison de croisi\u00e8re 2025-2026 dans une phase de consolidation, avec un volume plus \u00e9lev\u00e9 et une meilleure capacit\u00e9 \u00e0 capter des client\u00e8les venues de plusieurs bassins g\u00e9ographiques.<\/span><\/p><p><span style=\"font-weight: 400;\">L\u2019activit\u00e9 t\u00eate de ligne repr\u00e9sente 151 615 passagers sur la saison. Ce point m\u00e9rite attention, car 59,7 % des passagers concern\u00e9s sont des Martiniquais. La saison de croisi\u00e8re 2025-2026 fonctionne donc aussi comme une porte de d\u00e9part pour la population locale, au-del\u00e0 de la seule r\u00e9ception de visiteurs \u00e9trangers. Cette r\u00e9alit\u00e9 renforce le r\u00f4le du port, des agences, des services de transport et des professionnels de l\u2019accueil.<\/span><\/p>\t\t\t\t\t\t\t\t<\/div>\n\t\t\t\t<\/div>\n\t\t\t\t<div class=\"elementor-element elementor-element-5b290a4 elementor-widget elementor-widget-text-editor\" data-id=\"5b290a4\" data-element_type=\"widget\" data-widget_type=\"text-editor.default\">\n\t\t\t\t<div class=\"elementor-widget-container\">\n\t\t\t\t\t\t\t\t\t<p><span style=\"font-weight: 400;\">Les excursions vendues \u00e0 bord constituent un autre indicateur important. Plus de 83 000 excursions ont \u00e9t\u00e9 commercialis\u00e9es sur la saison \u00e9coul\u00e9e, avec un taux rapport\u00e9 \u00e0 la capacit\u00e9 des navires oscillant entre 18 % et 24 % selon les mois. La saison de croisi\u00e8re 2025-2026 produit ainsi des retomb\u00e9es pour les sites visit\u00e9s, les guides, les prestataires terrestres, les artisans, les restaurateurs et les commerces situ\u00e9s sur les parcours des passagers.<\/span><\/p>\t\t\t\t\t\t\t\t<\/div>\n\t\t\t\t<\/div>\n\t\t\t\t\t<\/div>\n\t\t<\/div>\n\t\t\t\t\t<\/div>\n\t\t<\/section>\n\t\t\t\t<section class=\"elementor-section elementor-top-section elementor-element elementor-element-4a0e8e4 elementor-section-boxed elementor-section-height-default elementor-section-height-default\" data-id=\"4a0e8e4\" data-element_type=\"section\">\n\t\t\t\t\t\t<div class=\"elementor-container elementor-column-gap-default\">\n\t\t\t\t\t<div class=\"elementor-column elementor-col-100 elementor-top-column elementor-element elementor-element-f16bdfb\" data-id=\"f16bdfb\" data-element_type=\"column\">\n\t\t\t<div class=\"elementor-widget-wrap elementor-element-populated\">\n\t\t\t\t\t\t<div class=\"elementor-element elementor-element-33604cf elementor-widget elementor-widget-heading\" data-id=\"33604cf\" data-element_type=\"widget\" data-widget_type=\"heading.default\">\n\t\t\t\t<div class=\"elementor-widget-container\">\n\t\t\t\t\t<h2 class=\"elementor-heading-title elementor-size-default\">Une client\u00e8le internationale qui \u00e9largit la port\u00e9e de la destination<\/h2>\t\t\t\t<\/div>\n\t\t\t\t<\/div>\n\t\t\t\t<div class=\"elementor-element elementor-element-06205d8 elementor-widget elementor-widget-text-editor\" data-id=\"06205d8\" data-element_type=\"widget\" data-widget_type=\"text-editor.default\">\n\t\t\t\t<div class=\"elementor-widget-container\">\n\t\t\t\t\t\t\t\t\t<p><span style=\"font-weight: 400;\">La <a href=\"https:\/\/richeskarayib.com\/fr\/adhesion-de-la-martinique-a-la-caricom\/\" target=\"_blank\" rel=\"noopener\">Martinique<\/a> attire une client\u00e8le de croisi\u00e8re aux origines vari\u00e9es. L\u2019Europe constitue le premier bassin \u00e9metteur, avec plus de 200 000 croisi\u00e9ristes europ\u00e9ens, notamment venus de France, d\u2019Allemagne, d\u2019Italie et du Royaume-Uni. Les \u00c9tats-Unis repr\u00e9sentent plus de 84 000 passagers, le Canada pr\u00e8s de 18 000, auxquels s\u2019ajoutent l\u2019Am\u00e9rique du Sud, la Cara\u00efbe et d\u2019autres march\u00e9s.<\/span><\/p><p><span style=\"font-weight: 400;\">Cette diversit\u00e9 donne \u00e0 la saison de croisi\u00e8re 2025-2026 une dimension strat\u00e9gique. Elle oblige la destination \u00e0 penser l\u2019accueil en plusieurs langues, \u00e0 adapter l\u2019information disponible, \u00e0 structurer les d\u00e9placements et \u00e0 proposer des offres capables de parler \u00e0 des visiteurs aux attentes diff\u00e9rentes. Pour un territoire carib\u00e9en, cette pluralit\u00e9 constitue un atout si elle s\u2019accompagne d\u2019exp\u00e9riences sinc\u00e8res, bien organis\u00e9es et respectueuses des lieux.<\/span><\/p>\t\t\t\t\t\t\t\t<\/div>\n\t\t\t\t<\/div>\n\t\t\t\t<div class=\"elementor-element elementor-element-6ef74e0 elementor-widget elementor-widget-image\" data-id=\"6ef74e0\" data-element_type=\"widget\" data-widget_type=\"image.default\">\n\t\t\t\t<div class=\"elementor-widget-container\">\n\t\t\t\t\t\t\t\t\t\t\t\t<figure class=\"wp-caption\">\n\t\t\t\t\t\t\t\t\t\t<img decoding=\"async\" width=\"800\" height=\"370\" src=\"https:\/\/richeskarayib.com\/wp-content\/uploads\/2026\/04\/WhatsApp-Image-2026-04-24-at-06.50.53-1024x473.jpeg\" class=\"attachment-large size-large wp-image-72953\" alt=\"2025-2026 cruise season\" srcset=\"https:\/\/richeskarayib.com\/wp-content\/uploads\/2026\/04\/WhatsApp-Image-2026-04-24-at-06.50.53-1024x473.jpeg 1024w, https:\/\/richeskarayib.com\/wp-content\/uploads\/2026\/04\/WhatsApp-Image-2026-04-24-at-06.50.53-300x139.jpeg 300w, https:\/\/richeskarayib.com\/wp-content\/uploads\/2026\/04\/WhatsApp-Image-2026-04-24-at-06.50.53-768x355.jpeg 768w, https:\/\/richeskarayib.com\/wp-content\/uploads\/2026\/04\/WhatsApp-Image-2026-04-24-at-06.50.53-1536x709.jpeg 1536w, https:\/\/richeskarayib.com\/wp-content\/uploads\/2026\/04\/WhatsApp-Image-2026-04-24-at-06.50.53-1320x610.jpeg 1320w, https:\/\/richeskarayib.com\/wp-content\/uploads\/2026\/04\/WhatsApp-Image-2026-04-24-at-06.50.53.jpeg 1600w\" sizes=\"(max-width: 800px) 100vw, 800px\" \/>\t\t\t\t\t\t\t\t\t\t\t<figcaption class=\"widget-image-caption wp-caption-text\">\u00a9CMT<\/figcaption>\n\t\t\t\t\t\t\t\t\t\t<\/figure>\n\t\t\t\t\t\t\t\t\t<\/div>\n\t\t\t\t<\/div>\n\t\t\t\t\t<\/div>\n\t\t<\/div>\n\t\t\t\t\t<\/div>\n\t\t<\/section>\n\t\t\t\t<section class=\"elementor-section elementor-top-section elementor-element elementor-element-73744de elementor-section-boxed elementor-section-height-default elementor-section-height-default\" data-id=\"73744de\" data-element_type=\"section\">\n\t\t\t\t\t\t<div class=\"elementor-container elementor-column-gap-default\">\n\t\t\t\t\t<div class=\"elementor-column elementor-col-100 elementor-top-column elementor-element elementor-element-8f238ec\" data-id=\"8f238ec\" data-element_type=\"column\">\n\t\t\t<div class=\"elementor-widget-wrap elementor-element-populated\">\n\t\t\t\t\t\t<div class=\"elementor-element elementor-element-1a869a1 elementor-widget elementor-widget-heading\" data-id=\"1a869a1\" data-element_type=\"widget\" data-widget_type=\"heading.default\">\n\t\t\t\t<div class=\"elementor-widget-container\">\n\t\t\t\t\t<h2 class=\"elementor-heading-title elementor-size-default\">Le Seatrade de Miami comme barom\u00e8tre pour la prochaine saison<\/h2>\t\t\t\t<\/div>\n\t\t\t\t<\/div>\n\t\t\t\t<div class=\"elementor-element elementor-element-ed5c50c elementor-widget elementor-widget-text-editor\" data-id=\"ed5c50c\" data-element_type=\"widget\" data-widget_type=\"text-editor.default\">\n\t\t\t\t<div class=\"elementor-widget-container\">\n\t\t\t\t\t\t\t\t\t<p><span style=\"font-weight: 400;\">Du 13 au 16 avril 2026, le <a href=\"https:\/\/www.martinique.org\/fr\/liens-utiles\/comite-martiniquais-du-tourisme\" target=\"_blank\" rel=\"noopener nofollow\">Comit\u00e9 Martiniquais du Tourisme<\/a>, accompagn\u00e9 du <a href=\"https:\/\/www.martinique.port.fr\/\" target=\"_blank\" rel=\"noopener nofollow\">Grand Port Maritime de la Martinique<\/a>, des agences maritimes, des agences r\u00e9ceptives et des manutentionnaires, a particip\u00e9 au salon Seatrade \u00e0 Miami. Les \u00e9changes avec les compagnies de croisi\u00e8re, la Caribbean Tourism Organization, American Airlines et la Florida-Caribbean Cruise Association ont confirm\u00e9 l\u2019int\u00e9r\u00eat des professionnels pour la destination.<\/span><\/p><p><span style=\"font-weight: 400;\">Les retours obtenus aupr\u00e8s des compagnies se situent entre 7 et 8 sur 10 concernant l\u2019attractivit\u00e9 de la destination avant l\u2019escale et la satisfaction des passagers apr\u00e8s l\u2019escale. Pour la saison de croisi\u00e8re 2025-2026, ces notes soulignent les acquis, tout en rappelant que la concurrence carib\u00e9enne impose une am\u00e9lioration constante.<\/span><\/p>\t\t\t\t\t\t\t\t<\/div>\n\t\t\t\t<\/div>\n\t\t\t\t<div class=\"elementor-element elementor-element-994c354 elementor-widget elementor-widget-text-editor\" data-id=\"994c354\" data-element_type=\"widget\" data-widget_type=\"text-editor.default\">\n\t\t\t\t<div class=\"elementor-widget-container\">\n\t\t\t\t\t\t\t\t\t<p><span style=\"font-weight: 400;\">Les partenaires martiniquais ont aussi mis en avant plusieurs \u00e9volutions : modernisation des infrastructures d\u2019accueil, signal\u00e9tique directionnelle vers les commer\u00e7ants, entretien des lieux embl\u00e9matiques, formation continue des acteurs, professionnalisation des services, num\u00e9risation de l\u2019information et commercialisation de produits innovants. La saison de croisi\u00e8re 2025-2026 avance ainsi sur deux fronts : attirer les compagnies et am\u00e9liorer l\u2019exp\u00e9rience v\u00e9cue par les passagers.<\/span><\/p>\t\t\t\t\t\t\t\t<\/div>\n\t\t\t\t<\/div>\n\t\t\t\t<section class=\"elementor-section elementor-inner-section elementor-element elementor-element-f9c2122 elementor-section-boxed elementor-section-height-default elementor-section-height-default\" data-id=\"f9c2122\" data-element_type=\"section\">\n\t\t\t\t\t\t<div class=\"elementor-container elementor-column-gap-default\">\n\t\t\t\t\t<div class=\"elementor-column elementor-col-50 elementor-inner-column elementor-element elementor-element-3af4038\" data-id=\"3af4038\" data-element_type=\"column\">\n\t\t\t<div class=\"elementor-widget-wrap elementor-element-populated\">\n\t\t\t\t\t\t<div class=\"elementor-element elementor-element-5dfefae elementor-widget elementor-widget-image\" data-id=\"5dfefae\" data-element_type=\"widget\" data-widget_type=\"image.default\">\n\t\t\t\t<div class=\"elementor-widget-container\">\n\t\t\t\t\t\t\t\t\t\t\t\t<figure class=\"wp-caption\">\n\t\t\t\t\t\t\t\t\t\t<img decoding=\"async\" width=\"800\" height=\"370\" src=\"https:\/\/richeskarayib.com\/wp-content\/uploads\/2026\/04\/2-1-1024x473.jpeg\" class=\"attachment-large size-large wp-image-72945\" alt=\"2025-2026 cruise season\" srcset=\"https:\/\/richeskarayib.com\/wp-content\/uploads\/2026\/04\/2-1-1024x473.jpeg 1024w, https:\/\/richeskarayib.com\/wp-content\/uploads\/2026\/04\/2-1-300x139.jpeg 300w, https:\/\/richeskarayib.com\/wp-content\/uploads\/2026\/04\/2-1-768x355.jpeg 768w, https:\/\/richeskarayib.com\/wp-content\/uploads\/2026\/04\/2-1-1536x709.jpeg 1536w, https:\/\/richeskarayib.com\/wp-content\/uploads\/2026\/04\/2-1-1320x610.jpeg 1320w, https:\/\/richeskarayib.com\/wp-content\/uploads\/2026\/04\/2-1.jpeg 1600w\" sizes=\"(max-width: 800px) 100vw, 800px\" \/>\t\t\t\t\t\t\t\t\t\t\t<figcaption class=\"widget-image-caption wp-caption-text\">\u00a9CMT<\/figcaption>\n\t\t\t\t\t\t\t\t\t\t<\/figure>\n\t\t\t\t\t\t\t\t\t<\/div>\n\t\t\t\t<\/div>\n\t\t\t\t\t<\/div>\n\t\t<\/div>\n\t\t\t\t<div class=\"elementor-column elementor-col-50 elementor-inner-column elementor-element elementor-element-796deca\" data-id=\"796deca\" data-element_type=\"column\">\n\t\t\t<div class=\"elementor-widget-wrap elementor-element-populated\">\n\t\t\t\t\t\t<div class=\"elementor-element elementor-element-b30d335 elementor-widget elementor-widget-image\" data-id=\"b30d335\" data-element_type=\"widget\" data-widget_type=\"image.default\">\n\t\t\t\t<div class=\"elementor-widget-container\">\n\t\t\t\t\t\t\t\t\t\t\t\t<figure class=\"wp-caption\">\n\t\t\t\t\t\t\t\t\t\t<img loading=\"lazy\" decoding=\"async\" width=\"800\" height=\"370\" src=\"https:\/\/richeskarayib.com\/wp-content\/uploads\/2026\/04\/5-1024x473.jpeg\" class=\"attachment-large size-large wp-image-72949\" alt=\"2025-2026 cruise season\" srcset=\"https:\/\/richeskarayib.com\/wp-content\/uploads\/2026\/04\/5-1024x473.jpeg 1024w, https:\/\/richeskarayib.com\/wp-content\/uploads\/2026\/04\/5-300x139.jpeg 300w, https:\/\/richeskarayib.com\/wp-content\/uploads\/2026\/04\/5-768x355.jpeg 768w, https:\/\/richeskarayib.com\/wp-content\/uploads\/2026\/04\/5-1536x709.jpeg 1536w, https:\/\/richeskarayib.com\/wp-content\/uploads\/2026\/04\/5-1320x610.jpeg 1320w, https:\/\/richeskarayib.com\/wp-content\/uploads\/2026\/04\/5.jpeg 1600w\" sizes=\"(max-width: 800px) 100vw, 800px\" \/>\t\t\t\t\t\t\t\t\t\t\t<figcaption class=\"widget-image-caption wp-caption-text\">\u00a9CMT<\/figcaption>\n\t\t\t\t\t\t\t\t\t\t<\/figure>\n\t\t\t\t\t\t\t\t\t<\/div>\n\t\t\t\t<\/div>\n\t\t\t\t\t<\/div>\n\t\t<\/div>\n\t\t\t\t\t<\/div>\n\t\t<\/section>\n\t\t\t\t\t<\/div>\n\t\t<\/div>\n\t\t\t\t\t<\/div>\n\t\t<\/section>\n\t\t\t\t<section class=\"elementor-section elementor-top-section elementor-element elementor-element-cd6f302 elementor-section-boxed elementor-section-height-default elementor-section-height-default\" data-id=\"cd6f302\" data-element_type=\"section\">\n\t\t\t\t\t\t<div class=\"elementor-container elementor-column-gap-default\">\n\t\t\t\t\t<div class=\"elementor-column elementor-col-100 elementor-top-column elementor-element elementor-element-3291df2\" data-id=\"3291df2\" data-element_type=\"column\">\n\t\t\t<div class=\"elementor-widget-wrap elementor-element-populated\">\n\t\t\t\t\t\t<div class=\"elementor-element elementor-element-d48250a elementor-widget elementor-widget-heading\" data-id=\"d48250a\" data-element_type=\"widget\" data-widget_type=\"heading.default\">\n\t\t\t\t<div class=\"elementor-widget-container\">\n\t\t\t\t\t<h2 class=\"elementor-heading-title elementor-size-default\">2026-2027 : une saison annonc\u00e9e comme exceptionnelle<\/h2>\t\t\t\t<\/div>\n\t\t\t\t<\/div>\n\t\t\t\t<div class=\"elementor-element elementor-element-995f4f4 elementor-widget elementor-widget-text-editor\" data-id=\"995f4f4\" data-element_type=\"widget\" data-widget_type=\"text-editor.default\">\n\t\t\t\t<div class=\"elementor-widget-container\">\n\t\t\t\t\t\t\t\t\t<p><span style=\"font-weight: 400;\">Les perspectives communiqu\u00e9es pour 2026-2027 donnent une id\u00e9e de l\u2019ambition port\u00e9e par les acteurs locaux. Pr\u00e8s de 300 escales sont annonc\u00e9es, avec l\u2019arriv\u00e9e de navires particuli\u00e8rement attendus. Le MSC Op\u00e9ra doit faire escale \u00e0 Fort-de-France d\u00e8s le 20 novembre 2026 et jusqu\u2019au 24 septembre 2027, avec 32 escales pr\u00e9vues. Cette programmation ouvre la possibilit\u00e9 d\u2019une saison continue tout au long de l\u2019ann\u00e9e, un changement majeur pour l\u2019organisation touristique.<\/span><\/p><p><span style=\"font-weight: 400;\">Le MSC World Europa est annonc\u00e9 \u00e0 Fort-de-France d\u00e8s le 5 d\u00e9cembre 2026. Saint-Pierre doit \u00e9galement accueillir l\u2019Orient Express Corinthian, yacht fran\u00e7ais de luxe de 54 suites, pr\u00e9vu d\u00e8s le 27 octobre 2026 avec 6 escales. La saison de croisi\u00e8re 2025-2026 entre donc dans une s\u00e9quence o\u00f9 les volumes, la qualit\u00e9 des navires et la diversification des ports d\u2019accueil peuvent modifier la perception du territoire.<\/span><\/p>\t\t\t\t\t\t\t\t<\/div>\n\t\t\t\t<\/div>\n\t\t\t\t\t<\/div>\n\t\t<\/div>\n\t\t\t\t\t<\/div>\n\t\t<\/section>\n\t\t\t\t<section class=\"elementor-section elementor-top-section elementor-element elementor-element-520ef1e elementor-section-boxed elementor-section-height-default elementor-section-height-default\" data-id=\"520ef1e\" data-element_type=\"section\">\n\t\t\t\t\t\t<div class=\"elementor-container elementor-column-gap-default\">\n\t\t\t\t\t<div class=\"elementor-column elementor-col-100 elementor-top-column elementor-element elementor-element-82df562\" data-id=\"82df562\" data-element_type=\"column\">\n\t\t\t<div class=\"elementor-widget-wrap elementor-element-populated\">\n\t\t\t\t\t\t<div class=\"elementor-element elementor-element-641bbf1 elementor-widget elementor-widget-heading\" data-id=\"641bbf1\" data-element_type=\"widget\" data-widget_type=\"heading.default\">\n\t\t\t\t<div class=\"elementor-widget-container\">\n\t\t\t\t\t<h2 class=\"elementor-heading-title elementor-size-default\">Un enjeu d\u2019accueil, de culture et de territoire<\/h2>\t\t\t\t<\/div>\n\t\t\t\t<\/div>\n\t\t\t\t<div class=\"elementor-element elementor-element-3ef9a43 elementor-widget elementor-widget-text-editor\" data-id=\"3ef9a43\" data-element_type=\"widget\" data-widget_type=\"text-editor.default\">\n\t\t\t\t<div class=\"elementor-widget-container\">\n\t\t\t\t\t\t\t\t\t<p><span style=\"font-weight: 400;\">La saison de croisi\u00e8re 2025-2026 ressort de cette p\u00e9riode avec un message clair : l\u2019\u00eele dispose d\u2019atouts solides, mais la valeur r\u00e9elle de cette activit\u00e9 d\u00e9pendra de sa capacit\u00e9 \u00e0 transformer chaque escale en exp\u00e9rience organis\u00e9e et b\u00e9n\u00e9fique pour le territoire. Les chiffres sont favorables, les perspectives sont fortes, et l\u2019accueil culturel du 24 avril rappelle une \u00e9vidence : la Martinique gagne lorsque son tourisme donne une place visible \u00e0 ses habitants, \u00e0 ses jeunes et \u00e0 ses lieux de m\u00e9moire.<\/span><\/p>\t\t\t\t\t\t\t\t<\/div>\n\t\t\t\t<\/div>\n\t\t\t\t\t<\/div>\n\t\t<\/div>\n\t\t\t\t\t<\/div>\n\t\t<\/section>\n\t\t\t\t<section class=\"elementor-section elementor-top-section elementor-element elementor-element-f5709a6 elementor-section-boxed elementor-section-height-default elementor-section-height-default\" data-id=\"f5709a6\" data-element_type=\"section\">\n\t\t\t\t\t\t<div class=\"elementor-container elementor-column-gap-default\">\n\t\t\t\t\t<div class=\"elementor-column elementor-col-100 elementor-top-column elementor-element elementor-element-957be6f\" data-id=\"957be6f\" data-element_type=\"column\">\n\t\t\t<div class=\"elementor-widget-wrap elementor-element-populated\">\n\t\t\t\t\t\t<div class=\"elementor-element elementor-element-63e5d4a elementor-widget elementor-widget-accordion\" data-id=\"63e5d4a\" data-element_type=\"widget\" data-widget_type=\"accordion.default\">\n\t\t\t\t<div class=\"elementor-widget-container\">\n\t\t\t\t\t\t\t<div class=\"elementor-accordion\">\n\t\t\t\t\t\t\t<div class=\"elementor-accordion-item\">\n\t\t\t\t\t<div id=\"elementor-tab-title-1041\" class=\"elementor-tab-title\" data-tab=\"1\" role=\"button\" aria-controls=\"elementor-tab-content-1041\" aria-expanded=\"false\">\n\t\t\t\t\t\t\t\t\t\t\t\t\t<span class=\"elementor-accordion-icon elementor-accordion-icon-left\" aria-hidden=\"true\">\n\t\t\t\t\t\t\t\t\t\t\t\t\t\t\t<span class=\"elementor-accordion-icon-closed\"><i class=\"fas fa-plus\"><\/i><\/span>\n\t\t\t\t\t\t\t\t<span class=\"elementor-accordion-icon-opened\"><i class=\"fas fa-minus\"><\/i><\/span>\n\t\t\t\t\t\t\t\t\t\t\t\t\t\t<\/span>\n\t\t\t\t\t\t\t\t\t\t\t\t<a class=\"elementor-accordion-title\" tabindex=\"0\">Combien de passagers ont \u00e9t\u00e9 annonc\u00e9s pour la saison 2025-2026 ?<\/a>\n\t\t\t\t\t<\/div>\n\t\t\t\t\t<div id=\"elementor-tab-content-1041\" class=\"elementor-tab-content elementor-clearfix\" data-tab=\"1\" role=\"region\" aria-labelledby=\"elementor-tab-title-1041\"><p><span style=\"font-weight: 400;\">Le communiqu\u00e9 transmis annonce 568 348 passagers pour la saison 2025-2026. Ce chiffre marque une progression importante par rapport \u00e0 la saison 2024-2025, qui avait enregistr\u00e9 469 432 passagers.<\/span><\/p><\/div>\n\t\t\t\t<\/div>\n\t\t\t\t\t\t\t<div class=\"elementor-accordion-item\">\n\t\t\t\t\t<div id=\"elementor-tab-title-1042\" class=\"elementor-tab-title\" data-tab=\"2\" role=\"button\" aria-controls=\"elementor-tab-content-1042\" aria-expanded=\"false\">\n\t\t\t\t\t\t\t\t\t\t\t\t\t<span class=\"elementor-accordion-icon elementor-accordion-icon-left\" aria-hidden=\"true\">\n\t\t\t\t\t\t\t\t\t\t\t\t\t\t\t<span class=\"elementor-accordion-icon-closed\"><i class=\"fas fa-plus\"><\/i><\/span>\n\t\t\t\t\t\t\t\t<span class=\"elementor-accordion-icon-opened\"><i class=\"fas fa-minus\"><\/i><\/span>\n\t\t\t\t\t\t\t\t\t\t\t\t\t\t<\/span>\n\t\t\t\t\t\t\t\t\t\t\t\t<a class=\"elementor-accordion-title\" tabindex=\"0\">Quelles sont les derni\u00e8res escales pr\u00e9vues pour cette saison ?<\/a>\n\t\t\t\t\t<\/div>\n\t\t\t\t\t<div id=\"elementor-tab-content-1042\" class=\"elementor-tab-content elementor-clearfix\" data-tab=\"2\" role=\"region\" aria-labelledby=\"elementor-tab-title-1042\"><p><span style=\"font-weight: 400;\">Les deux derni\u00e8res escales sont pr\u00e9vues le vendredi 24 avril 2026 \u00e0 Fort-de-France. Le navire de RCCL est attendu au terminal des Tourelles avec environ 2 000 passagers, tandis que le Caribbean Princess de Princess Cruises doit accoster au terminal de la Pointe Simon avec environ 3 500 passagers.<\/span><\/p><\/div>\n\t\t\t\t<\/div>\n\t\t\t\t\t\t\t<div class=\"elementor-accordion-item\">\n\t\t\t\t\t<div id=\"elementor-tab-title-1043\" class=\"elementor-tab-title\" data-tab=\"3\" role=\"button\" aria-controls=\"elementor-tab-content-1043\" aria-expanded=\"false\">\n\t\t\t\t\t\t\t\t\t\t\t\t\t<span class=\"elementor-accordion-icon elementor-accordion-icon-left\" aria-hidden=\"true\">\n\t\t\t\t\t\t\t\t\t\t\t\t\t\t\t<span class=\"elementor-accordion-icon-closed\"><i class=\"fas fa-plus\"><\/i><\/span>\n\t\t\t\t\t\t\t\t<span class=\"elementor-accordion-icon-opened\"><i class=\"fas fa-minus\"><\/i><\/span>\n\t\t\t\t\t\t\t\t\t\t\t\t\t\t<\/span>\n\t\t\t\t\t\t\t\t\t\t\t\t<a class=\"elementor-accordion-title\" tabindex=\"0\">Quelles perspectives sont annonc\u00e9es pour 2026-2027 ?<\/a>\n\t\t\t\t\t<\/div>\n\t\t\t\t\t<div id=\"elementor-tab-content-1043\" class=\"elementor-tab-content elementor-clearfix\" data-tab=\"3\" role=\"region\" aria-labelledby=\"elementor-tab-title-1043\"><p><span style=\"font-weight: 400;\">La prochaine saison est annonc\u00e9e avec pr\u00e8s de 300 escales. Parmi les faits marquants figurent les 32 escales pr\u00e9vues du MSC Op\u00e9ra entre novembre 2026 et septembre 2027, l\u2019arriv\u00e9e du MSC World Europa \u00e0 Fort-de-France et les 6 escales de l\u2019Orient Express Corinthian \u00e0 Saint-Pierre.<\/span><\/p><\/div>\n\t\t\t\t<\/div>\n\t\t\t\t\t\t\t\t<\/div>\n\t\t\t\t\t\t<\/div>\n\t\t\t\t<\/div>\n\t\t\t\t\t<\/div>\n\t\t<\/div>\n\t\t\t\t\t<\/div>\n\t\t<\/section>\n\t\t\t\t<\/div>\n\t\t","protected":false},"excerpt":{"rendered":"<p>La saison de croisi\u00e8re 2025-2026 en Martinique\u00a0 s\u2019ach\u00e8ve sur un bilan solide, avec 568 348 passagers annonc\u00e9s et une fr\u00e9quentation en nette progression par rapport \u00e0 la saison pr\u00e9c\u00e9dente. Dans un territoire o\u00f9 le tourisme repose autant sur l\u2019accueil que sur la qualit\u00e9 des exp\u00e9riences propos\u00e9es \u00e0 terre, ces r\u00e9sultats traduisent une pr\u00e9sence renforc\u00e9e de [&hellip;]<\/p>\n","protected":false},"author":662,"featured_media":72937,"comment_status":"open","ping_status":"open","sticky":false,"template":"","format":"standard","meta":{"_acf_changed":false,"footnotes":""},"categories":[1732],"tags":[808],"class_list":["post-72936","post","type-post","status-publish","format-standard","has-post-thumbnail","hentry","category-tourisme","tag-martinique-fr"],"acf":[],"_links":{"self":[{"href":"https:\/\/richeskarayib.com\/fr\/wp-json\/wp\/v2\/posts\/72936","targetHints":{"allow":["GET"]}}],"collection":[{"href":"https:\/\/richeskarayib.com\/fr\/wp-json\/wp\/v2\/posts"}],"about":[{"href":"https:\/\/richeskarayib.com\/fr\/wp-json\/wp\/v2\/types\/post"}],"author":[{"embeddable":true,"href":"https:\/\/richeskarayib.com\/fr\/wp-json\/wp\/v2\/users\/662"}],"replies":[{"embeddable":true,"href":"https:\/\/richeskarayib.com\/fr\/wp-json\/wp\/v2\/comments?post=72936"}],"version-history":[{"count":0,"href":"https:\/\/richeskarayib.com\/fr\/wp-json\/wp\/v2\/posts\/72936\/revisions"}],"wp:featuredmedia":[{"embeddable":true,"href":"https:\/\/richeskarayib.com\/fr\/wp-json\/wp\/v2\/media\/72937"}],"wp:attachment":[{"href":"https:\/\/richeskarayib.com\/fr\/wp-json\/wp\/v2\/media?parent=72936"}],"wp:term":[{"taxonomy":"category","embeddable":true,"href":"https:\/\/richeskarayib.com\/fr\/wp-json\/wp\/v2\/categories?post=72936"},{"taxonomy":"post_tag","embeddable":true,"href":"https:\/\/richeskarayib.com\/fr\/wp-json\/wp\/v2\/tags?post=72936"}],"curies":[{"name":"wp","href":"https:\/\/api.w.org\/{rel}","templated":true}]}}