{"id":73017,"date":"2026-04-27T10:20:07","date_gmt":"2026-04-27T14:20:07","guid":{"rendered":"https:\/\/richeskarayib.com\/?p=73017"},"modified":"2026-04-27T10:22:20","modified_gmt":"2026-04-27T14:22:20","slug":"wal-fest-2026-raizet-art-urbain-guadeloupe","status":"publish","type":"post","link":"https:\/\/richeskarayib.com\/fr\/wal-fest-2026-raizet-art-urbain-guadeloupe\/","title":{"rendered":"Guadeloupe &#8211; WAL FEST 2026 : 12 fresques pour transformer Le Raizet"},"content":{"rendered":"\t\t<div data-elementor-type=\"wp-post\" data-elementor-id=\"73017\" class=\"elementor elementor-73017\" data-elementor-post-type=\"post\">\n\t\t\t\t\t\t<section class=\"elementor-section elementor-top-section elementor-element elementor-element-7ca7ca1 elementor-section-boxed elementor-section-height-default elementor-section-height-default\" data-id=\"7ca7ca1\" data-element_type=\"section\">\n\t\t\t\t\t\t<div class=\"elementor-container elementor-column-gap-default\">\n\t\t\t\t\t<div class=\"elementor-column elementor-col-100 elementor-top-column elementor-element elementor-element-cbdd002\" data-id=\"cbdd002\" data-element_type=\"column\">\n\t\t\t<div class=\"elementor-widget-wrap elementor-element-populated\">\n\t\t\t\t\t\t<section class=\"elementor-section elementor-inner-section elementor-element elementor-element-bc94849 elementor-section-boxed elementor-section-height-default elementor-section-height-default\" data-id=\"bc94849\" data-element_type=\"section\">\n\t\t\t\t\t\t<div class=\"elementor-container elementor-column-gap-default\">\n\t\t\t\t\t\t<\/div>\n\t\t<\/section>\n\t\t\t\t<section class=\"elementor-section elementor-inner-section elementor-element elementor-element-61571e6 elementor-section-boxed elementor-section-height-default elementor-section-height-default\" data-id=\"61571e6\" data-element_type=\"section\">\n\t\t\t\t\t\t<div class=\"elementor-container elementor-column-gap-default\">\n\t\t\t\t\t\t<\/div>\n\t\t<\/section>\n\t\t\t\t<section class=\"elementor-section elementor-inner-section elementor-element elementor-element-b6262e0 elementor-section-boxed elementor-section-height-default elementor-section-height-default\" data-id=\"b6262e0\" data-element_type=\"section\">\n\t\t\t\t\t\t<div class=\"elementor-container elementor-column-gap-default\">\n\t\t\t\t\t\t<\/div>\n\t\t<\/section>\n\t\t\t\t<section class=\"elementor-section elementor-inner-section elementor-element elementor-element-cca29fd elementor-section-boxed elementor-section-height-default elementor-section-height-default\" data-id=\"cca29fd\" data-element_type=\"section\">\n\t\t\t\t\t\t<div class=\"elementor-container elementor-column-gap-default\">\n\t\t\t\t\t\t<\/div>\n\t\t<\/section>\n\t\t\t\t\t<\/div>\n\t\t<\/div>\n\t\t\t\t\t<\/div>\n\t\t<\/section>\n\t\t\t\t<section class=\"elementor-section elementor-top-section elementor-element elementor-element-ee72354 elementor-section-boxed elementor-section-height-default elementor-section-height-default\" data-id=\"ee72354\" data-element_type=\"section\">\n\t\t\t\t\t\t<div class=\"elementor-container elementor-column-gap-default\">\n\t\t\t\t\t<div class=\"elementor-column elementor-col-100 elementor-top-column elementor-element elementor-element-c59d6fe\" data-id=\"c59d6fe\" data-element_type=\"column\">\n\t\t\t<div class=\"elementor-widget-wrap elementor-element-populated\">\n\t\t\t\t\t\t<div class=\"elementor-element elementor-element-661ebea elementor-widget elementor-widget-text-editor\" data-id=\"661ebea\" data-element_type=\"widget\" data-widget_type=\"text-editor.default\">\n\t\t\t\t<div class=\"elementor-widget-container\">\n\t\t\t\t\t\t\t\t\t<p><span style=\"font-weight: 400;\">Du 9 au 17 mai 2026, le quartier du Raizet, aux Abymes, accueillera le WAL FEST 2026, annonc\u00e9 comme le premier grand festival d\u2019art urbain de Guadeloupe. Pendant dix jours, 15 artistes venus de Guadeloupe et d\u2019ailleurs r\u00e9aliseront 12 fresques monumentales. L\u2019objectif affich\u00e9 est clair : faire du quartier un mus\u00e9e \u00e0 ciel ouvert, permanent et gratuit.<\/span><\/p>\t\t\t\t\t\t\t\t<\/div>\n\t\t\t\t<\/div>\n\t\t\t\t\t<\/div>\n\t\t<\/div>\n\t\t\t\t\t<\/div>\n\t\t<\/section>\n\t\t\t\t<section class=\"elementor-section elementor-top-section elementor-element elementor-element-82cd8f9 elementor-section-boxed elementor-section-height-default elementor-section-height-default\" data-id=\"82cd8f9\" data-element_type=\"section\">\n\t\t\t\t\t\t<div class=\"elementor-container elementor-column-gap-default\">\n\t\t\t\t\t<div class=\"elementor-column elementor-col-100 elementor-top-column elementor-element elementor-element-0bfdc38\" data-id=\"0bfdc38\" data-element_type=\"column\">\n\t\t\t<div class=\"elementor-widget-wrap elementor-element-populated\">\n\t\t\t\t\t\t<div class=\"elementor-element elementor-element-7d292fe elementor-widget elementor-widget-heading\" data-id=\"7d292fe\" data-element_type=\"widget\" data-widget_type=\"heading.default\">\n\t\t\t\t<div class=\"elementor-widget-container\">\n\t\t\t\t\t<h2 class=\"elementor-heading-title elementor-size-default\">Un quartier des Abymes plac\u00e9 au centre du projet<\/h2>\t\t\t\t<\/div>\n\t\t\t\t<\/div>\n\t\t\t\t<section class=\"elementor-section elementor-inner-section elementor-element elementor-element-da8459c elementor-section-boxed elementor-section-height-default elementor-section-height-default\" data-id=\"da8459c\" data-element_type=\"section\">\n\t\t\t\t\t\t<div class=\"elementor-container elementor-column-gap-default\">\n\t\t\t\t\t<div class=\"elementor-column elementor-col-100 elementor-inner-column elementor-element elementor-element-45b856b\" data-id=\"45b856b\" data-element_type=\"column\">\n\t\t\t<div class=\"elementor-widget-wrap elementor-element-populated\">\n\t\t\t\t\t\t<div class=\"elementor-element elementor-element-289b094 elementor-widget elementor-widget-text-editor\" data-id=\"289b094\" data-element_type=\"widget\" data-widget_type=\"text-editor.default\">\n\t\t\t\t<div class=\"elementor-widget-container\">\n\t\t\t\t\t\t\t\t\t<p><span style=\"font-weight: 400;\">Au Raizet, les murs des r\u00e9sidences Les Esses 1, 2, 3 et des Quartiers 1 et 2 de la SIG ne seront pas de simples supports. Ils deviendront le c\u0153ur visible d\u2019un projet culturel pens\u00e9 avec les habitants, les associations de quartier et le centre socio-culturel du Raizet. Le WAL FEST 2026 ne veut pas seulement montrer des \u0153uvres achev\u00e9es. Il veut rendre visible le geste artistique, le travail en direct, les \u00e9changes, les h\u00e9sitations et les rencontres.<\/span><\/p>\n<p><span style=\"font-weight: 400;\">Co-organis\u00e9 par l\u2019association WAL, Wad Al Lub, et la Soci\u00e9t\u00e9 Immobili\u00e8re de Guadeloupe, l\u2019\u00e9v\u00e9nement repose sur une id\u00e9e forte : transformer un quartier des ann\u00e9es 60 en parcours artistique en plein air. Selon le dossier transmis par l\u2019organisation, cette transformation s\u2019inscrit dans une triple logique : inclusion sociale, d\u00e9veloppement local et d\u00e9mocratisation de la cr\u00e9ation artistique.<\/span><\/p>\t\t\t\t\t\t\t\t<\/div>\n\t\t\t\t<\/div>\n\t\t\t\t\t<\/div>\n\t\t<\/div>\n\t\t\t\t\t<\/div>\n\t\t<\/section>\n\t\t\t\t<section class=\"elementor-section elementor-inner-section elementor-element elementor-element-c582330 elementor-section-boxed elementor-section-height-default elementor-section-height-default\" data-id=\"c582330\" data-element_type=\"section\">\n\t\t\t\t\t\t<div class=\"elementor-container elementor-column-gap-default\">\n\t\t\t\t\t\t<\/div>\n\t\t<\/section>\n\t\t\t\t<section class=\"elementor-section elementor-inner-section elementor-element elementor-element-296603a elementor-section-boxed elementor-section-height-default elementor-section-height-default\" data-id=\"296603a\" data-element_type=\"section\">\n\t\t\t\t\t\t<div class=\"elementor-container elementor-column-gap-default\">\n\t\t\t\t\t\t<\/div>\n\t\t<\/section>\n\t\t\t\t\t<\/div>\n\t\t<\/div>\n\t\t\t\t\t<\/div>\n\t\t<\/section>\n\t\t\t\t<section class=\"elementor-section elementor-top-section elementor-element elementor-element-9c88a89 elementor-section-boxed elementor-section-height-default elementor-section-height-default\" data-id=\"9c88a89\" data-element_type=\"section\">\n\t\t\t\t\t\t<div class=\"elementor-container elementor-column-gap-default\">\n\t\t\t\t\t<div class=\"elementor-column elementor-col-100 elementor-top-column elementor-element elementor-element-78cf5d1\" data-id=\"78cf5d1\" data-element_type=\"column\">\n\t\t\t<div class=\"elementor-widget-wrap elementor-element-populated\">\n\t\t\t\t\t\t<div class=\"elementor-element elementor-element-ea2a5c1 elementor-widget elementor-widget-heading\" data-id=\"ea2a5c1\" data-element_type=\"widget\" data-widget_type=\"heading.default\">\n\t\t\t\t<div class=\"elementor-widget-container\">\n\t\t\t\t\t<h2 class=\"elementor-heading-title elementor-size-default\">15 artistes, 12 fresques et une sc\u00e8ne internationale r\u00e9unie<\/h2>\t\t\t\t<\/div>\n\t\t\t\t<\/div>\n\t\t\t\t<section class=\"elementor-section elementor-inner-section elementor-element elementor-element-8e7aab6 elementor-section-boxed elementor-section-height-default elementor-section-height-default\" data-id=\"8e7aab6\" data-element_type=\"section\">\n\t\t\t\t\t\t<div class=\"elementor-container elementor-column-gap-default\">\n\t\t\t\t\t<div class=\"elementor-column elementor-col-25 elementor-inner-column elementor-element elementor-element-56c08cf\" data-id=\"56c08cf\" data-element_type=\"column\">\n\t\t\t<div class=\"elementor-widget-wrap elementor-element-populated\">\n\t\t\t\t\t\t<div class=\"elementor-element elementor-element-8a01633 elementor-widget elementor-widget-image\" data-id=\"8a01633\" data-element_type=\"widget\" data-widget_type=\"image.default\">\n\t\t\t\t<div class=\"elementor-widget-container\">\n\t\t\t\t\t\t\t\t\t\t\t\t\t\t\t<img fetchpriority=\"high\" decoding=\"async\" width=\"768\" height=\"1024\" src=\"https:\/\/richeskarayib.com\/wp-content\/uploads\/2026\/04\/668199314_1331691529018456_7570514117423002960_n-768x1024.jpg\" class=\"attachment-large size-large wp-image-73026\" alt=\"WAL FEST\" srcset=\"https:\/\/richeskarayib.com\/wp-content\/uploads\/2026\/04\/668199314_1331691529018456_7570514117423002960_n-768x1024.jpg 768w, https:\/\/richeskarayib.com\/wp-content\/uploads\/2026\/04\/668199314_1331691529018456_7570514117423002960_n-225x300.jpg 225w, https:\/\/richeskarayib.com\/wp-content\/uploads\/2026\/04\/668199314_1331691529018456_7570514117423002960_n-1152x1536.jpg 1152w, https:\/\/richeskarayib.com\/wp-content\/uploads\/2026\/04\/668199314_1331691529018456_7570514117423002960_n-1320x1760.jpg 1320w, https:\/\/richeskarayib.com\/wp-content\/uploads\/2026\/04\/668199314_1331691529018456_7570514117423002960_n.jpg 1440w\" sizes=\"(max-width: 768px) 100vw, 768px\" \/>\t\t\t\t\t\t\t\t\t\t\t\t\t\t\t<\/div>\n\t\t\t\t<\/div>\n\t\t\t\t\t<\/div>\n\t\t<\/div>\n\t\t\t\t<div class=\"elementor-column elementor-col-25 elementor-inner-column elementor-element elementor-element-ff6d321\" data-id=\"ff6d321\" data-element_type=\"column\">\n\t\t\t<div class=\"elementor-widget-wrap elementor-element-populated\">\n\t\t\t\t\t\t<div class=\"elementor-element elementor-element-6511224 elementor-widget elementor-widget-image\" data-id=\"6511224\" data-element_type=\"widget\" data-widget_type=\"image.default\">\n\t\t\t\t<div class=\"elementor-widget-container\">\n\t\t\t\t\t\t\t\t\t\t\t\t\t\t\t<img decoding=\"async\" width=\"768\" height=\"1024\" src=\"https:\/\/richeskarayib.com\/wp-content\/uploads\/2026\/04\/668973513_1333293542191588_529160845574047249_n-768x1024.jpg\" class=\"attachment-large size-large wp-image-73030\" alt=\"WAL FEST\" srcset=\"https:\/\/richeskarayib.com\/wp-content\/uploads\/2026\/04\/668973513_1333293542191588_529160845574047249_n-768x1024.jpg 768w, https:\/\/richeskarayib.com\/wp-content\/uploads\/2026\/04\/668973513_1333293542191588_529160845574047249_n-225x300.jpg 225w, https:\/\/richeskarayib.com\/wp-content\/uploads\/2026\/04\/668973513_1333293542191588_529160845574047249_n-1152x1536.jpg 1152w, https:\/\/richeskarayib.com\/wp-content\/uploads\/2026\/04\/668973513_1333293542191588_529160845574047249_n-1320x1760.jpg 1320w, https:\/\/richeskarayib.com\/wp-content\/uploads\/2026\/04\/668973513_1333293542191588_529160845574047249_n.jpg 1440w\" sizes=\"(max-width: 768px) 100vw, 768px\" \/>\t\t\t\t\t\t\t\t\t\t\t\t\t\t\t<\/div>\n\t\t\t\t<\/div>\n\t\t\t\t\t<\/div>\n\t\t<\/div>\n\t\t\t\t<div class=\"elementor-column elementor-col-25 elementor-inner-column elementor-element elementor-element-58ce473\" data-id=\"58ce473\" data-element_type=\"column\">\n\t\t\t<div class=\"elementor-widget-wrap elementor-element-populated\">\n\t\t\t\t\t\t<div class=\"elementor-element elementor-element-0fb34eb elementor-widget elementor-widget-image\" data-id=\"0fb34eb\" data-element_type=\"widget\" data-widget_type=\"image.default\">\n\t\t\t\t<div class=\"elementor-widget-container\">\n\t\t\t\t\t\t\t\t\t\t\t\t\t\t\t<img decoding=\"async\" width=\"768\" height=\"1024\" src=\"https:\/\/richeskarayib.com\/wp-content\/uploads\/2026\/04\/670097656_1332441378943471_3207145590147101021_n-768x1024.jpg\" class=\"attachment-large size-large wp-image-73034\" alt=\"WAL FEST\" srcset=\"https:\/\/richeskarayib.com\/wp-content\/uploads\/2026\/04\/670097656_1332441378943471_3207145590147101021_n-768x1024.jpg 768w, https:\/\/richeskarayib.com\/wp-content\/uploads\/2026\/04\/670097656_1332441378943471_3207145590147101021_n-225x300.jpg 225w, https:\/\/richeskarayib.com\/wp-content\/uploads\/2026\/04\/670097656_1332441378943471_3207145590147101021_n-1152x1536.jpg 1152w, https:\/\/richeskarayib.com\/wp-content\/uploads\/2026\/04\/670097656_1332441378943471_3207145590147101021_n-1320x1760.jpg 1320w, https:\/\/richeskarayib.com\/wp-content\/uploads\/2026\/04\/670097656_1332441378943471_3207145590147101021_n.jpg 1440w\" sizes=\"(max-width: 768px) 100vw, 768px\" \/>\t\t\t\t\t\t\t\t\t\t\t\t\t\t\t<\/div>\n\t\t\t\t<\/div>\n\t\t\t\t\t<\/div>\n\t\t<\/div>\n\t\t\t\t<div class=\"elementor-column elementor-col-25 elementor-inner-column elementor-element elementor-element-ecbd191\" data-id=\"ecbd191\" data-element_type=\"column\">\n\t\t\t<div class=\"elementor-widget-wrap elementor-element-populated\">\n\t\t\t\t\t\t<div class=\"elementor-element elementor-element-c184d1e elementor-widget elementor-widget-image\" data-id=\"c184d1e\" data-element_type=\"widget\" data-widget_type=\"image.default\">\n\t\t\t\t<div class=\"elementor-widget-container\">\n\t\t\t\t\t\t\t\t\t\t\t\t\t\t\t<img loading=\"lazy\" decoding=\"async\" width=\"768\" height=\"1024\" src=\"https:\/\/richeskarayib.com\/wp-content\/uploads\/2026\/04\/670347527_17866290543669033_7038650680232183937_n-768x1024.jpg\" class=\"attachment-large size-large wp-image-73038\" alt=\"WAL FEST\" srcset=\"https:\/\/richeskarayib.com\/wp-content\/uploads\/2026\/04\/670347527_17866290543669033_7038650680232183937_n-768x1024.jpg 768w, https:\/\/richeskarayib.com\/wp-content\/uploads\/2026\/04\/670347527_17866290543669033_7038650680232183937_n-225x300.jpg 225w, https:\/\/richeskarayib.com\/wp-content\/uploads\/2026\/04\/670347527_17866290543669033_7038650680232183937_n-1152x1536.jpg 1152w, https:\/\/richeskarayib.com\/wp-content\/uploads\/2026\/04\/670347527_17866290543669033_7038650680232183937_n-1320x1760.jpg 1320w, https:\/\/richeskarayib.com\/wp-content\/uploads\/2026\/04\/670347527_17866290543669033_7038650680232183937_n.jpg 1440w\" sizes=\"(max-width: 768px) 100vw, 768px\" \/>\t\t\t\t\t\t\t\t\t\t\t\t\t\t\t<\/div>\n\t\t\t\t<\/div>\n\t\t\t\t\t<\/div>\n\t\t<\/div>\n\t\t\t\t\t<\/div>\n\t\t<\/section>\n\t\t\t\t<div class=\"elementor-element elementor-element-e305eee elementor-widget elementor-widget-text-editor\" data-id=\"e305eee\" data-element_type=\"widget\" data-widget_type=\"text-editor.default\">\n\t\t\t\t<div class=\"elementor-widget-container\">\n\t\t\t\t\t\t\t\t\t<p><span style=\"font-weight: 400;\">Pendant dix jours, 15 artistes internationaux investiront Le Raizet pour cr\u00e9er 12 fresques monumentales en direct. La programmation annonc\u00e9e r\u00e9unit des artistes de Guadeloupe, de Guyane, de R\u00e9publique dominicaine, de France, des Pays-Bas, d\u2019Espagne et de la Cara\u00efbe.<\/span><\/p>\n<p><span style=\"font-weight: 400;\">Parmi les artistes annonc\u00e9s figurent Steek, <a href=\"https:\/\/richeskarayib.com\/fr\/sikoa-art-comme-moteur-transformation-post-rk\/\" target=\"_blank\" rel=\"noopener\">Al Pacman<\/a>, Pauline et Mathilde Bonnet, le collectif 4KG, Pock, Ti Latour, Greeffe, Kilia Llano, Hopare, Kaldea, Zailfana, Does et Zurik. La pr\u00e9sence d\u2019artistes confirm\u00e9s aux c\u00f4t\u00e9s de talents guadeloup\u00e9ens permet de cr\u00e9er un dialogue entre plusieurs pratiques : graffiti, muralisme, peinture, illustration, m\u00e9moire, abstraction, portrait, art public et cultures urbaines. Le festival met aussi en avant une programmation mixte, avec autant de femmes que d\u2019hommes muralistes pour cette premi\u00e8re \u00e9dition.<\/span><\/p>\t\t\t\t\t\t\t\t<\/div>\n\t\t\t\t<\/div>\n\t\t\t\t<section class=\"elementor-section elementor-inner-section elementor-element elementor-element-941697b elementor-section-boxed elementor-section-height-default elementor-section-height-default\" data-id=\"941697b\" data-element_type=\"section\">\n\t\t\t\t\t\t<div class=\"elementor-container elementor-column-gap-default\">\n\t\t\t\t\t<div class=\"elementor-column elementor-col-25 elementor-inner-column elementor-element elementor-element-4889608\" data-id=\"4889608\" data-element_type=\"column\">\n\t\t\t<div class=\"elementor-widget-wrap elementor-element-populated\">\n\t\t\t\t\t\t<div class=\"elementor-element elementor-element-3d205aa elementor-widget elementor-widget-image\" data-id=\"3d205aa\" data-element_type=\"widget\" data-widget_type=\"image.default\">\n\t\t\t\t<div class=\"elementor-widget-container\">\n\t\t\t\t\t\t\t\t\t\t\t\t\t\t\t<img loading=\"lazy\" decoding=\"async\" width=\"768\" height=\"1024\" src=\"https:\/\/richeskarayib.com\/wp-content\/uploads\/2026\/04\/671129929_17867479011669033_4806283272238796296_n-768x1024.jpg\" class=\"attachment-large size-large wp-image-73042\" alt=\"WAL FEST\" srcset=\"https:\/\/richeskarayib.com\/wp-content\/uploads\/2026\/04\/671129929_17867479011669033_4806283272238796296_n-768x1024.jpg 768w, https:\/\/richeskarayib.com\/wp-content\/uploads\/2026\/04\/671129929_17867479011669033_4806283272238796296_n-225x300.jpg 225w, https:\/\/richeskarayib.com\/wp-content\/uploads\/2026\/04\/671129929_17867479011669033_4806283272238796296_n-1152x1536.jpg 1152w, https:\/\/richeskarayib.com\/wp-content\/uploads\/2026\/04\/671129929_17867479011669033_4806283272238796296_n-1320x1760.jpg 1320w, https:\/\/richeskarayib.com\/wp-content\/uploads\/2026\/04\/671129929_17867479011669033_4806283272238796296_n.jpg 1440w\" sizes=\"(max-width: 768px) 100vw, 768px\" \/>\t\t\t\t\t\t\t\t\t\t\t\t\t\t\t<\/div>\n\t\t\t\t<\/div>\n\t\t\t\t\t<\/div>\n\t\t<\/div>\n\t\t\t\t<div class=\"elementor-column elementor-col-25 elementor-inner-column elementor-element elementor-element-ef9fbc1\" data-id=\"ef9fbc1\" data-element_type=\"column\">\n\t\t\t<div class=\"elementor-widget-wrap elementor-element-populated\">\n\t\t\t\t\t\t<div class=\"elementor-element elementor-element-9e5e8c6 elementor-widget elementor-widget-image\" data-id=\"9e5e8c6\" data-element_type=\"widget\" data-widget_type=\"image.default\">\n\t\t\t\t<div class=\"elementor-widget-container\">\n\t\t\t\t\t\t\t\t\t\t\t\t\t\t\t<img loading=\"lazy\" decoding=\"async\" width=\"768\" height=\"1024\" src=\"https:\/\/richeskarayib.com\/wp-content\/uploads\/2026\/04\/671817457_17868194517669033_7004217572666561025_n-768x1024.jpg\" class=\"attachment-large size-large wp-image-73046\" alt=\"WAL FEST\" srcset=\"https:\/\/richeskarayib.com\/wp-content\/uploads\/2026\/04\/671817457_17868194517669033_7004217572666561025_n-768x1024.jpg 768w, https:\/\/richeskarayib.com\/wp-content\/uploads\/2026\/04\/671817457_17868194517669033_7004217572666561025_n-225x300.jpg 225w, https:\/\/richeskarayib.com\/wp-content\/uploads\/2026\/04\/671817457_17868194517669033_7004217572666561025_n-1152x1536.jpg 1152w, https:\/\/richeskarayib.com\/wp-content\/uploads\/2026\/04\/671817457_17868194517669033_7004217572666561025_n-1320x1760.jpg 1320w, https:\/\/richeskarayib.com\/wp-content\/uploads\/2026\/04\/671817457_17868194517669033_7004217572666561025_n.jpg 1440w\" sizes=\"(max-width: 768px) 100vw, 768px\" \/>\t\t\t\t\t\t\t\t\t\t\t\t\t\t\t<\/div>\n\t\t\t\t<\/div>\n\t\t\t\t\t<\/div>\n\t\t<\/div>\n\t\t\t\t<div class=\"elementor-column elementor-col-25 elementor-inner-column elementor-element elementor-element-13ed36c\" data-id=\"13ed36c\" data-element_type=\"column\">\n\t\t\t<div class=\"elementor-widget-wrap elementor-element-populated\">\n\t\t\t\t\t\t<div class=\"elementor-element elementor-element-3efd862 elementor-widget elementor-widget-image\" data-id=\"3efd862\" data-element_type=\"widget\" data-widget_type=\"image.default\">\n\t\t\t\t<div class=\"elementor-widget-container\">\n\t\t\t\t\t\t\t\t\t\t\t\t\t\t\t<img loading=\"lazy\" decoding=\"async\" width=\"768\" height=\"1024\" src=\"https:\/\/richeskarayib.com\/wp-content\/uploads\/2026\/04\/671834932_1334016965452579_2992080310324258522_n-768x1024.jpg\" class=\"attachment-large size-large wp-image-73050\" alt=\"WAL FEST\" srcset=\"https:\/\/richeskarayib.com\/wp-content\/uploads\/2026\/04\/671834932_1334016965452579_2992080310324258522_n-768x1024.jpg 768w, https:\/\/richeskarayib.com\/wp-content\/uploads\/2026\/04\/671834932_1334016965452579_2992080310324258522_n-225x300.jpg 225w, https:\/\/richeskarayib.com\/wp-content\/uploads\/2026\/04\/671834932_1334016965452579_2992080310324258522_n-1152x1536.jpg 1152w, https:\/\/richeskarayib.com\/wp-content\/uploads\/2026\/04\/671834932_1334016965452579_2992080310324258522_n-1320x1760.jpg 1320w, https:\/\/richeskarayib.com\/wp-content\/uploads\/2026\/04\/671834932_1334016965452579_2992080310324258522_n.jpg 1440w\" sizes=\"(max-width: 768px) 100vw, 768px\" \/>\t\t\t\t\t\t\t\t\t\t\t\t\t\t\t<\/div>\n\t\t\t\t<\/div>\n\t\t\t\t\t<\/div>\n\t\t<\/div>\n\t\t\t\t<div class=\"elementor-column elementor-col-25 elementor-inner-column elementor-element elementor-element-d33d03a\" data-id=\"d33d03a\" data-element_type=\"column\">\n\t\t\t<div class=\"elementor-widget-wrap elementor-element-populated\">\n\t\t\t\t\t\t<div class=\"elementor-element elementor-element-739938c elementor-widget elementor-widget-image\" data-id=\"739938c\" data-element_type=\"widget\" data-widget_type=\"image.default\">\n\t\t\t\t<div class=\"elementor-widget-container\">\n\t\t\t\t\t\t\t\t\t\t\t\t\t\t\t<img loading=\"lazy\" decoding=\"async\" width=\"768\" height=\"1024\" src=\"https:\/\/richeskarayib.com\/wp-content\/uploads\/2026\/04\/678330257_1342039344650341_7187211609469605708_n-768x1024.jpg\" class=\"attachment-large size-large wp-image-73054\" alt=\"WAL FEST\" srcset=\"https:\/\/richeskarayib.com\/wp-content\/uploads\/2026\/04\/678330257_1342039344650341_7187211609469605708_n-768x1024.jpg 768w, https:\/\/richeskarayib.com\/wp-content\/uploads\/2026\/04\/678330257_1342039344650341_7187211609469605708_n-225x300.jpg 225w, https:\/\/richeskarayib.com\/wp-content\/uploads\/2026\/04\/678330257_1342039344650341_7187211609469605708_n-1152x1536.jpg 1152w, https:\/\/richeskarayib.com\/wp-content\/uploads\/2026\/04\/678330257_1342039344650341_7187211609469605708_n-1320x1760.jpg 1320w, https:\/\/richeskarayib.com\/wp-content\/uploads\/2026\/04\/678330257_1342039344650341_7187211609469605708_n.jpg 1440w\" sizes=\"(max-width: 768px) 100vw, 768px\" \/>\t\t\t\t\t\t\t\t\t\t\t\t\t\t\t<\/div>\n\t\t\t\t<\/div>\n\t\t\t\t\t<\/div>\n\t\t<\/div>\n\t\t\t\t\t<\/div>\n\t\t<\/section>\n\t\t\t\t<section class=\"elementor-section elementor-inner-section elementor-element elementor-element-fd3f291 elementor-section-boxed elementor-section-height-default elementor-section-height-default\" data-id=\"fd3f291\" data-element_type=\"section\">\n\t\t\t\t\t\t<div class=\"elementor-container elementor-column-gap-default\">\n\t\t\t\t\t<div class=\"elementor-column elementor-col-25 elementor-inner-column elementor-element elementor-element-1d61c91\" data-id=\"1d61c91\" data-element_type=\"column\">\n\t\t\t<div class=\"elementor-widget-wrap elementor-element-populated\">\n\t\t\t\t\t\t<div class=\"elementor-element elementor-element-d5fa9b8 elementor-widget elementor-widget-image\" data-id=\"d5fa9b8\" data-element_type=\"widget\" data-widget_type=\"image.default\">\n\t\t\t\t<div class=\"elementor-widget-container\">\n\t\t\t\t\t\t\t\t\t\t\t\t\t\t\t<img loading=\"lazy\" decoding=\"async\" width=\"768\" height=\"1024\" src=\"https:\/\/richeskarayib.com\/wp-content\/uploads\/2026\/04\/678496072_1340474068140202_6056492829781957470_n-768x1024.jpg\" class=\"attachment-large size-large wp-image-73058\" alt=\"WAL FEST\" srcset=\"https:\/\/richeskarayib.com\/wp-content\/uploads\/2026\/04\/678496072_1340474068140202_6056492829781957470_n-768x1024.jpg 768w, https:\/\/richeskarayib.com\/wp-content\/uploads\/2026\/04\/678496072_1340474068140202_6056492829781957470_n-225x300.jpg 225w, https:\/\/richeskarayib.com\/wp-content\/uploads\/2026\/04\/678496072_1340474068140202_6056492829781957470_n-1152x1536.jpg 1152w, https:\/\/richeskarayib.com\/wp-content\/uploads\/2026\/04\/678496072_1340474068140202_6056492829781957470_n-1320x1760.jpg 1320w, https:\/\/richeskarayib.com\/wp-content\/uploads\/2026\/04\/678496072_1340474068140202_6056492829781957470_n.jpg 1440w\" sizes=\"(max-width: 768px) 100vw, 768px\" \/>\t\t\t\t\t\t\t\t\t\t\t\t\t\t\t<\/div>\n\t\t\t\t<\/div>\n\t\t\t\t\t<\/div>\n\t\t<\/div>\n\t\t\t\t<div class=\"elementor-column elementor-col-25 elementor-inner-column elementor-element elementor-element-7ab75c9\" data-id=\"7ab75c9\" data-element_type=\"column\">\n\t\t\t<div class=\"elementor-widget-wrap elementor-element-populated\">\n\t\t\t\t\t\t<div class=\"elementor-element elementor-element-21c5a2f elementor-widget elementor-widget-image\" data-id=\"21c5a2f\" data-element_type=\"widget\" data-widget_type=\"image.default\">\n\t\t\t\t<div class=\"elementor-widget-container\">\n\t\t\t\t\t\t\t\t\t\t\t\t\t\t\t<img loading=\"lazy\" decoding=\"async\" width=\"768\" height=\"1024\" src=\"https:\/\/richeskarayib.com\/wp-content\/uploads\/2026\/04\/682396821_1344235717764037_2875367133577745915_n-768x1024.jpg\" class=\"attachment-large size-large wp-image-73062\" alt=\"WAL FEST\" srcset=\"https:\/\/richeskarayib.com\/wp-content\/uploads\/2026\/04\/682396821_1344235717764037_2875367133577745915_n-768x1024.jpg 768w, https:\/\/richeskarayib.com\/wp-content\/uploads\/2026\/04\/682396821_1344235717764037_2875367133577745915_n-225x300.jpg 225w, https:\/\/richeskarayib.com\/wp-content\/uploads\/2026\/04\/682396821_1344235717764037_2875367133577745915_n-1152x1536.jpg 1152w, https:\/\/richeskarayib.com\/wp-content\/uploads\/2026\/04\/682396821_1344235717764037_2875367133577745915_n-1320x1760.jpg 1320w, https:\/\/richeskarayib.com\/wp-content\/uploads\/2026\/04\/682396821_1344235717764037_2875367133577745915_n.jpg 1440w\" sizes=\"(max-width: 768px) 100vw, 768px\" \/>\t\t\t\t\t\t\t\t\t\t\t\t\t\t\t<\/div>\n\t\t\t\t<\/div>\n\t\t\t\t\t<\/div>\n\t\t<\/div>\n\t\t\t\t<div class=\"elementor-column elementor-col-25 elementor-inner-column elementor-element elementor-element-5141b85\" data-id=\"5141b85\" data-element_type=\"column\">\n\t\t\t<div class=\"elementor-widget-wrap elementor-element-populated\">\n\t\t\t\t\t\t<div class=\"elementor-element elementor-element-2ab731f elementor-widget elementor-widget-image\" data-id=\"2ab731f\" data-element_type=\"widget\" data-widget_type=\"image.default\">\n\t\t\t\t<div class=\"elementor-widget-container\">\n\t\t\t\t\t\t\t\t\t\t\t\t\t\t\t<img loading=\"lazy\" decoding=\"async\" width=\"768\" height=\"1024\" src=\"https:\/\/richeskarayib.com\/wp-content\/uploads\/2026\/04\/682710547_1343776041143338_5061661617725378588_n-768x1024.jpg\" class=\"attachment-large size-large wp-image-73066\" alt=\"WAL FEST\" srcset=\"https:\/\/richeskarayib.com\/wp-content\/uploads\/2026\/04\/682710547_1343776041143338_5061661617725378588_n-768x1024.jpg 768w, https:\/\/richeskarayib.com\/wp-content\/uploads\/2026\/04\/682710547_1343776041143338_5061661617725378588_n-225x300.jpg 225w, https:\/\/richeskarayib.com\/wp-content\/uploads\/2026\/04\/682710547_1343776041143338_5061661617725378588_n-1152x1536.jpg 1152w, https:\/\/richeskarayib.com\/wp-content\/uploads\/2026\/04\/682710547_1343776041143338_5061661617725378588_n-1320x1760.jpg 1320w, https:\/\/richeskarayib.com\/wp-content\/uploads\/2026\/04\/682710547_1343776041143338_5061661617725378588_n.jpg 1440w\" sizes=\"(max-width: 768px) 100vw, 768px\" \/>\t\t\t\t\t\t\t\t\t\t\t\t\t\t\t<\/div>\n\t\t\t\t<\/div>\n\t\t\t\t\t<\/div>\n\t\t<\/div>\n\t\t\t\t<div class=\"elementor-column elementor-col-25 elementor-inner-column elementor-element elementor-element-a98effa\" data-id=\"a98effa\" data-element_type=\"column\">\n\t\t\t<div class=\"elementor-widget-wrap elementor-element-populated\">\n\t\t\t\t\t\t<div class=\"elementor-element elementor-element-121ca93 elementor-widget elementor-widget-image\" data-id=\"121ca93\" data-element_type=\"widget\" data-widget_type=\"image.default\">\n\t\t\t\t<div class=\"elementor-widget-container\">\n\t\t\t\t\t\t\t\t\t\t\t\t\t\t\t<img loading=\"lazy\" decoding=\"async\" width=\"768\" height=\"1024\" src=\"https:\/\/richeskarayib.com\/wp-content\/uploads\/2026\/04\/682838775_17868894774669033_7858955304164132923_n-768x1024.jpg\" class=\"attachment-large size-large wp-image-73070\" alt=\"WAL FEST\" srcset=\"https:\/\/richeskarayib.com\/wp-content\/uploads\/2026\/04\/682838775_17868894774669033_7858955304164132923_n-768x1024.jpg 768w, https:\/\/richeskarayib.com\/wp-content\/uploads\/2026\/04\/682838775_17868894774669033_7858955304164132923_n-225x300.jpg 225w, https:\/\/richeskarayib.com\/wp-content\/uploads\/2026\/04\/682838775_17868894774669033_7858955304164132923_n-1152x1536.jpg 1152w, https:\/\/richeskarayib.com\/wp-content\/uploads\/2026\/04\/682838775_17868894774669033_7858955304164132923_n-1320x1760.jpg 1320w, https:\/\/richeskarayib.com\/wp-content\/uploads\/2026\/04\/682838775_17868894774669033_7858955304164132923_n.jpg 1440w\" sizes=\"(max-width: 768px) 100vw, 768px\" \/>\t\t\t\t\t\t\t\t\t\t\t\t\t\t\t<\/div>\n\t\t\t\t<\/div>\n\t\t\t\t\t<\/div>\n\t\t<\/div>\n\t\t\t\t\t<\/div>\n\t\t<\/section>\n\t\t\t\t\t<\/div>\n\t\t<\/div>\n\t\t\t\t\t<\/div>\n\t\t<\/section>\n\t\t\t\t<section class=\"elementor-section elementor-top-section elementor-element elementor-element-4a0e8e4 elementor-section-boxed elementor-section-height-default elementor-section-height-default\" data-id=\"4a0e8e4\" data-element_type=\"section\">\n\t\t\t\t\t\t<div class=\"elementor-container elementor-column-gap-default\">\n\t\t\t\t\t<div class=\"elementor-column elementor-col-100 elementor-top-column elementor-element elementor-element-f16bdfb\" data-id=\"f16bdfb\" data-element_type=\"column\">\n\t\t\t<div class=\"elementor-widget-wrap elementor-element-populated\">\n\t\t\t\t\t\t<div class=\"elementor-element elementor-element-33604cf elementor-widget elementor-widget-heading\" data-id=\"33604cf\" data-element_type=\"widget\" data-widget_type=\"heading.default\">\n\t\t\t\t<div class=\"elementor-widget-container\">\n\t\t\t\t\t<h2 class=\"elementor-heading-title elementor-size-default\">WAL FEST 2026 : Un programme pens\u00e9 pour les habitants, les scolaires et les familles<\/h2>\t\t\t\t<\/div>\n\t\t\t\t<\/div>\n\t\t\t\t<div class=\"elementor-element elementor-element-06205d8 elementor-widget elementor-widget-text-editor\" data-id=\"06205d8\" data-element_type=\"widget\" data-widget_type=\"text-editor.default\">\n\t\t\t\t<div class=\"elementor-widget-container\">\n\t\t\t\t\t\t\t\t\t<p><span style=\"font-weight: 400;\">Le WAL FEST 2026 ouvrira le samedi 9 mai avec un lancement officiel m\u00ealant performances artistiques, musique et projection du documentaire Mas Ka Kl\u00e9, La porte du retour de G\u00e9rard Maximin. Le mardi 12 mai sera consacr\u00e9 aux scolaires, avec des visites guid\u00e9es du parcours artistique, des rencontres avec les artistes et des ateliers p\u00e9dagogiques.<\/span><\/p>\n<p><span style=\"font-weight: 400;\">Le jeudi 14 mai, une journ\u00e9e \u00e9co-citoyenne sera organis\u00e9e en partenariat avec Cap Excellence. Elle associera sensibilisation environnementale, actions citoyennes et r\u00e9flexion sur le territoire. Le vendredi 15 mai, \u00e0 partir de 19 heures, le lewoz, soir\u00e9e culturelle traditionnelle guadeloup\u00e9enne, mettra \u00e0 l\u2019honneur le patrimoine local avec la participation de groupes \u00e0 p\u00f4 du Raizet.<\/span><\/p>\t\t\t\t\t\t\t\t<\/div>\n\t\t\t\t<\/div>\n\t\t\t\t<div class=\"elementor-element elementor-element-324004d elementor-widget elementor-widget-text-editor\" data-id=\"324004d\" data-element_type=\"widget\" data-widget_type=\"text-editor.default\">\n\t\t\t\t<div class=\"elementor-widget-container\">\n\t\t\t\t\t\t\t\t\t<p><span style=\"font-weight: 400;\">Les 16 et 17 mai, le Village WAL FEST, aussi appel\u00e9 Vilaj Papyon, prendra place de 10 heures \u00e0 18 heures. Ce village r\u00e9unira trois grands p\u00f4les autour de l\u2019emploi, de la formation, de l\u2019artisanat, des expositions, de la pr\u00e9vention et de la sensibilisation. D\u00e8s 16 heures, la sc\u00e8ne accueillera des animations musicales, des spectacles de danse et un d\u00e9fil\u00e9 de mode, en partenariat avec le Conseil D\u00e9partemental et l\u2019association ONTGABF.<\/span><\/p>\t\t\t\t\t\t\t\t<\/div>\n\t\t\t\t<\/div>\n\t\t\t\t\t<\/div>\n\t\t<\/div>\n\t\t\t\t\t<\/div>\n\t\t<\/section>\n\t\t\t\t<section class=\"elementor-section elementor-top-section elementor-element elementor-element-73744de elementor-section-boxed elementor-section-height-default elementor-section-height-default\" data-id=\"73744de\" data-element_type=\"section\">\n\t\t\t\t\t\t<div class=\"elementor-container elementor-column-gap-default\">\n\t\t\t\t\t<div class=\"elementor-column elementor-col-100 elementor-top-column elementor-element elementor-element-8f238ec\" data-id=\"8f238ec\" data-element_type=\"column\">\n\t\t\t<div class=\"elementor-widget-wrap elementor-element-populated\">\n\t\t\t\t\t\t<div class=\"elementor-element elementor-element-1a869a1 elementor-widget elementor-widget-heading\" data-id=\"1a869a1\" data-element_type=\"widget\" data-widget_type=\"heading.default\">\n\t\t\t\t<div class=\"elementor-widget-container\">\n\t\t\t\t\t<h2 class=\"elementor-heading-title elementor-size-default\">L\u2019art urbain comme outil \u00e9ducatif<\/h2>\t\t\t\t<\/div>\n\t\t\t\t<\/div>\n\t\t\t\t<div class=\"elementor-element elementor-element-ed5c50c elementor-widget elementor-widget-text-editor\" data-id=\"ed5c50c\" data-element_type=\"widget\" data-widget_type=\"text-editor.default\">\n\t\t\t\t<div class=\"elementor-widget-container\">\n\t\t\t\t\t\t\t\t\t<p><span style=\"font-weight: 400;\">WAL FEST ne se limite pas aux fresques. Du 9 au 17 mai, des ateliers d\u2019initiation \u00e0 l\u2019art urbain seront propos\u00e9s de 10 heures \u00e0 12 heures au c\u0153ur des r\u00e9sidences concern\u00e9es. Ils seront encadr\u00e9s par des artistes de Guadeloupe, parmi lesquels Skem, Macfa, 1So, Art\u2019So, Yeswoo, Karey et Sek. <\/span><span style=\"font-weight: 400;\">Ces ateliers permettront aux enfants, aux jeunes et aux adultes de comprendre les codes de l\u2019art urbain, d\u2019exp\u00e9rimenter des techniques et de dialoguer avec des artistes professionnels. L\u2019objectif annonc\u00e9 est : stimuler la cr\u00e9ativit\u00e9, renforcer la confiance en soi et ouvrir les participants \u00e0 d\u2019autres cultures artistiques.<\/span><\/p>\t\t\t\t\t\t\t\t<\/div>\n\t\t\t\t<\/div>\n\t\t\t\t<div class=\"elementor-element elementor-element-93e3532 elementor-widget elementor-widget-text-editor\" data-id=\"93e3532\" data-element_type=\"widget\" data-widget_type=\"text-editor.default\">\n\t\t\t\t<div class=\"elementor-widget-container\">\n\t\t\t\t\t\t\t\t\t<p><span style=\"font-weight: 400;\">Cette dimension p\u00e9dagogique donne au WAL FEST 2026 une port\u00e9e particuli\u00e8re. Le public ne vient pas seulement regarder. Il peut apprendre, questionner, participer et se situer dans une histoire artistique plus large.<\/span><\/p>\t\t\t\t\t\t\t\t<\/div>\n\t\t\t\t<\/div>\n\t\t\t\t<div class=\"elementor-element elementor-element-f123daf elementor-widget elementor-widget-image\" data-id=\"f123daf\" data-element_type=\"widget\" data-widget_type=\"image.default\">\n\t\t\t\t<div class=\"elementor-widget-container\">\n\t\t\t\t\t\t\t\t\t\t\t\t\t\t\t<img loading=\"lazy\" decoding=\"async\" width=\"800\" height=\"1000\" src=\"https:\/\/richeskarayib.com\/wp-content\/uploads\/2026\/04\/651005258_1307116078142668_7511211759151777313_n-819x1024.jpg\" class=\"attachment-large size-large wp-image-73022\" alt=\"WAL FEST\" srcset=\"https:\/\/richeskarayib.com\/wp-content\/uploads\/2026\/04\/651005258_1307116078142668_7511211759151777313_n-819x1024.jpg 819w, https:\/\/richeskarayib.com\/wp-content\/uploads\/2026\/04\/651005258_1307116078142668_7511211759151777313_n-240x300.jpg 240w, https:\/\/richeskarayib.com\/wp-content\/uploads\/2026\/04\/651005258_1307116078142668_7511211759151777313_n-768x960.jpg 768w, https:\/\/richeskarayib.com\/wp-content\/uploads\/2026\/04\/651005258_1307116078142668_7511211759151777313_n-1229x1536.jpg 1229w, https:\/\/richeskarayib.com\/wp-content\/uploads\/2026\/04\/651005258_1307116078142668_7511211759151777313_n-1320x1650.jpg 1320w, https:\/\/richeskarayib.com\/wp-content\/uploads\/2026\/04\/651005258_1307116078142668_7511211759151777313_n.jpg 1536w\" sizes=\"(max-width: 800px) 100vw, 800px\" \/>\t\t\t\t\t\t\t\t\t\t\t\t\t\t\t<\/div>\n\t\t\t\t<\/div>\n\t\t\t\t\t<\/div>\n\t\t<\/div>\n\t\t\t\t\t<\/div>\n\t\t<\/section>\n\t\t\t\t<section class=\"elementor-section elementor-top-section elementor-element elementor-element-cd6f302 elementor-section-boxed elementor-section-height-default elementor-section-height-default\" data-id=\"cd6f302\" data-element_type=\"section\">\n\t\t\t\t\t\t<div class=\"elementor-container elementor-column-gap-default\">\n\t\t\t\t\t<div class=\"elementor-column elementor-col-100 elementor-top-column elementor-element elementor-element-3291df2\" data-id=\"3291df2\" data-element_type=\"column\">\n\t\t\t<div class=\"elementor-widget-wrap elementor-element-populated\">\n\t\t\t\t\t\t<div class=\"elementor-element elementor-element-d48250a elementor-widget elementor-widget-heading\" data-id=\"d48250a\" data-element_type=\"widget\" data-widget_type=\"heading.default\">\n\t\t\t\t<div class=\"elementor-widget-container\">\n\t\t\t\t\t<h2 class=\"elementor-heading-title elementor-size-default\">Un village citoyen pour l\u2019emploi, la culture et les droits<\/h2>\t\t\t\t<\/div>\n\t\t\t\t<\/div>\n\t\t\t\t<div class=\"elementor-element elementor-element-995f4f4 elementor-widget elementor-widget-text-editor\" data-id=\"995f4f4\" data-element_type=\"widget\" data-widget_type=\"text-editor.default\">\n\t\t\t\t<div class=\"elementor-widget-container\">\n\t\t\t\t\t\t\t\t\t<p><span style=\"font-weight: 400;\">Le Vilaj Papyon donne au festival une dimension sociale et \u00e9conomique. Le p\u00f4le emploi et formation proposera notamment des rencontres avec des entreprises locales, des conseils en orientation, des \u00e9changes avec des recruteurs, une d\u00e9couverte des m\u00e9tiers et des parcours d\u2019insertion.<\/span><\/p>\n<p><span style=\"font-weight: 400;\">Un autre volet sera consacr\u00e9 au patrimoine et \u00e0 la culture, avec l\u2019artisanat local, les savoir-faire guadeloup\u00e9ens, les expositions et les d\u00e9monstrations. Un espace d\u2019information portera aussi sur l\u2019acc\u00e8s aux services de sant\u00e9, les droits sociaux, les aides destin\u00e9es aux b\u00e9n\u00e9ficiaires de minima sociaux et aux a\u00een\u00e9s, ainsi que la p\u00e9dagogie routi\u00e8re.<\/span><\/p>\t\t\t\t\t\t\t\t<\/div>\n\t\t\t\t<\/div>\n\t\t\t\t\t<\/div>\n\t\t<\/div>\n\t\t\t\t\t<\/div>\n\t\t<\/section>\n\t\t\t\t<section class=\"elementor-section elementor-top-section elementor-element elementor-element-520ef1e elementor-section-boxed elementor-section-height-default elementor-section-height-default\" data-id=\"520ef1e\" data-element_type=\"section\">\n\t\t\t\t\t\t<div class=\"elementor-container elementor-column-gap-default\">\n\t\t\t\t\t<div class=\"elementor-column elementor-col-100 elementor-top-column elementor-element elementor-element-82df562\" data-id=\"82df562\" data-element_type=\"column\">\n\t\t\t<div class=\"elementor-widget-wrap elementor-element-populated\">\n\t\t\t\t\t\t<div class=\"elementor-element elementor-element-641bbf1 elementor-widget elementor-widget-heading\" data-id=\"641bbf1\" data-element_type=\"widget\" data-widget_type=\"heading.default\">\n\t\t\t\t<div class=\"elementor-widget-container\">\n\t\t\t\t\t<h2 class=\"elementor-heading-title elementor-size-default\">WAL, un acteur d\u00e9j\u00e0 install\u00e9 dans l\u2019art urbain guadeloup\u00e9en<\/h2>\t\t\t\t<\/div>\n\t\t\t\t<\/div>\n\t\t\t\t<div class=\"elementor-element elementor-element-3ef9a43 elementor-widget elementor-widget-text-editor\" data-id=\"3ef9a43\" data-element_type=\"widget\" data-widget_type=\"text-editor.default\">\n\t\t\t\t<div class=\"elementor-widget-container\">\n\t\t\t\t\t\t\t\t\t<p><span style=\"font-weight: 400;\">Cr\u00e9\u00e9e en 2014, l\u2019association <a href=\"https:\/\/www.instagram.com\/walfest971\/\" target=\"_blank\" rel=\"noopener nofollow\">WAL<\/a> s\u2019est impos\u00e9e comme l\u2019un des acteurs du d\u00e9veloppement de l\u2019art urbain en Guadeloupe. Son projet Le Mur Guadeloupe, lanc\u00e9 en 2023 dans la zone de Doth\u00e9mare aux Abymes, a d\u00e9j\u00e0 accueilli 22 artistes en r\u00e9sidence depuis septembre 2023. Avec le WAL FEST 2026, l\u2019association franchit une nouvelle \u00e9tape. L\u2019\u00e9v\u00e9nement ne se contente pas d\u2019exposer des artistes : il installe un parcours dans un quartier habit\u00e9, associe les r\u00e9sidents et inscrit l\u2019art urbain dans une strat\u00e9gie de territoire.<\/span><\/p>\t\t\t\t\t\t\t\t<\/div>\n\t\t\t\t<\/div>\n\t\t\t\t<div class=\"elementor-element elementor-element-fa124ec elementor-widget elementor-widget-text-editor\" data-id=\"fa124ec\" data-element_type=\"widget\" data-widget_type=\"text-editor.default\">\n\t\t\t\t<div class=\"elementor-widget-container\">\n\t\t\t\t\t\t\t\t\t<p><span style=\"font-weight: 400;\">Si cette premi\u00e8re \u00e9dition de WAL FEST tient ses promesses, Le Raizet pourrait devenir le point de d\u00e9part d\u2019un rendez-vous appel\u00e9 \u00e0 circuler, chaque ann\u00e9e, dans une autre intercommunalit\u00e9. Reste alors une question : jusqu\u2019o\u00f9 la Guadeloupe peut-elle faire de ses murs un langage commun entre cr\u00e9ation, m\u00e9moire et avenir ?<\/span><\/p>\t\t\t\t\t\t\t\t<\/div>\n\t\t\t\t<\/div>\n\t\t\t\t<div class=\"elementor-element elementor-element-1e8ee44 elementor-widget elementor-widget-heading\" data-id=\"1e8ee44\" data-element_type=\"widget\" data-widget_type=\"heading.default\">\n\t\t\t\t<div class=\"elementor-widget-container\">\n\t\t\t\t\t<h3 class=\"elementor-heading-title elementor-size-default\">\ud83d\udcf8 \u00a9WAL FEST<\/h3>\t\t\t\t<\/div>\n\t\t\t\t<\/div>\n\t\t\t\t\t<\/div>\n\t\t<\/div>\n\t\t\t\t\t<\/div>\n\t\t<\/section>\n\t\t\t\t<section class=\"elementor-section elementor-top-section elementor-element elementor-element-f5709a6 elementor-section-boxed elementor-section-height-default elementor-section-height-default\" data-id=\"f5709a6\" data-element_type=\"section\">\n\t\t\t\t\t\t<div class=\"elementor-container elementor-column-gap-default\">\n\t\t\t\t\t<div class=\"elementor-column elementor-col-100 elementor-top-column elementor-element elementor-element-957be6f\" data-id=\"957be6f\" data-element_type=\"column\">\n\t\t\t<div class=\"elementor-widget-wrap elementor-element-populated\">\n\t\t\t\t\t\t<div class=\"elementor-element elementor-element-63e5d4a elementor-widget elementor-widget-accordion\" data-id=\"63e5d4a\" data-element_type=\"widget\" data-widget_type=\"accordion.default\">\n\t\t\t\t<div class=\"elementor-widget-container\">\n\t\t\t\t\t\t\t<div class=\"elementor-accordion\">\n\t\t\t\t\t\t\t<div class=\"elementor-accordion-item\">\n\t\t\t\t\t<div id=\"elementor-tab-title-1041\" class=\"elementor-tab-title\" data-tab=\"1\" role=\"button\" aria-controls=\"elementor-tab-content-1041\" aria-expanded=\"false\">\n\t\t\t\t\t\t\t\t\t\t\t\t\t<span class=\"elementor-accordion-icon elementor-accordion-icon-left\" aria-hidden=\"true\">\n\t\t\t\t\t\t\t\t\t\t\t\t\t\t\t<span class=\"elementor-accordion-icon-closed\"><i class=\"fas fa-plus\"><\/i><\/span>\n\t\t\t\t\t\t\t\t<span class=\"elementor-accordion-icon-opened\"><i class=\"fas fa-minus\"><\/i><\/span>\n\t\t\t\t\t\t\t\t\t\t\t\t\t\t<\/span>\n\t\t\t\t\t\t\t\t\t\t\t\t<a class=\"elementor-accordion-title\" tabindex=\"0\">Qu\u2019est-ce que le WAL FEST 2026 ?<\/a>\n\t\t\t\t\t<\/div>\n\t\t\t\t\t<div id=\"elementor-tab-content-1041\" class=\"elementor-tab-content elementor-clearfix\" data-tab=\"1\" role=\"region\" aria-labelledby=\"elementor-tab-title-1041\"><p><span style=\"font-weight: 400;\">Le WAL FEST 2026 est un festival d\u2019art urbain organis\u00e9 au Raizet, aux Abymes, en Guadeloupe, du 9 au 17 mai 2026. Il pr\u00e9voit la cr\u00e9ation de 12 fresques monumentales par 15 artistes venus de Guadeloupe et d\u2019ailleurs.<\/span><\/p><\/div>\n\t\t\t\t<\/div>\n\t\t\t\t\t\t\t<div class=\"elementor-accordion-item\">\n\t\t\t\t\t<div id=\"elementor-tab-title-1042\" class=\"elementor-tab-title\" data-tab=\"2\" role=\"button\" aria-controls=\"elementor-tab-content-1042\" aria-expanded=\"false\">\n\t\t\t\t\t\t\t\t\t\t\t\t\t<span class=\"elementor-accordion-icon elementor-accordion-icon-left\" aria-hidden=\"true\">\n\t\t\t\t\t\t\t\t\t\t\t\t\t\t\t<span class=\"elementor-accordion-icon-closed\"><i class=\"fas fa-plus\"><\/i><\/span>\n\t\t\t\t\t\t\t\t<span class=\"elementor-accordion-icon-opened\"><i class=\"fas fa-minus\"><\/i><\/span>\n\t\t\t\t\t\t\t\t\t\t\t\t\t\t<\/span>\n\t\t\t\t\t\t\t\t\t\t\t\t<a class=\"elementor-accordion-title\" tabindex=\"0\">O\u00f9 aura lieu le WAL FEST 2026 en Guadeloupe ?<\/a>\n\t\t\t\t\t<\/div>\n\t\t\t\t\t<div id=\"elementor-tab-content-1042\" class=\"elementor-tab-content elementor-clearfix\" data-tab=\"2\" role=\"region\" aria-labelledby=\"elementor-tab-title-1042\"><p><span style=\"font-weight: 400;\">Le WAL FEST 2026 aura lieu au Raizet, dans la commune des Abymes. Les fresques seront r\u00e9alis\u00e9es au c\u0153ur des r\u00e9sidences Les Esses 1, 2, 3 et des Quartiers 1 et 2 de la SIG.<\/span><\/p><\/div>\n\t\t\t\t<\/div>\n\t\t\t\t\t\t\t<div class=\"elementor-accordion-item\">\n\t\t\t\t\t<div id=\"elementor-tab-title-1043\" class=\"elementor-tab-title\" data-tab=\"3\" role=\"button\" aria-controls=\"elementor-tab-content-1043\" aria-expanded=\"false\">\n\t\t\t\t\t\t\t\t\t\t\t\t\t<span class=\"elementor-accordion-icon elementor-accordion-icon-left\" aria-hidden=\"true\">\n\t\t\t\t\t\t\t\t\t\t\t\t\t\t\t<span class=\"elementor-accordion-icon-closed\"><i class=\"fas fa-plus\"><\/i><\/span>\n\t\t\t\t\t\t\t\t<span class=\"elementor-accordion-icon-opened\"><i class=\"fas fa-minus\"><\/i><\/span>\n\t\t\t\t\t\t\t\t\t\t\t\t\t\t<\/span>\n\t\t\t\t\t\t\t\t\t\t\t\t<a class=\"elementor-accordion-title\" tabindex=\"0\">Pourquoi le WAL FEST 2026 est-il important pour Le Raizet ?<\/a>\n\t\t\t\t\t<\/div>\n\t\t\t\t\t<div id=\"elementor-tab-content-1043\" class=\"elementor-tab-content elementor-clearfix\" data-tab=\"3\" role=\"region\" aria-labelledby=\"elementor-tab-title-1043\"><p><span style=\"font-weight: 400;\">Le WAL FEST 2026 veut transformer Le Raizet en mus\u00e9e \u00e0 ciel ouvert, permanent et gratuit. Le projet associe cr\u00e9ation artistique, participation des habitants, ateliers p\u00e9dagogiques, village citoyen, emploi, formation et valorisation du quartier.<\/span><\/p><\/div>\n\t\t\t\t<\/div>\n\t\t\t\t\t\t\t\t<\/div>\n\t\t\t\t\t\t<\/div>\n\t\t\t\t<\/div>\n\t\t\t\t\t<\/div>\n\t\t<\/div>\n\t\t\t\t\t<\/div>\n\t\t<\/section>\n\t\t\t\t<\/div>\n\t\t","protected":false},"excerpt":{"rendered":"<p>Du 9 au 17 mai 2026, le quartier du Raizet, aux Abymes, accueillera le WAL FEST 2026, annonc\u00e9 comme le premier grand festival d\u2019art urbain de Guadeloupe. Pendant dix jours, 15 artistes venus de Guadeloupe et d\u2019ailleurs r\u00e9aliseront 12 fresques monumentales. L\u2019objectif affich\u00e9 est clair : faire du quartier un mus\u00e9e \u00e0 ciel ouvert, permanent [&hellip;]<\/p>\n","protected":false},"author":662,"featured_media":73018,"comment_status":"open","ping_status":"open","sticky":false,"template":"","format":"standard","meta":{"_acf_changed":false,"footnotes":""},"categories":[1498],"tags":[1545],"class_list":["post-73017","post","type-post","status-publish","format-standard","has-post-thumbnail","hentry","category-gestion-devenements","tag-guadeloupe-2"],"acf":[],"_links":{"self":[{"href":"https:\/\/richeskarayib.com\/fr\/wp-json\/wp\/v2\/posts\/73017","targetHints":{"allow":["GET"]}}],"collection":[{"href":"https:\/\/richeskarayib.com\/fr\/wp-json\/wp\/v2\/posts"}],"about":[{"href":"https:\/\/richeskarayib.com\/fr\/wp-json\/wp\/v2\/types\/post"}],"author":[{"embeddable":true,"href":"https:\/\/richeskarayib.com\/fr\/wp-json\/wp\/v2\/users\/662"}],"replies":[{"embeddable":true,"href":"https:\/\/richeskarayib.com\/fr\/wp-json\/wp\/v2\/comments?post=73017"}],"version-history":[{"count":0,"href":"https:\/\/richeskarayib.com\/fr\/wp-json\/wp\/v2\/posts\/73017\/revisions"}],"wp:featuredmedia":[{"embeddable":true,"href":"https:\/\/richeskarayib.com\/fr\/wp-json\/wp\/v2\/media\/73018"}],"wp:attachment":[{"href":"https:\/\/richeskarayib.com\/fr\/wp-json\/wp\/v2\/media?parent=73017"}],"wp:term":[{"taxonomy":"category","embeddable":true,"href":"https:\/\/richeskarayib.com\/fr\/wp-json\/wp\/v2\/categories?post=73017"},{"taxonomy":"post_tag","embeddable":true,"href":"https:\/\/richeskarayib.com\/fr\/wp-json\/wp\/v2\/tags?post=73017"}],"curies":[{"name":"wp","href":"https:\/\/api.w.org\/{rel}","templated":true}]}}