{"id":73199,"date":"2026-04-30T06:49:48","date_gmt":"2026-04-30T10:49:48","guid":{"rendered":"https:\/\/richeskarayib.com\/?p=73199"},"modified":"2026-04-30T06:49:48","modified_gmt":"2026-04-30T10:49:48","slug":"viengsay-valdes-heritiere-alicia-alonso","status":"publish","type":"post","link":"https:\/\/richeskarayib.com\/fr\/viengsay-valdes-heritiere-alicia-alonso\/","title":{"rendered":"Cuba &#8211; Viengsay Vald\u00e9s : l\u2019h\u00e9riti\u00e8re d\u2019Alicia Alonso"},"content":{"rendered":"\t\t<div data-elementor-type=\"wp-post\" data-elementor-id=\"73199\" class=\"elementor elementor-73199\" data-elementor-post-type=\"post\">\n\t\t\t\t\t\t<section class=\"elementor-section elementor-top-section elementor-element elementor-element-7ca7ca1 elementor-section-boxed elementor-section-height-default elementor-section-height-default\" data-id=\"7ca7ca1\" data-element_type=\"section\">\n\t\t\t\t\t\t<div class=\"elementor-container elementor-column-gap-default\">\n\t\t\t\t\t<div class=\"elementor-column elementor-col-100 elementor-top-column elementor-element elementor-element-cbdd002\" data-id=\"cbdd002\" data-element_type=\"column\">\n\t\t\t<div class=\"elementor-widget-wrap elementor-element-populated\">\n\t\t\t\t\t\t<section class=\"elementor-section elementor-inner-section elementor-element elementor-element-bc94849 elementor-section-boxed elementor-section-height-default elementor-section-height-default\" data-id=\"bc94849\" data-element_type=\"section\">\n\t\t\t\t\t\t<div class=\"elementor-container elementor-column-gap-default\">\n\t\t\t\t\t\t<\/div>\n\t\t<\/section>\n\t\t\t\t<section class=\"elementor-section elementor-inner-section elementor-element elementor-element-61571e6 elementor-section-boxed elementor-section-height-default elementor-section-height-default\" data-id=\"61571e6\" data-element_type=\"section\">\n\t\t\t\t\t\t<div class=\"elementor-container elementor-column-gap-default\">\n\t\t\t\t\t\t<\/div>\n\t\t<\/section>\n\t\t\t\t<section class=\"elementor-section elementor-inner-section elementor-element elementor-element-b6262e0 elementor-section-boxed elementor-section-height-default elementor-section-height-default\" data-id=\"b6262e0\" data-element_type=\"section\">\n\t\t\t\t\t\t<div class=\"elementor-container elementor-column-gap-default\">\n\t\t\t\t\t\t<\/div>\n\t\t<\/section>\n\t\t\t\t<section class=\"elementor-section elementor-inner-section elementor-element elementor-element-cca29fd elementor-section-boxed elementor-section-height-default elementor-section-height-default\" data-id=\"cca29fd\" data-element_type=\"section\">\n\t\t\t\t\t\t<div class=\"elementor-container elementor-column-gap-default\">\n\t\t\t\t\t\t<\/div>\n\t\t<\/section>\n\t\t\t\t\t<\/div>\n\t\t<\/div>\n\t\t\t\t\t<\/div>\n\t\t<\/section>\n\t\t\t\t<section class=\"elementor-section elementor-top-section elementor-element elementor-element-ee72354 elementor-section-boxed elementor-section-height-default elementor-section-height-default\" data-id=\"ee72354\" data-element_type=\"section\">\n\t\t\t\t\t\t<div class=\"elementor-container elementor-column-gap-default\">\n\t\t\t\t\t<div class=\"elementor-column elementor-col-100 elementor-top-column elementor-element elementor-element-c59d6fe\" data-id=\"c59d6fe\" data-element_type=\"column\">\n\t\t\t<div class=\"elementor-widget-wrap elementor-element-populated\">\n\t\t\t\t\t\t<div class=\"elementor-element elementor-element-661ebea elementor-widget elementor-widget-text-editor\" data-id=\"661ebea\" data-element_type=\"widget\" data-widget_type=\"text-editor.default\">\n\t\t\t\t<div class=\"elementor-widget-container\">\n\t\t\t\t\t\t\t\t\t<p><span style=\"font-weight: 400;\">Quand Alicia Alonso s\u2019est \u00e9teinte en octobre 2019, le Ballet National de Cuba qu\u2019Alicia Alonso avait fond\u00e9 en 1948 et dirig\u00e9 pendant sept d\u00e9cennies s\u2019est retrouv\u00e9 orphelin. Une seule personne a re\u00e7u la responsabilit\u00e9 de la suite : Viengsay Vald\u00e9s. \u00c0 49 ans aujourd\u2019hui, elle dirige l\u2019une des compagnies de ballet les plus respect\u00e9es au monde. Elle le fait depuis La Havane, ville en crise, avec des moyens qu\u2019aucune institution comparable n\u2019accepterait en Europe ou aux \u00c9tats-Unis. Le d\u00e9fi est d\u2019un autre temps. Mais Viengsay Vald\u00e9s tient.<\/span><\/p>\t\t\t\t\t\t\t\t<\/div>\n\t\t\t\t<\/div>\n\t\t\t\t<div class=\"elementor-element elementor-element-c8f64fe elementor-widget elementor-widget-image\" data-id=\"c8f64fe\" data-element_type=\"widget\" data-widget_type=\"image.default\">\n\t\t\t\t<div class=\"elementor-widget-container\">\n\t\t\t\t\t\t\t\t\t\t\t\t\t\t\t<img fetchpriority=\"high\" decoding=\"async\" width=\"777\" height=\"972\" src=\"https:\/\/richeskarayib.com\/wp-content\/uploads\/2026\/04\/626421290_18085148279332576_4004769372633789139_n.jpg\" class=\"attachment-large size-large wp-image-73204\" alt=\"Viengsay Vald\u00e9s\" srcset=\"https:\/\/richeskarayib.com\/wp-content\/uploads\/2026\/04\/626421290_18085148279332576_4004769372633789139_n.jpg 777w, https:\/\/richeskarayib.com\/wp-content\/uploads\/2026\/04\/626421290_18085148279332576_4004769372633789139_n-240x300.jpg 240w, https:\/\/richeskarayib.com\/wp-content\/uploads\/2026\/04\/626421290_18085148279332576_4004769372633789139_n-768x961.jpg 768w\" sizes=\"(max-width: 777px) 100vw, 777px\" \/>\t\t\t\t\t\t\t\t\t\t\t\t\t\t\t<\/div>\n\t\t\t\t<\/div>\n\t\t\t\t\t<\/div>\n\t\t<\/div>\n\t\t\t\t\t<\/div>\n\t\t<\/section>\n\t\t\t\t<section class=\"elementor-section elementor-top-section elementor-element elementor-element-82cd8f9 elementor-section-boxed elementor-section-height-default elementor-section-height-default\" data-id=\"82cd8f9\" data-element_type=\"section\">\n\t\t\t\t\t\t<div class=\"elementor-container elementor-column-gap-default\">\n\t\t\t\t\t<div class=\"elementor-column elementor-col-100 elementor-top-column elementor-element elementor-element-0bfdc38\" data-id=\"0bfdc38\" data-element_type=\"column\">\n\t\t\t<div class=\"elementor-widget-wrap elementor-element-populated\">\n\t\t\t\t\t\t<div class=\"elementor-element elementor-element-7d292fe elementor-widget elementor-widget-heading\" data-id=\"7d292fe\" data-element_type=\"widget\" data-widget_type=\"heading.default\">\n\t\t\t\t<div class=\"elementor-widget-container\">\n\t\t\t\t\t<h2 class=\"elementor-heading-title elementor-size-default\">Une formation cubaine exigeante<\/h2>\t\t\t\t<\/div>\n\t\t\t\t<\/div>\n\t\t\t\t<section class=\"elementor-section elementor-inner-section elementor-element elementor-element-da8459c elementor-section-boxed elementor-section-height-default elementor-section-height-default\" data-id=\"da8459c\" data-element_type=\"section\">\n\t\t\t\t\t\t<div class=\"elementor-container elementor-column-gap-default\">\n\t\t\t\t\t<div class=\"elementor-column elementor-col-100 elementor-inner-column elementor-element elementor-element-45b856b\" data-id=\"45b856b\" data-element_type=\"column\">\n\t\t\t<div class=\"elementor-widget-wrap elementor-element-populated\">\n\t\t\t\t\t\t<div class=\"elementor-element elementor-element-289b094 elementor-widget elementor-widget-text-editor\" data-id=\"289b094\" data-element_type=\"widget\" data-widget_type=\"text-editor.default\">\n\t\t\t\t<div class=\"elementor-widget-container\">\n\t\t\t\t\t\t\t\t\t<p><span style=\"font-weight: 400;\">N\u00e9e \u00e0 La Havane en 1976, elle commence la danse \u00e0 9 ans \u00e0 l\u2019\u00e9cole \u00e9l\u00e9mentaire de ballet Alejo Carpentier, avant de poursuivre sa formation \u00e0 l\u2019\u00c9cole Nationale de Ballet de Cuba l\u2019une des plus prestigieuses au monde, gratuite et accessible \u00e0 tous les enfants cubains sur audition. C\u2019est l\u00e0 qu\u2019elle croise l\u2019univers d\u2019Alicia Alonso, alors directrice. La rencontre marquera toute sa carri\u00e8re. Elle int\u00e8gre le Ballet National de Cuba en 1994, \u00e0 18 ans. Danseuse principale en 1996, premi\u00e8re ballerine en 2001. Le parcours est rapide, m\u00eame selon les standards cubains.<\/span><\/p>\t\t\t\t\t\t\t\t<\/div>\n\t\t\t\t<\/div>\n\t\t\t\t<div class=\"elementor-element elementor-element-f317242 elementor-widget elementor-widget-image\" data-id=\"f317242\" data-element_type=\"widget\" data-widget_type=\"image.default\">\n\t\t\t\t<div class=\"elementor-widget-container\">\n\t\t\t\t\t\t\t\t\t\t\t\t\t\t\t<img decoding=\"async\" width=\"800\" height=\"561\" src=\"https:\/\/richeskarayib.com\/wp-content\/uploads\/2026\/04\/638335972_18524921170069002_7628117585153617905_n.jpg\" class=\"attachment-large size-large wp-image-73228\" alt=\"Viengsay Vald\u00e9s\" srcset=\"https:\/\/richeskarayib.com\/wp-content\/uploads\/2026\/04\/638335972_18524921170069002_7628117585153617905_n.jpg 900w, https:\/\/richeskarayib.com\/wp-content\/uploads\/2026\/04\/638335972_18524921170069002_7628117585153617905_n-300x210.jpg 300w, https:\/\/richeskarayib.com\/wp-content\/uploads\/2026\/04\/638335972_18524921170069002_7628117585153617905_n-768x538.jpg 768w\" sizes=\"(max-width: 800px) 100vw, 800px\" \/>\t\t\t\t\t\t\t\t\t\t\t\t\t\t\t<\/div>\n\t\t\t\t<\/div>\n\t\t\t\t\t<\/div>\n\t\t<\/div>\n\t\t\t\t\t<\/div>\n\t\t<\/section>\n\t\t\t\t<section class=\"elementor-section elementor-inner-section elementor-element elementor-element-c582330 elementor-section-boxed elementor-section-height-default elementor-section-height-default\" data-id=\"c582330\" data-element_type=\"section\">\n\t\t\t\t\t\t<div class=\"elementor-container elementor-column-gap-default\">\n\t\t\t\t\t\t<\/div>\n\t\t<\/section>\n\t\t\t\t<section class=\"elementor-section elementor-inner-section elementor-element elementor-element-296603a elementor-section-boxed elementor-section-height-default elementor-section-height-default\" data-id=\"296603a\" data-element_type=\"section\">\n\t\t\t\t\t\t<div class=\"elementor-container elementor-column-gap-default\">\n\t\t\t\t\t\t<\/div>\n\t\t<\/section>\n\t\t\t\t\t<\/div>\n\t\t<\/div>\n\t\t\t\t\t<\/div>\n\t\t<\/section>\n\t\t\t\t<section class=\"elementor-section elementor-top-section elementor-element elementor-element-4a0e8e4 elementor-section-boxed elementor-section-height-default elementor-section-height-default\" data-id=\"4a0e8e4\" data-element_type=\"section\">\n\t\t\t\t\t\t<div class=\"elementor-container elementor-column-gap-default\">\n\t\t\t\t\t<div class=\"elementor-column elementor-col-100 elementor-top-column elementor-element elementor-element-f16bdfb\" data-id=\"f16bdfb\" data-element_type=\"column\">\n\t\t\t<div class=\"elementor-widget-wrap elementor-element-populated\">\n\t\t\t\t\t\t<div class=\"elementor-element elementor-element-33604cf elementor-widget elementor-widget-heading\" data-id=\"33604cf\" data-element_type=\"widget\" data-widget_type=\"heading.default\">\n\t\t\t\t<div class=\"elementor-widget-container\">\n\t\t\t\t\t<h2 class=\"elementor-heading-title elementor-size-default\">Une signature technique reconnue<\/h2>\t\t\t\t<\/div>\n\t\t\t\t<\/div>\n\t\t\t\t<div class=\"elementor-element elementor-element-06205d8 elementor-widget elementor-widget-text-editor\" data-id=\"06205d8\" data-element_type=\"widget\" data-widget_type=\"text-editor.default\">\n\t\t\t\t<div class=\"elementor-widget-container\">\n\t\t\t\t\t\t\t\t\t<p><span style=\"font-weight: 400;\">Ses fouett\u00e9s sont devenus sa signature. Elle les ex\u00e9cute avec une lenteur particuli\u00e8re, presque suspendue, qui force les jurys et les spectateurs \u00e0 retenir leur souffle. Cette technique, qu\u2019elle a affin\u00e9e pendant des ann\u00e9es, lui vaut des invitations aupr\u00e8s de grandes compagnies internationales, notamment le Washington Ballet, le Ballet Concierto de Puerto Rico, le Joburg Ballet, le Bolcho\u00ef et le Mariinsky. Partout, elle reste danseuse principale du<a href=\"https:\/\/www.facebook.com\/balletnacionaldecubaoficial\/?locale=fr_FR\" target=\"_blank\" rel=\"noopener nofollow\"> Ballet National de Cuba<\/a>. Elle ne quitte pas l\u2019\u00eele, contrairement \u00e0 beaucoup de ses contemporains.<\/span><\/p>\t\t\t\t\t\t\t\t<\/div>\n\t\t\t\t<\/div>\n\t\t\t\t<section class=\"elementor-section elementor-inner-section elementor-element elementor-element-ab0b6a2 elementor-section-boxed elementor-section-height-default elementor-section-height-default\" data-id=\"ab0b6a2\" data-element_type=\"section\">\n\t\t\t\t\t\t<div class=\"elementor-container elementor-column-gap-default\">\n\t\t\t\t\t<div class=\"elementor-column elementor-col-50 elementor-inner-column elementor-element elementor-element-165918f\" data-id=\"165918f\" data-element_type=\"column\">\n\t\t\t<div class=\"elementor-widget-wrap elementor-element-populated\">\n\t\t\t\t\t\t<div class=\"elementor-element elementor-element-d7c89fc elementor-widget elementor-widget-image\" data-id=\"d7c89fc\" data-element_type=\"widget\" data-widget_type=\"image.default\">\n\t\t\t\t<div class=\"elementor-widget-container\">\n\t\t\t\t\t\t\t\t\t\t\t\t\t\t\t<img decoding=\"async\" width=\"800\" height=\"800\" src=\"https:\/\/richeskarayib.com\/wp-content\/uploads\/2026\/04\/625055179_18410851654121566_7093324768253838715_n-1024x1024.jpg\" class=\"attachment-large size-large wp-image-73208\" alt=\"Viengsay Vald\u00e9s\" srcset=\"https:\/\/richeskarayib.com\/wp-content\/uploads\/2026\/04\/625055179_18410851654121566_7093324768253838715_n-1024x1024.jpg 1024w, https:\/\/richeskarayib.com\/wp-content\/uploads\/2026\/04\/625055179_18410851654121566_7093324768253838715_n-300x300.jpg 300w, https:\/\/richeskarayib.com\/wp-content\/uploads\/2026\/04\/625055179_18410851654121566_7093324768253838715_n-150x150.jpg 150w, https:\/\/richeskarayib.com\/wp-content\/uploads\/2026\/04\/625055179_18410851654121566_7093324768253838715_n-768x768.jpg 768w, https:\/\/richeskarayib.com\/wp-content\/uploads\/2026\/04\/625055179_18410851654121566_7093324768253838715_n.jpg 1080w\" sizes=\"(max-width: 800px) 100vw, 800px\" \/>\t\t\t\t\t\t\t\t\t\t\t\t\t\t\t<\/div>\n\t\t\t\t<\/div>\n\t\t\t\t\t<\/div>\n\t\t<\/div>\n\t\t\t\t<div class=\"elementor-column elementor-col-50 elementor-inner-column elementor-element elementor-element-d933505\" data-id=\"d933505\" data-element_type=\"column\">\n\t\t\t<div class=\"elementor-widget-wrap elementor-element-populated\">\n\t\t\t\t\t\t<div class=\"elementor-element elementor-element-8805b05 elementor-widget elementor-widget-image\" data-id=\"8805b05\" data-element_type=\"widget\" data-widget_type=\"image.default\">\n\t\t\t\t<div class=\"elementor-widget-container\">\n\t\t\t\t\t\t\t\t\t\t\t\t\t\t\t<img loading=\"lazy\" decoding=\"async\" width=\"800\" height=\"800\" src=\"https:\/\/richeskarayib.com\/wp-content\/uploads\/2026\/04\/639816475_18564033136042997_6184324371252421049_n.jpg\" class=\"attachment-large size-large wp-image-73212\" alt=\"Viengsay Vald\u00e9s\" srcset=\"https:\/\/richeskarayib.com\/wp-content\/uploads\/2026\/04\/639816475_18564033136042997_6184324371252421049_n.jpg 998w, https:\/\/richeskarayib.com\/wp-content\/uploads\/2026\/04\/639816475_18564033136042997_6184324371252421049_n-300x300.jpg 300w, https:\/\/richeskarayib.com\/wp-content\/uploads\/2026\/04\/639816475_18564033136042997_6184324371252421049_n-150x150.jpg 150w, https:\/\/richeskarayib.com\/wp-content\/uploads\/2026\/04\/639816475_18564033136042997_6184324371252421049_n-768x768.jpg 768w\" sizes=\"(max-width: 800px) 100vw, 800px\" \/>\t\t\t\t\t\t\t\t\t\t\t\t\t\t\t<\/div>\n\t\t\t\t<\/div>\n\t\t\t\t\t<\/div>\n\t\t<\/div>\n\t\t\t\t\t<\/div>\n\t\t<\/section>\n\t\t\t\t\t<\/div>\n\t\t<\/div>\n\t\t\t\t\t<\/div>\n\t\t<\/section>\n\t\t\t\t<section class=\"elementor-section elementor-top-section elementor-element elementor-element-73744de elementor-section-boxed elementor-section-height-default elementor-section-height-default\" data-id=\"73744de\" data-element_type=\"section\">\n\t\t\t\t\t\t<div class=\"elementor-container elementor-column-gap-default\">\n\t\t\t\t\t<div class=\"elementor-column elementor-col-100 elementor-top-column elementor-element elementor-element-8f238ec\" data-id=\"8f238ec\" data-element_type=\"column\">\n\t\t\t<div class=\"elementor-widget-wrap elementor-element-populated\">\n\t\t\t\t\t\t<div class=\"elementor-element elementor-element-1a869a1 elementor-widget elementor-widget-heading\" data-id=\"1a869a1\" data-element_type=\"widget\" data-widget_type=\"heading.default\">\n\t\t\t\t<div class=\"elementor-widget-container\">\n\t\t\t\t\t<h2 class=\"elementor-heading-title elementor-size-default\">Une fid\u00e9lit\u00e9 qui a un prix<\/h2>\t\t\t\t<\/div>\n\t\t\t\t<\/div>\n\t\t\t\t<div class=\"elementor-element elementor-element-ed5c50c elementor-widget elementor-widget-text-editor\" data-id=\"ed5c50c\" data-element_type=\"widget\" data-widget_type=\"text-editor.default\">\n\t\t\t\t<div class=\"elementor-widget-container\">\n\t\t\t\t\t\t\t\t\t<p><span style=\"font-weight: 400;\">Cette fid\u00e9lit\u00e9 a un prix. Pendant les ann\u00e9es 2000 et 2010, plusieurs danseurs cubains de premier plan quittent l\u2019\u00eele\u00a0 vers Miami, vers l\u2019Europe. Le Ballet National de Cuba traverse une p\u00e9riode d\u2019h\u00e9morragie de talents. Viengsay Vald\u00e9s reste. Elle a souvent expliqu\u00e9 ce choix par une forme de dette envers le syst\u00e8me qui l\u2019a form\u00e9e gratuitement, et par son attachement \u00e0 l\u2019\u00e9cole cubaine de ballet.<\/span><\/p>\t\t\t\t\t\t\t\t<\/div>\n\t\t\t\t<\/div>\n\t\t\t\t\t<\/div>\n\t\t<\/div>\n\t\t\t\t\t<\/div>\n\t\t<\/section>\n\t\t\t\t<section class=\"elementor-section elementor-top-section elementor-element elementor-element-cd6f302 elementor-section-boxed elementor-section-height-default elementor-section-height-default\" data-id=\"cd6f302\" data-element_type=\"section\">\n\t\t\t\t\t\t<div class=\"elementor-container elementor-column-gap-default\">\n\t\t\t\t\t<div class=\"elementor-column elementor-col-100 elementor-top-column elementor-element elementor-element-3291df2\" data-id=\"3291df2\" data-element_type=\"column\">\n\t\t\t<div class=\"elementor-widget-wrap elementor-element-populated\">\n\t\t\t\t\t\t<div class=\"elementor-element elementor-element-d48250a elementor-widget elementor-widget-heading\" data-id=\"d48250a\" data-element_type=\"widget\" data-widget_type=\"heading.default\">\n\t\t\t\t<div class=\"elementor-widget-container\">\n\t\t\t\t\t<h2 class=\"elementor-heading-title elementor-size-default\">Apr\u00e8s Alicia Alonso, une responsabilit\u00e9 historique<\/h2>\t\t\t\t<\/div>\n\t\t\t\t<\/div>\n\t\t\t\t<div class=\"elementor-element elementor-element-995f4f4 elementor-widget elementor-widget-text-editor\" data-id=\"995f4f4\" data-element_type=\"widget\" data-widget_type=\"text-editor.default\">\n\t\t\t\t<div class=\"elementor-widget-container\">\n\t\t\t\t\t\t\t\t\t<p><span style=\"font-weight: 400;\">En 2019, Alicia Alonso meurt \u00e0 98 ans. La succession est l\u2019une des plus d\u00e9licates du monde de la danse. Alicia Alonso n\u2019\u00e9tait pas seulement une directrice : Alicia Alonso \u00e9tait une ic\u00f4ne politique, culturelle, f\u00e9ministe. Diriger le Ballet National de Cuba apr\u00e8s Alicia Alonso revient \u00e0 porter une charge symbolique massive. <a href=\"https:\/\/fr.wikipedia.org\/wiki\/Viengsay_Vald%C3%A9s\" target=\"_blank\" rel=\"noopener nofollow\">Viengsay Vald\u00e9s<\/a> avait \u00e9t\u00e9 nomm\u00e9e subdirectrice artistique en janvier 2019, avant d\u2019\u00eatre d\u00e9sign\u00e9e directrice g\u00e9n\u00e9rale du Ballet National de Cuba en janvier 2020. Elle prend ses fonctions dans un contexte de crise \u00e9conomique cubaine s\u00e9v\u00e8re, aggrav\u00e9e ensuite par la pand\u00e9mie et par les coupures d\u2019\u00e9lectricit\u00e9 qui touchent la capitale plusieurs fois par semaine.<\/span><\/p>\t\t\t\t\t\t\t\t<\/div>\n\t\t\t\t<\/div>\n\t\t\t\t<section class=\"elementor-section elementor-inner-section elementor-element elementor-element-1027e24 elementor-section-boxed elementor-section-height-default elementor-section-height-default\" data-id=\"1027e24\" data-element_type=\"section\">\n\t\t\t\t\t\t<div class=\"elementor-container elementor-column-gap-default\">\n\t\t\t\t\t<div class=\"elementor-column elementor-col-100 elementor-inner-column elementor-element elementor-element-9c092a6\" data-id=\"9c092a6\" data-element_type=\"column\">\n\t\t\t<div class=\"elementor-widget-wrap elementor-element-populated\">\n\t\t\t\t\t\t<div class=\"elementor-element elementor-element-9a7e54f elementor-widget elementor-widget-image\" data-id=\"9a7e54f\" data-element_type=\"widget\" data-widget_type=\"image.default\">\n\t\t\t\t<div class=\"elementor-widget-container\">\n\t\t\t\t\t\t\t\t\t\t\t\t\t\t\t<img loading=\"lazy\" decoding=\"async\" width=\"800\" height=\"632\" src=\"https:\/\/richeskarayib.com\/wp-content\/uploads\/2026\/04\/625514456_18119536273602140_2718017213813822658_n-1024x809.jpg\" class=\"attachment-large size-large wp-image-73224\" alt=\"Viengsay Vald\u00e9s\" srcset=\"https:\/\/richeskarayib.com\/wp-content\/uploads\/2026\/04\/625514456_18119536273602140_2718017213813822658_n-1024x809.jpg 1024w, https:\/\/richeskarayib.com\/wp-content\/uploads\/2026\/04\/625514456_18119536273602140_2718017213813822658_n-300x237.jpg 300w, https:\/\/richeskarayib.com\/wp-content\/uploads\/2026\/04\/625514456_18119536273602140_2718017213813822658_n-768x607.jpg 768w, https:\/\/richeskarayib.com\/wp-content\/uploads\/2026\/04\/625514456_18119536273602140_2718017213813822658_n.jpg 1200w\" sizes=\"(max-width: 800px) 100vw, 800px\" \/>\t\t\t\t\t\t\t\t\t\t\t\t\t\t\t<\/div>\n\t\t\t\t<\/div>\n\t\t\t\t\t<\/div>\n\t\t<\/div>\n\t\t\t\t\t<\/div>\n\t\t<\/section>\n\t\t\t\t\t<\/div>\n\t\t<\/div>\n\t\t\t\t\t<\/div>\n\t\t<\/section>\n\t\t\t\t<section class=\"elementor-section elementor-top-section elementor-element elementor-element-613f9af elementor-section-boxed elementor-section-height-default elementor-section-height-default\" data-id=\"613f9af\" data-element_type=\"section\">\n\t\t\t\t\t\t<div class=\"elementor-container elementor-column-gap-default\">\n\t\t\t\t\t<div class=\"elementor-column elementor-col-100 elementor-top-column elementor-element elementor-element-3a0b597\" data-id=\"3a0b597\" data-element_type=\"column\">\n\t\t\t<div class=\"elementor-widget-wrap elementor-element-populated\">\n\t\t\t\t\t\t<div class=\"elementor-element elementor-element-65ae292 elementor-widget elementor-widget-heading\" data-id=\"65ae292\" data-element_type=\"widget\" data-widget_type=\"heading.default\">\n\t\t\t\t<div class=\"elementor-widget-container\">\n\t\t\t\t\t<h2 class=\"elementor-heading-title elementor-size-default\">Maintenir l\u2019\u00e9cole cubaine tout en ouvrant le r\u00e9pertoire<\/h2>\t\t\t\t<\/div>\n\t\t\t\t<\/div>\n\t\t\t\t<div class=\"elementor-element elementor-element-4f49764 elementor-widget elementor-widget-text-editor\" data-id=\"4f49764\" data-element_type=\"widget\" data-widget_type=\"text-editor.default\">\n\t\t\t\t<div class=\"elementor-widget-container\">\n\t\t\t\t\t\t\t\t\t<p><span style=\"font-weight: 400;\">Sa strat\u00e9gie ? Maintenir l\u2019excellence technique cubaine \u2014 la fameuse \u00ab \u00e9cole cubaine de ballet \u00bb\u00a0 tout en ouvrant \u00e0 de nouveaux r\u00e9pertoires. Elle commande des chor\u00e9graphies \u00e0 de jeunes auteurs latino-am\u00e9ricains. Elle invite des danseurs \u00e9trangers en r\u00e9sidence. Elle restaure progressivement les collaborations internationales. Le Festival International de Ballet de La Havane \u00ab Alicia Alonso \u00bb, rendez-vous embl\u00e9matique fond\u00e9 en 1960, devrait tenir sa 29e \u00e9dition \u00e0 l\u2019automne 2026 sous sa direction, si le calendrier annonc\u00e9 est maintenu. Ce sera son grand test public.<\/span><\/p>\t\t\t\t\t\t\t\t<\/div>\n\t\t\t\t<\/div>\n\t\t\t\t<div class=\"elementor-element elementor-element-1ac24de elementor-widget elementor-widget-image\" data-id=\"1ac24de\" data-element_type=\"widget\" data-widget_type=\"image.default\">\n\t\t\t\t<div class=\"elementor-widget-container\">\n\t\t\t\t\t\t\t\t\t\t\t\t\t\t\t<img loading=\"lazy\" decoding=\"async\" width=\"800\" height=\"800\" src=\"https:\/\/richeskarayib.com\/wp-content\/uploads\/2026\/04\/655348716_18334333078171737_8855237314662509734_n-1024x1024.jpg\" class=\"attachment-large size-large wp-image-73220\" alt=\"Viengsay Vald\u00e9s\" srcset=\"https:\/\/richeskarayib.com\/wp-content\/uploads\/2026\/04\/655348716_18334333078171737_8855237314662509734_n-1024x1024.jpg 1024w, https:\/\/richeskarayib.com\/wp-content\/uploads\/2026\/04\/655348716_18334333078171737_8855237314662509734_n-300x300.jpg 300w, https:\/\/richeskarayib.com\/wp-content\/uploads\/2026\/04\/655348716_18334333078171737_8855237314662509734_n-150x150.jpg 150w, https:\/\/richeskarayib.com\/wp-content\/uploads\/2026\/04\/655348716_18334333078171737_8855237314662509734_n-768x768.jpg 768w, https:\/\/richeskarayib.com\/wp-content\/uploads\/2026\/04\/655348716_18334333078171737_8855237314662509734_n.jpg 1080w\" sizes=\"(max-width: 800px) 100vw, 800px\" \/>\t\t\t\t\t\t\t\t\t\t\t\t\t\t\t<\/div>\n\t\t\t\t<\/div>\n\t\t\t\t\t<\/div>\n\t\t<\/div>\n\t\t\t\t\t<\/div>\n\t\t<\/section>\n\t\t\t\t<section class=\"elementor-section elementor-top-section elementor-element elementor-element-5aed165 elementor-section-boxed elementor-section-height-default elementor-section-height-default\" data-id=\"5aed165\" data-element_type=\"section\">\n\t\t\t\t\t\t<div class=\"elementor-container elementor-column-gap-default\">\n\t\t\t\t\t<div class=\"elementor-column elementor-col-100 elementor-top-column elementor-element elementor-element-7bfedd0\" data-id=\"7bfedd0\" data-element_type=\"column\">\n\t\t\t<div class=\"elementor-widget-wrap elementor-element-populated\">\n\t\t\t\t\t\t<div class=\"elementor-element elementor-element-9cead0f elementor-widget elementor-widget-heading\" data-id=\"9cead0f\" data-element_type=\"widget\" data-widget_type=\"heading.default\">\n\t\t\t\t<div class=\"elementor-widget-container\">\n\t\t\t\t\t<h2 class=\"elementor-heading-title elementor-size-default\">Une direction artistique sous contrainte<\/h2>\t\t\t\t<\/div>\n\t\t\t\t<\/div>\n\t\t\t\t<div class=\"elementor-element elementor-element-9118431 elementor-widget elementor-widget-text-editor\" data-id=\"9118431\" data-element_type=\"widget\" data-widget_type=\"text-editor.default\">\n\t\t\t\t<div class=\"elementor-widget-container\">\n\t\t\t\t\t\t\t\t\t<p><span style=\"font-weight: 400;\">Diriger une compagnie de ballet de niveau mondial avec un budget de pays en crise rel\u00e8ve d\u2019un exploit autant administratif qu\u2019artistique. Les costumes sont raccommod\u00e9s, les studios manquent parfois d\u2019\u00e9lectricit\u00e9 ou de mat\u00e9riel, les d\u00e9placements \u00e0 l\u2019\u00e9tranger doivent \u00eatre n\u00e9goci\u00e9s un par un. Pourtant, le Ballet National de <a href=\"https:\/\/richeskarayib.com\/fr\/la-salsa-a-cuba-histoire-evolution-et-impact\/\" target=\"_blank\" rel=\"noopener\">Cuba<\/a> continue de produire des saisons compl\u00e8tes, de former des danseurs qui partent ensuite dans les plus grandes compagnies du monde, et de maintenir une qualit\u00e9 technique que beaucoup, dans le monde du ballet, consid\u00e8rent comme intacte.<\/span><\/p>\t\t\t\t\t\t\t\t<\/div>\n\t\t\t\t<\/div>\n\t\t\t\t\t<\/div>\n\t\t<\/div>\n\t\t\t\t\t<\/div>\n\t\t<\/section>\n\t\t\t\t<section class=\"elementor-section elementor-top-section elementor-element elementor-element-0cc3142 elementor-section-boxed elementor-section-height-default elementor-section-height-default\" data-id=\"0cc3142\" data-element_type=\"section\">\n\t\t\t\t\t\t<div class=\"elementor-container elementor-column-gap-default\">\n\t\t\t\t\t<div class=\"elementor-column elementor-col-100 elementor-top-column elementor-element elementor-element-e694d36\" data-id=\"e694d36\" data-element_type=\"column\">\n\t\t\t<div class=\"elementor-widget-wrap elementor-element-populated\">\n\t\t\t\t\t\t<div class=\"elementor-element elementor-element-82d1948 elementor-widget elementor-widget-heading\" data-id=\"82d1948\" data-element_type=\"widget\" data-widget_type=\"heading.default\">\n\t\t\t\t<div class=\"elementor-widget-container\">\n\t\t\t\t\t<h2 class=\"elementor-heading-title elementor-size-default\">Une femme cubaine \u00e0 la t\u00eate d\u2019une institution mondiale<\/h2>\t\t\t\t<\/div>\n\t\t\t\t<\/div>\n\t\t\t\t<div class=\"elementor-element elementor-element-358f90b elementor-widget elementor-widget-text-editor\" data-id=\"358f90b\" data-element_type=\"widget\" data-widget_type=\"text-editor.default\">\n\t\t\t\t<div class=\"elementor-widget-container\">\n\t\t\t\t\t\t\t\t\t<p><span style=\"font-weight: 400;\">Une dimension particuli\u00e8re de ce portrait m\u00e9rite d\u2019\u00eatre nomm\u00e9e. Viengsay Vald\u00e9s est une femme cubaine \u00e0 la t\u00eate d\u2019une institution de ballet de niveau mondial. Cette situation, dans un milieu\u00a0 celui du ballet classique international\u00a0 longtemps domin\u00e9 par de grandes institutions europ\u00e9ennes et nord-am\u00e9ricaines, reste rare. Cuba, depuis Alicia Alonso, fait exception. Cette singularit\u00e9, dans le paysage mondial, est l\u2019un des h\u00e9ritages que Viengsay Vald\u00e9s porte.<\/span><\/p>\t\t\t\t\t\t\t\t<\/div>\n\t\t\t\t<\/div>\n\t\t\t\t<section class=\"elementor-section elementor-inner-section elementor-element elementor-element-e801269 elementor-section-boxed elementor-section-height-default elementor-section-height-default\" data-id=\"e801269\" data-element_type=\"section\">\n\t\t\t\t\t\t<div class=\"elementor-container elementor-column-gap-default\">\n\t\t\t\t\t<div class=\"elementor-column elementor-col-100 elementor-inner-column elementor-element elementor-element-0120720\" data-id=\"0120720\" data-element_type=\"column\">\n\t\t\t<div class=\"elementor-widget-wrap elementor-element-populated\">\n\t\t\t\t\t\t<div class=\"elementor-element elementor-element-3563e3a elementor-widget elementor-widget-image\" data-id=\"3563e3a\" data-element_type=\"widget\" data-widget_type=\"image.default\">\n\t\t\t\t<div class=\"elementor-widget-container\">\n\t\t\t\t\t\t\t\t\t\t\t\t\t\t\t<img loading=\"lazy\" decoding=\"async\" width=\"800\" height=\"1000\" src=\"https:\/\/richeskarayib.com\/wp-content\/uploads\/2026\/04\/625057536_18451362604098408_4670908477751470086_n-819x1024.jpg\" class=\"attachment-large size-large wp-image-73216\" alt=\"Viengsay Vald\u00e9s\" srcset=\"https:\/\/richeskarayib.com\/wp-content\/uploads\/2026\/04\/625057536_18451362604098408_4670908477751470086_n-819x1024.jpg 819w, https:\/\/richeskarayib.com\/wp-content\/uploads\/2026\/04\/625057536_18451362604098408_4670908477751470086_n-240x300.jpg 240w, https:\/\/richeskarayib.com\/wp-content\/uploads\/2026\/04\/625057536_18451362604098408_4670908477751470086_n-768x960.jpg 768w, https:\/\/richeskarayib.com\/wp-content\/uploads\/2026\/04\/625057536_18451362604098408_4670908477751470086_n.jpg 1080w\" sizes=\"(max-width: 800px) 100vw, 800px\" \/>\t\t\t\t\t\t\t\t\t\t\t\t\t\t\t<\/div>\n\t\t\t\t<\/div>\n\t\t\t\t\t<\/div>\n\t\t<\/div>\n\t\t\t\t\t<\/div>\n\t\t<\/section>\n\t\t\t\t\t<\/div>\n\t\t<\/div>\n\t\t\t\t\t<\/div>\n\t\t<\/section>\n\t\t\t\t<section class=\"elementor-section elementor-top-section elementor-element elementor-element-aa71d29 elementor-section-boxed elementor-section-height-default elementor-section-height-default\" data-id=\"aa71d29\" data-element_type=\"section\">\n\t\t\t\t\t\t<div class=\"elementor-container elementor-column-gap-default\">\n\t\t\t\t\t<div class=\"elementor-column elementor-col-100 elementor-top-column elementor-element elementor-element-3845c16\" data-id=\"3845c16\" data-element_type=\"column\">\n\t\t\t<div class=\"elementor-widget-wrap elementor-element-populated\">\n\t\t\t\t\t\t<div class=\"elementor-element elementor-element-933077d elementor-widget elementor-widget-heading\" data-id=\"933077d\" data-element_type=\"widget\" data-widget_type=\"heading.default\">\n\t\t\t\t<div class=\"elementor-widget-container\">\n\t\t\t\t\t<h2 class=\"elementor-heading-title elementor-size-default\">Le rendez-vous de 2026<\/h2>\t\t\t\t<\/div>\n\t\t\t\t<\/div>\n\t\t\t\t<div class=\"elementor-element elementor-element-eb0142d elementor-widget elementor-widget-text-editor\" data-id=\"eb0142d\" data-element_type=\"widget\" data-widget_type=\"text-editor.default\">\n\t\t\t\t<div class=\"elementor-widget-container\">\n\t\t\t\t\t\t\t\t\t<p><span style=\"font-weight: 400;\">\u00c0 l\u2019automne 2026, donc, le 29e Festival International de Ballet de La Havane \u00ab Alicia Alonso \u00bb devrait se tenir \u00e0 La Havane sous sa direction, si le calendrier annonc\u00e9 est confirm\u00e9. Compagnies invit\u00e9es, anciennes \u00e9toiles, jeunes premi\u00e8res \u2014 tout ce qui compte dans le ballet international y sera attendu. Pour Viengsay Vald\u00e9s, ce sera une d\u00e9monstration. Pour <a href=\"https:\/\/richeskarayib.com\/fr\/rumba-cuba-histoire-styles-patrimoine\/\" target=\"_blank\" rel=\"noopener\">Cuba<\/a>, une affirmation. Et pour la Cara\u00efbe, peut-\u00eatre un rappel : l\u2019excellence ne d\u00e9pend pas des devises fortes. Si Viengsay Vald\u00e9s tient, alors une certaine id\u00e9e de la culture carib\u00e9enne tient avec elle.<\/span><\/p>\t\t\t\t\t\t\t\t<\/div>\n\t\t\t\t<\/div>\n\t\t\t\t<div class=\"elementor-element elementor-element-8852529 elementor-widget elementor-widget-text-editor\" data-id=\"8852529\" data-element_type=\"widget\" data-widget_type=\"text-editor.default\">\n\t\t\t\t<div class=\"elementor-widget-container\">\n\t\t\t\t\t\t\t\t\t<h3>\ud83d\udcf8 Cr\u00e9dit photo : compte Instagram de Viengsay Vald\u00e9s &#8211; <strong> @<a href=\"https:\/\/www.instagram.com\/p\/BUyxF6UA5fL\/\" target=\"_blank\" rel=\"noopener nofollow\">Viengsay_v<\/a><\/strong><\/h3>\t\t\t\t\t\t\t\t<\/div>\n\t\t\t\t<\/div>\n\t\t\t\t\t<\/div>\n\t\t<\/div>\n\t\t\t\t\t<\/div>\n\t\t<\/section>\n\t\t\t\t<section class=\"elementor-section elementor-top-section elementor-element elementor-element-f5709a6 elementor-section-boxed elementor-section-height-default elementor-section-height-default\" data-id=\"f5709a6\" data-element_type=\"section\">\n\t\t\t\t\t\t<div class=\"elementor-container elementor-column-gap-default\">\n\t\t\t\t\t<div class=\"elementor-column elementor-col-100 elementor-top-column elementor-element elementor-element-957be6f\" data-id=\"957be6f\" data-element_type=\"column\">\n\t\t\t<div class=\"elementor-widget-wrap elementor-element-populated\">\n\t\t\t\t\t\t<div class=\"elementor-element elementor-element-63e5d4a elementor-widget elementor-widget-accordion\" data-id=\"63e5d4a\" data-element_type=\"widget\" data-widget_type=\"accordion.default\">\n\t\t\t\t<div class=\"elementor-widget-container\">\n\t\t\t\t\t\t\t<div class=\"elementor-accordion\">\n\t\t\t\t\t\t\t<div class=\"elementor-accordion-item\">\n\t\t\t\t\t<div id=\"elementor-tab-title-1041\" class=\"elementor-tab-title\" data-tab=\"1\" role=\"button\" aria-controls=\"elementor-tab-content-1041\" aria-expanded=\"false\">\n\t\t\t\t\t\t\t\t\t\t\t\t\t<span class=\"elementor-accordion-icon elementor-accordion-icon-left\" aria-hidden=\"true\">\n\t\t\t\t\t\t\t\t\t\t\t\t\t\t\t<span class=\"elementor-accordion-icon-closed\"><i class=\"fas fa-plus\"><\/i><\/span>\n\t\t\t\t\t\t\t\t<span class=\"elementor-accordion-icon-opened\"><i class=\"fas fa-minus\"><\/i><\/span>\n\t\t\t\t\t\t\t\t\t\t\t\t\t\t<\/span>\n\t\t\t\t\t\t\t\t\t\t\t\t<a class=\"elementor-accordion-title\" tabindex=\"0\">Qui est Viengsay Vald\u00e9s ?<\/a>\n\t\t\t\t\t<\/div>\n\t\t\t\t\t<div id=\"elementor-tab-content-1041\" class=\"elementor-tab-content elementor-clearfix\" data-tab=\"1\" role=\"region\" aria-labelledby=\"elementor-tab-title-1041\"><p><span style=\"font-weight: 400;\">Viengsay Vald\u00e9s est une danseuse cubaine n\u00e9e \u00e0 La Havane en 1976. Form\u00e9e \u00e0 l\u2019\u00e9cole cubaine de ballet, elle int\u00e8gre le Ballet National de Cuba en 1994, devient premi\u00e8re ballerine en 2001, puis prend la direction g\u00e9n\u00e9rale de la compagnie en 2020, apr\u00e8s avoir \u00e9t\u00e9 nomm\u00e9e subdirectrice artistique en 2019.<\/span><\/p><\/div>\n\t\t\t\t<\/div>\n\t\t\t\t\t\t\t<div class=\"elementor-accordion-item\">\n\t\t\t\t\t<div id=\"elementor-tab-title-1042\" class=\"elementor-tab-title\" data-tab=\"2\" role=\"button\" aria-controls=\"elementor-tab-content-1042\" aria-expanded=\"false\">\n\t\t\t\t\t\t\t\t\t\t\t\t\t<span class=\"elementor-accordion-icon elementor-accordion-icon-left\" aria-hidden=\"true\">\n\t\t\t\t\t\t\t\t\t\t\t\t\t\t\t<span class=\"elementor-accordion-icon-closed\"><i class=\"fas fa-plus\"><\/i><\/span>\n\t\t\t\t\t\t\t\t<span class=\"elementor-accordion-icon-opened\"><i class=\"fas fa-minus\"><\/i><\/span>\n\t\t\t\t\t\t\t\t\t\t\t\t\t\t<\/span>\n\t\t\t\t\t\t\t\t\t\t\t\t<a class=\"elementor-accordion-title\" tabindex=\"0\">Quel est le lien entre Viengsay Vald\u00e9s et Alicia Alonso ?<\/a>\n\t\t\t\t\t<\/div>\n\t\t\t\t\t<div id=\"elementor-tab-content-1042\" class=\"elementor-tab-content elementor-clearfix\" data-tab=\"2\" role=\"region\" aria-labelledby=\"elementor-tab-title-1042\"><p><span style=\"font-weight: 400;\">Viengsay Vald\u00e9s s\u2019inscrit dans l\u2019h\u00e9ritage artistique d\u2019Alicia Alonso, fondatrice du Ballet National de Cuba en 1948. Apr\u00e8s la disparition d\u2019Alicia Alonso en 2019, Viengsay Vald\u00e9s devient l\u2019une des figures charg\u00e9es de pr\u00e9server l\u2019excellence de l\u2019\u00e9cole cubaine de ballet tout en ouvrant la compagnie \u00e0 de nouveaux r\u00e9pertoires.<\/span><\/p><\/div>\n\t\t\t\t<\/div>\n\t\t\t\t\t\t\t<div class=\"elementor-accordion-item\">\n\t\t\t\t\t<div id=\"elementor-tab-title-1043\" class=\"elementor-tab-title\" data-tab=\"3\" role=\"button\" aria-controls=\"elementor-tab-content-1043\" aria-expanded=\"false\">\n\t\t\t\t\t\t\t\t\t\t\t\t\t<span class=\"elementor-accordion-icon elementor-accordion-icon-left\" aria-hidden=\"true\">\n\t\t\t\t\t\t\t\t\t\t\t\t\t\t\t<span class=\"elementor-accordion-icon-closed\"><i class=\"fas fa-plus\"><\/i><\/span>\n\t\t\t\t\t\t\t\t<span class=\"elementor-accordion-icon-opened\"><i class=\"fas fa-minus\"><\/i><\/span>\n\t\t\t\t\t\t\t\t\t\t\t\t\t\t<\/span>\n\t\t\t\t\t\t\t\t\t\t\t\t<a class=\"elementor-accordion-title\" tabindex=\"0\">Pourquoi Viengsay Vald\u00e9s est-elle importante pour la culture carib\u00e9enne ?<\/a>\n\t\t\t\t\t<\/div>\n\t\t\t\t\t<div id=\"elementor-tab-content-1043\" class=\"elementor-tab-content elementor-clearfix\" data-tab=\"3\" role=\"region\" aria-labelledby=\"elementor-tab-title-1043\"><p><span style=\"font-weight: 400;\">Viengsay Vald\u00e9s incarne une forme d\u2019excellence artistique carib\u00e9enne souvent moins visible que les musiques, carnavals ou patrimoines populaires de la r\u00e9gion. \u00c0 la t\u00eate du Ballet National de Cuba, elle montre que la Cara\u00efbe est aussi un espace de formation classique, de discipline chor\u00e9graphique et de rayonnement culturel international.<\/span><\/p><\/div>\n\t\t\t\t<\/div>\n\t\t\t\t\t\t\t\t<\/div>\n\t\t\t\t\t\t<\/div>\n\t\t\t\t<\/div>\n\t\t\t\t\t<\/div>\n\t\t<\/div>\n\t\t\t\t\t<\/div>\n\t\t<\/section>\n\t\t\t\t<\/div>\n\t\t","protected":false},"excerpt":{"rendered":"<p>Quand Alicia Alonso s\u2019est \u00e9teinte en octobre 2019, le Ballet National de Cuba qu\u2019Alicia Alonso avait fond\u00e9 en 1948 et dirig\u00e9 pendant sept d\u00e9cennies s\u2019est retrouv\u00e9 orphelin. Une seule personne a re\u00e7u la responsabilit\u00e9 de la suite : Viengsay Vald\u00e9s. \u00c0 49 ans aujourd\u2019hui, elle dirige l\u2019une des compagnies de ballet les plus respect\u00e9es au [&hellip;]<\/p>\n","protected":false},"author":662,"featured_media":73200,"comment_status":"open","ping_status":"open","sticky":false,"template":"","format":"standard","meta":{"_acf_changed":false,"footnotes":""},"categories":[1495],"tags":[1573],"class_list":["post-73199","post","type-post","status-publish","format-standard","has-post-thumbnail","hentry","category-danse-fr","tag-cuba-fr"],"acf":[],"_links":{"self":[{"href":"https:\/\/richeskarayib.com\/fr\/wp-json\/wp\/v2\/posts\/73199","targetHints":{"allow":["GET"]}}],"collection":[{"href":"https:\/\/richeskarayib.com\/fr\/wp-json\/wp\/v2\/posts"}],"about":[{"href":"https:\/\/richeskarayib.com\/fr\/wp-json\/wp\/v2\/types\/post"}],"author":[{"embeddable":true,"href":"https:\/\/richeskarayib.com\/fr\/wp-json\/wp\/v2\/users\/662"}],"replies":[{"embeddable":true,"href":"https:\/\/richeskarayib.com\/fr\/wp-json\/wp\/v2\/comments?post=73199"}],"version-history":[{"count":0,"href":"https:\/\/richeskarayib.com\/fr\/wp-json\/wp\/v2\/posts\/73199\/revisions"}],"wp:featuredmedia":[{"embeddable":true,"href":"https:\/\/richeskarayib.com\/fr\/wp-json\/wp\/v2\/media\/73200"}],"wp:attachment":[{"href":"https:\/\/richeskarayib.com\/fr\/wp-json\/wp\/v2\/media?parent=73199"}],"wp:term":[{"taxonomy":"category","embeddable":true,"href":"https:\/\/richeskarayib.com\/fr\/wp-json\/wp\/v2\/categories?post=73199"},{"taxonomy":"post_tag","embeddable":true,"href":"https:\/\/richeskarayib.com\/fr\/wp-json\/wp\/v2\/tags?post=73199"}],"curies":[{"name":"wp","href":"https:\/\/api.w.org\/{rel}","templated":true}]}}