{"id":73318,"date":"2026-05-01T09:00:38","date_gmt":"2026-05-01T13:00:38","guid":{"rendered":"https:\/\/richeskarayib.com\/?p=73318"},"modified":"2026-04-30T15:29:03","modified_gmt":"2026-04-30T19:29:03","slug":"convention-culture-et-sante-2026-2030","status":"publish","type":"post","link":"https:\/\/richeskarayib.com\/fr\/convention-culture-et-sante-2026-2030\/","title":{"rendered":"Martinique &#8211; Convention culture et sant\u00e9 : 110 000 \u20ac pour pr\u00e9server le lien"},"content":{"rendered":"\t\t<div data-elementor-type=\"wp-post\" data-elementor-id=\"73318\" class=\"elementor elementor-73318\" data-elementor-post-type=\"post\">\n\t\t\t\t\t\t<section class=\"elementor-section elementor-top-section elementor-element elementor-element-7ca7ca1 elementor-section-boxed elementor-section-height-default elementor-section-height-default\" data-id=\"7ca7ca1\" data-element_type=\"section\">\n\t\t\t\t\t\t<div class=\"elementor-container elementor-column-gap-default\">\n\t\t\t\t\t<div class=\"elementor-column elementor-col-100 elementor-top-column elementor-element elementor-element-cbdd002\" data-id=\"cbdd002\" data-element_type=\"column\">\n\t\t\t<div class=\"elementor-widget-wrap elementor-element-populated\">\n\t\t\t\t\t\t<section class=\"elementor-section elementor-inner-section elementor-element elementor-element-bc94849 elementor-section-boxed elementor-section-height-default elementor-section-height-default\" data-id=\"bc94849\" data-element_type=\"section\">\n\t\t\t\t\t\t<div class=\"elementor-container elementor-column-gap-default\">\n\t\t\t\t\t\t<\/div>\n\t\t<\/section>\n\t\t\t\t<section class=\"elementor-section elementor-inner-section elementor-element elementor-element-61571e6 elementor-section-boxed elementor-section-height-default elementor-section-height-default\" data-id=\"61571e6\" data-element_type=\"section\">\n\t\t\t\t\t\t<div class=\"elementor-container elementor-column-gap-default\">\n\t\t\t\t\t\t<\/div>\n\t\t<\/section>\n\t\t\t\t<section class=\"elementor-section elementor-inner-section elementor-element elementor-element-b6262e0 elementor-section-boxed elementor-section-height-default elementor-section-height-default\" data-id=\"b6262e0\" data-element_type=\"section\">\n\t\t\t\t\t\t<div class=\"elementor-container elementor-column-gap-default\">\n\t\t\t\t\t\t<\/div>\n\t\t<\/section>\n\t\t\t\t<section class=\"elementor-section elementor-inner-section elementor-element elementor-element-cca29fd elementor-section-boxed elementor-section-height-default elementor-section-height-default\" data-id=\"cca29fd\" data-element_type=\"section\">\n\t\t\t\t\t\t<div class=\"elementor-container elementor-column-gap-default\">\n\t\t\t\t\t\t<\/div>\n\t\t<\/section>\n\t\t\t\t\t<\/div>\n\t\t<\/div>\n\t\t\t\t\t<\/div>\n\t\t<\/section>\n\t\t\t\t<section class=\"elementor-section elementor-top-section elementor-element elementor-element-ee72354 elementor-section-boxed elementor-section-height-default elementor-section-height-default\" data-id=\"ee72354\" data-element_type=\"section\">\n\t\t\t\t\t\t<div class=\"elementor-container elementor-column-gap-default\">\n\t\t\t\t\t<div class=\"elementor-column elementor-col-100 elementor-top-column elementor-element elementor-element-c59d6fe\" data-id=\"c59d6fe\" data-element_type=\"column\">\n\t\t\t<div class=\"elementor-widget-wrap elementor-element-populated\">\n\t\t\t\t\t\t<div class=\"elementor-element elementor-element-661ebea elementor-widget elementor-widget-text-editor\" data-id=\"661ebea\" data-element_type=\"widget\" data-widget_type=\"text-editor.default\">\n\t\t\t\t<div class=\"elementor-widget-container\">\n\t\t\t\t\t\t\t\t\t<p>En Martinique, la <a href=\"https:\/\/www.culture.gouv.fr\/regions\/dac-martinique\" target=\"_blank\" rel=\"noopener nofollow\">DAC<\/a> et l\u2019ARS renouvellent leur convention culture et sant\u00e9 pour la p\u00e9riode 2026-2030. Derri\u00e8re ce texte sign\u00e9 le 22 avril, il y a des enfants hospitalis\u00e9s, des r\u00e9sidents d\u2019EHPAD, des personnes en situation de handicap, des soignants et des artistes qui tentent de maintenir un lien essentiel : l\u2019acc\u00e8s \u00e0 la culture, m\u00eame dans les moments de fragilit\u00e9.<\/p>\t\t\t\t\t\t\t\t<\/div>\n\t\t\t\t<\/div>\n\t\t\t\t\t<\/div>\n\t\t<\/div>\n\t\t\t\t\t<\/div>\n\t\t<\/section>\n\t\t\t\t<section class=\"elementor-section elementor-top-section elementor-element elementor-element-82cd8f9 elementor-section-boxed elementor-section-height-default elementor-section-height-default\" data-id=\"82cd8f9\" data-element_type=\"section\">\n\t\t\t\t\t\t<div class=\"elementor-container elementor-column-gap-default\">\n\t\t\t\t\t<div class=\"elementor-column elementor-col-100 elementor-top-column elementor-element elementor-element-0bfdc38\" data-id=\"0bfdc38\" data-element_type=\"column\">\n\t\t\t<div class=\"elementor-widget-wrap elementor-element-populated\">\n\t\t\t\t\t\t<div class=\"elementor-element elementor-element-7d292fe elementor-widget elementor-widget-heading\" data-id=\"7d292fe\" data-element_type=\"widget\" data-widget_type=\"heading.default\">\n\t\t\t\t<div class=\"elementor-widget-container\">\n\t\t\t\t\t<h2 class=\"elementor-heading-title elementor-size-default\">Une convention pour que l\u2019h\u00f4pital ne coupe pas du monde<\/h2>\t\t\t\t<\/div>\n\t\t\t\t<\/div>\n\t\t\t\t<section class=\"elementor-section elementor-inner-section elementor-element elementor-element-da8459c elementor-section-boxed elementor-section-height-default elementor-section-height-default\" data-id=\"da8459c\" data-element_type=\"section\">\n\t\t\t\t\t\t<div class=\"elementor-container elementor-column-gap-default\">\n\t\t\t\t\t<div class=\"elementor-column elementor-col-100 elementor-inner-column elementor-element elementor-element-45b856b\" data-id=\"45b856b\" data-element_type=\"column\">\n\t\t\t<div class=\"elementor-widget-wrap elementor-element-populated\">\n\t\t\t\t\t\t<div class=\"elementor-element elementor-element-289b094 elementor-widget elementor-widget-text-editor\" data-id=\"289b094\" data-element_type=\"widget\" data-widget_type=\"text-editor.default\">\n\t\t\t\t<div class=\"elementor-widget-container\">\n\t\t\t\t\t\t\t\t\t<p><span style=\"font-weight: 400;\">La convention culture et sant\u00e9 entre dans une nouvelle \u00e9tape en Martinique. Le 22 avril 2026, au Marin, la Direction des Affaires Culturelles de Martinique et l\u2019Agence R\u00e9gionale de Sant\u00e9 de Martinique ont sign\u00e9 une nouvelle convention r\u00e9gionale pour la p\u00e9riode 2026-2030. Le sujet peut sembler institutionnel. Il touche pourtant \u00e0 quelque chose de tr\u00e8s concret : ce qui reste de la vie culturelle quand la maladie, l\u2019\u00e2ge ou le handicap modifient le quotidien.<\/span><\/p>\t\t\t\t\t\t\t\t<\/div>\n\t\t\t\t<\/div>\n\t\t\t\t<div class=\"elementor-element elementor-element-a7fab86 elementor-widget elementor-widget-text-editor\" data-id=\"a7fab86\" data-element_type=\"widget\" data-widget_type=\"text-editor.default\">\n\t\t\t\t<div class=\"elementor-widget-container\">\n\t\t\t\t\t\t\t\t\t<p><span style=\"font-weight: 400;\">Dans une chambre de p\u00e9diatrie, dans un EHPAD, dans un \u00e9tablissement m\u00e9dico-social, l\u2019art n\u2019arrive pas comme un simple divertissement. Il peut devenir un moment de respiration, une mani\u00e8re de parler autrement, de faire revenir un souvenir, de remettre une personne au centre de sa propre histoire. C\u2019est ce que r\u00e9sume S\u00e9verine HUBY, conseill\u00e8re \u00e9ducation artistique et culturelle et action culturelle \u00e0 la DAC Martinique, lorsqu\u2019elle rappelle qu\u2019\u00ab il ne faut pas de rupture dans l\u2019acc\u00e8s \u00e0 la culture \u00bb.<\/span><\/p>\t\t\t\t\t\t\t\t<\/div>\n\t\t\t\t<\/div>\n\t\t\t\t\t<\/div>\n\t\t<\/div>\n\t\t\t\t\t<\/div>\n\t\t<\/section>\n\t\t\t\t<section class=\"elementor-section elementor-inner-section elementor-element elementor-element-9eb233d elementor-section-boxed elementor-section-height-default elementor-section-height-default\" data-id=\"9eb233d\" data-element_type=\"section\">\n\t\t\t\t\t\t<div class=\"elementor-container elementor-column-gap-default\">\n\t\t\t\t\t<div class=\"elementor-column elementor-col-50 elementor-inner-column elementor-element elementor-element-baccb6b\" data-id=\"baccb6b\" data-element_type=\"column\">\n\t\t\t<div class=\"elementor-widget-wrap elementor-element-populated\">\n\t\t\t\t\t\t<div class=\"elementor-element elementor-element-95c8c72 elementor-widget elementor-widget-image\" data-id=\"95c8c72\" data-element_type=\"widget\" data-widget_type=\"image.default\">\n\t\t\t\t<div class=\"elementor-widget-container\">\n\t\t\t\t\t\t\t\t\t\t\t\t\t\t\t<img fetchpriority=\"high\" decoding=\"async\" width=\"800\" height=\"500\" src=\"https:\/\/richeskarayib.com\/wp-content\/uploads\/2026\/04\/1-1024x640.png\" class=\"attachment-large size-large wp-image-73353\" alt=\"Convention culture et sant\u00e9\" srcset=\"https:\/\/richeskarayib.com\/wp-content\/uploads\/2026\/04\/1-1024x640.png 1024w, https:\/\/richeskarayib.com\/wp-content\/uploads\/2026\/04\/1-300x188.png 300w, https:\/\/richeskarayib.com\/wp-content\/uploads\/2026\/04\/1-768x480.png 768w, https:\/\/richeskarayib.com\/wp-content\/uploads\/2026\/04\/1-1536x960.png 1536w, https:\/\/richeskarayib.com\/wp-content\/uploads\/2026\/04\/1-1320x825.png 1320w, https:\/\/richeskarayib.com\/wp-content\/uploads\/2026\/04\/1.png 1920w\" sizes=\"(max-width: 800px) 100vw, 800px\" \/>\t\t\t\t\t\t\t\t\t\t\t\t\t\t\t<\/div>\n\t\t\t\t<\/div>\n\t\t\t\t\t<\/div>\n\t\t<\/div>\n\t\t\t\t<div class=\"elementor-column elementor-col-50 elementor-inner-column elementor-element elementor-element-4b4ba25\" data-id=\"4b4ba25\" data-element_type=\"column\">\n\t\t\t<div class=\"elementor-widget-wrap elementor-element-populated\">\n\t\t\t\t\t\t<div class=\"elementor-element elementor-element-2b1ef53 elementor-widget elementor-widget-image\" data-id=\"2b1ef53\" data-element_type=\"widget\" data-widget_type=\"image.default\">\n\t\t\t\t<div class=\"elementor-widget-container\">\n\t\t\t\t\t\t\t\t\t\t\t\t\t\t\t<img decoding=\"async\" width=\"800\" height=\"500\" src=\"https:\/\/richeskarayib.com\/wp-content\/uploads\/2026\/04\/3-1-1024x640.png\" class=\"attachment-large size-large wp-image-73357\" alt=\"Convention culture et sant\u00e9\" srcset=\"https:\/\/richeskarayib.com\/wp-content\/uploads\/2026\/04\/3-1-1024x640.png 1024w, https:\/\/richeskarayib.com\/wp-content\/uploads\/2026\/04\/3-1-300x188.png 300w, https:\/\/richeskarayib.com\/wp-content\/uploads\/2026\/04\/3-1-768x480.png 768w, https:\/\/richeskarayib.com\/wp-content\/uploads\/2026\/04\/3-1-1536x960.png 1536w, https:\/\/richeskarayib.com\/wp-content\/uploads\/2026\/04\/3-1-1320x825.png 1320w, https:\/\/richeskarayib.com\/wp-content\/uploads\/2026\/04\/3-1.png 1920w\" sizes=\"(max-width: 800px) 100vw, 800px\" \/>\t\t\t\t\t\t\t\t\t\t\t\t\t\t\t<\/div>\n\t\t\t\t<\/div>\n\t\t\t\t\t<\/div>\n\t\t<\/div>\n\t\t\t\t\t<\/div>\n\t\t<\/section>\n\t\t\t\t<section class=\"elementor-section elementor-inner-section elementor-element elementor-element-c582330 elementor-section-boxed elementor-section-height-default elementor-section-height-default\" data-id=\"c582330\" data-element_type=\"section\">\n\t\t\t\t\t\t<div class=\"elementor-container elementor-column-gap-default\">\n\t\t\t\t\t\t<\/div>\n\t\t<\/section>\n\t\t\t\t<section class=\"elementor-section elementor-inner-section elementor-element elementor-element-296603a elementor-section-boxed elementor-section-height-default elementor-section-height-default\" data-id=\"296603a\" data-element_type=\"section\">\n\t\t\t\t\t\t<div class=\"elementor-container elementor-column-gap-default\">\n\t\t\t\t\t\t<\/div>\n\t\t<\/section>\n\t\t\t\t\t<\/div>\n\t\t<\/div>\n\t\t\t\t\t<\/div>\n\t\t<\/section>\n\t\t\t\t<section class=\"elementor-section elementor-top-section elementor-element elementor-element-4a0e8e4 elementor-section-boxed elementor-section-height-default elementor-section-height-default\" data-id=\"4a0e8e4\" data-element_type=\"section\">\n\t\t\t\t\t\t<div class=\"elementor-container elementor-column-gap-default\">\n\t\t\t\t\t<div class=\"elementor-column elementor-col-100 elementor-top-column elementor-element elementor-element-f16bdfb\" data-id=\"f16bdfb\" data-element_type=\"column\">\n\t\t\t<div class=\"elementor-widget-wrap elementor-element-populated\">\n\t\t\t\t\t\t<div class=\"elementor-element elementor-element-33604cf elementor-widget elementor-widget-heading\" data-id=\"33604cf\" data-element_type=\"widget\" data-widget_type=\"heading.default\">\n\t\t\t\t<div class=\"elementor-widget-container\">\n\t\t\t\t\t<h2 class=\"elementor-heading-title elementor-size-default\">Deux objectifs : acc\u00e8s \u00e0 la culture et sant\u00e9 globale<\/h2>\t\t\t\t<\/div>\n\t\t\t\t<\/div>\n\t\t\t\t<div class=\"elementor-element elementor-element-06205d8 elementor-widget elementor-widget-text-editor\" data-id=\"06205d8\" data-element_type=\"widget\" data-widget_type=\"text-editor.default\">\n\t\t\t\t<div class=\"elementor-widget-container\">\n\t\t\t\t\t\t\t\t\t<p><span style=\"font-weight: 400;\">La convention culture et sant\u00e9 poursuit deux objectifs compl\u00e9mentaires. Le premier est culturel : renforcer l\u2019acc\u00e8s aux \u0153uvres et aux pratiques artistiques pour les personnes hospitalis\u00e9es, les personnes \u00e2g\u00e9es, les personnes en situation de handicap, mais aussi leurs proches, les aidants et les \u00e9quipes professionnelles. Le second rel\u00e8ve de la sant\u00e9 : mobiliser l\u2019art et la culture comme leviers d\u2019accompagnement, de pr\u00e9vention, de bien-\u00eatre, d\u2019autonomie et d\u2019inclusion.<\/span><\/p>\n<p><span style=\"font-weight: 400;\">Ce cadre r\u00e9gional s\u2019inscrit dans une politique nationale engag\u00e9e depuis plus de 25 ans. Le premier texte interminist\u00e9riel date de 1999. Une nouvelle convention nationale a \u00e9t\u00e9 sign\u00e9e en juillet 2025, avant que la Martinique ne renouvelle \u00e0 son tour son engagement pour 2026-2030.<\/span><\/p>\t\t\t\t\t\t\t\t<\/div>\n\t\t\t\t<\/div>\n\t\t\t\t<div class=\"elementor-element elementor-element-a35f40a elementor-widget elementor-widget-text-editor\" data-id=\"a35f40a\" data-element_type=\"widget\" data-widget_type=\"text-editor.default\">\n\t\t\t\t<div class=\"elementor-widget-container\">\n\t\t\t\t\t\t\t\t\t<p>Sur le terrain, cela signifie que des projets artistiques pourront \u00eatre men\u00e9s dans des h\u00f4pitaux, des EHPAD, des structures accompagnant des personnes en situation de handicap ou d\u2019autres lieux de soin et d\u2019accompagnement. La convention culture et sant\u00e9 couvre de nombreux champs : musique, danse, th\u00e9\u00e2tre, conte, marionnettes, arts visuels, livre, cin\u00e9ma, patrimoine culturel immat\u00e9riel, cr\u00e9ation num\u00e9rique.<\/p>\t\t\t\t\t\t\t\t<\/div>\n\t\t\t\t<\/div>\n\t\t\t\t<div class=\"elementor-element elementor-element-5740f7d elementor-widget elementor-widget-image\" data-id=\"5740f7d\" data-element_type=\"widget\" data-widget_type=\"image.default\">\n\t\t\t\t<div class=\"elementor-widget-container\">\n\t\t\t\t\t\t\t\t\t\t\t\t\t\t\t<img decoding=\"async\" width=\"800\" height=\"600\" src=\"https:\/\/richeskarayib.com\/wp-content\/uploads\/2026\/04\/679561151_26788342717452495_8161863694380786828_n-1024x768.jpg\" class=\"attachment-large size-large wp-image-73325\" alt=\"Convention culture et sant\u00e9\" srcset=\"https:\/\/richeskarayib.com\/wp-content\/uploads\/2026\/04\/679561151_26788342717452495_8161863694380786828_n-1024x768.jpg 1024w, https:\/\/richeskarayib.com\/wp-content\/uploads\/2026\/04\/679561151_26788342717452495_8161863694380786828_n-300x225.jpg 300w, https:\/\/richeskarayib.com\/wp-content\/uploads\/2026\/04\/679561151_26788342717452495_8161863694380786828_n-768x576.jpg 768w, https:\/\/richeskarayib.com\/wp-content\/uploads\/2026\/04\/679561151_26788342717452495_8161863694380786828_n-1536x1152.jpg 1536w, https:\/\/richeskarayib.com\/wp-content\/uploads\/2026\/04\/679561151_26788342717452495_8161863694380786828_n-1320x990.jpg 1320w, https:\/\/richeskarayib.com\/wp-content\/uploads\/2026\/04\/679561151_26788342717452495_8161863694380786828_n.jpg 1600w\" sizes=\"(max-width: 800px) 100vw, 800px\" \/>\t\t\t\t\t\t\t\t\t\t\t\t\t\t\t<\/div>\n\t\t\t\t<\/div>\n\t\t\t\t\t<\/div>\n\t\t<\/div>\n\t\t\t\t\t<\/div>\n\t\t<\/section>\n\t\t\t\t<section class=\"elementor-section elementor-top-section elementor-element elementor-element-73744de elementor-section-boxed elementor-section-height-default elementor-section-height-default\" data-id=\"73744de\" data-element_type=\"section\">\n\t\t\t\t\t\t<div class=\"elementor-container elementor-column-gap-default\">\n\t\t\t\t\t<div class=\"elementor-column elementor-col-100 elementor-top-column elementor-element elementor-element-8f238ec\" data-id=\"8f238ec\" data-element_type=\"column\">\n\t\t\t<div class=\"elementor-widget-wrap elementor-element-populated\">\n\t\t\t\t\t\t<div class=\"elementor-element elementor-element-1a869a1 elementor-widget elementor-widget-heading\" data-id=\"1a869a1\" data-element_type=\"widget\" data-widget_type=\"heading.default\">\n\t\t\t\t<div class=\"elementor-widget-container\">\n\t\t\t\t\t<h2 class=\"elementor-heading-title elementor-size-default\">110 000 \u20ac par an et une exigence professionnelle<\/h2>\t\t\t\t<\/div>\n\t\t\t\t<\/div>\n\t\t\t\t<div class=\"elementor-element elementor-element-ed5c50c elementor-widget elementor-widget-text-editor\" data-id=\"ed5c50c\" data-element_type=\"widget\" data-widget_type=\"text-editor.default\">\n\t\t\t\t<div class=\"elementor-widget-container\">\n\t\t\t\t\t\t\t\t\t<p><span style=\"font-weight: 400;\">Pour 2026, un nouvel appel \u00e0 projets doit \u00eatre lanc\u00e9 d\u00e9but mai. Selon S\u00e9verine HUBY, l\u2019enveloppe annuelle pr\u00e9vue s\u2019\u00e9l\u00e8ve \u00e0 110 000 \u20ac, avec 60 000 \u20ac port\u00e9s par l\u2019ARS et 50 000 \u20ac par la DAC. Elle pr\u00e9cise aussi que, malgr\u00e9 un contexte budg\u00e9taire contraint, les cr\u00e9dits consacr\u00e9s \u00e0 ce programme ont \u00e9t\u00e9 sanctuaris\u00e9s.<\/span><\/p>\n<p><span style=\"font-weight: 400;\">Les projets ne pourront pas \u00eatre imagin\u00e9s par un artiste seul, ni par un \u00e9tablissement seul. Ils devront \u00eatre co-construits entre un acteur culturel professionnel et une structure de sant\u00e9 ou m\u00e9dico-sociale. Cette exigence est au c\u0153ur du dispositif. Elle permet d\u2019\u00e9viter les propositions d\u00e9connect\u00e9es des besoins r\u00e9els des patients, des r\u00e9sidents et des \u00e9quipes.<\/span><\/p>\t\t\t\t\t\t\t\t<\/div>\n\t\t\t\t<\/div>\n\t\t\t\t<div class=\"elementor-element elementor-element-c30a925 elementor-widget elementor-widget-text-editor\" data-id=\"c30a925\" data-element_type=\"widget\" data-widget_type=\"text-editor.default\">\n\t\t\t\t<div class=\"elementor-widget-container\">\n\t\t\t\t\t\t\t\t\t<p><span style=\"font-weight: 400;\">La convention insiste aussi sur le r\u00f4le actif des b\u00e9n\u00e9ficiaires. La personne accompagn\u00e9e ne doit pas rester simple spectatrice. Elle doit pouvoir participer, cr\u00e9er, raconter, bouger, transmettre, selon son \u00e9tat de sant\u00e9, son \u00e2ge, son handicap ou ses capacit\u00e9s du moment.<\/span><\/p>\t\t\t\t\t\t\t\t<\/div>\n\t\t\t\t<\/div>\n\t\t\t\t<section class=\"elementor-section elementor-inner-section elementor-element elementor-element-c647670 elementor-section-boxed elementor-section-height-default elementor-section-height-default\" data-id=\"c647670\" data-element_type=\"section\">\n\t\t\t\t\t\t<div class=\"elementor-container elementor-column-gap-default\">\n\t\t\t\t\t<div class=\"elementor-column elementor-col-100 elementor-inner-column elementor-element elementor-element-cb0380e\" data-id=\"cb0380e\" data-element_type=\"column\">\n\t\t\t<div class=\"elementor-widget-wrap elementor-element-populated\">\n\t\t\t\t\t\t<div class=\"elementor-element elementor-element-154fd47 elementor-widget elementor-widget-image\" data-id=\"154fd47\" data-element_type=\"widget\" data-widget_type=\"image.default\">\n\t\t\t\t<div class=\"elementor-widget-container\">\n\t\t\t\t\t\t\t\t\t\t\t\t\t\t\t<img loading=\"lazy\" decoding=\"async\" width=\"800\" height=\"500\" src=\"https:\/\/richeskarayib.com\/wp-content\/uploads\/2026\/04\/2-1-1024x640.png\" class=\"attachment-large size-large wp-image-73361\" alt=\"Convention culture et sant\u00e9\" srcset=\"https:\/\/richeskarayib.com\/wp-content\/uploads\/2026\/04\/2-1-1024x640.png 1024w, https:\/\/richeskarayib.com\/wp-content\/uploads\/2026\/04\/2-1-300x188.png 300w, https:\/\/richeskarayib.com\/wp-content\/uploads\/2026\/04\/2-1-768x480.png 768w, https:\/\/richeskarayib.com\/wp-content\/uploads\/2026\/04\/2-1-1536x960.png 1536w, https:\/\/richeskarayib.com\/wp-content\/uploads\/2026\/04\/2-1-1320x825.png 1320w, https:\/\/richeskarayib.com\/wp-content\/uploads\/2026\/04\/2-1.png 1920w\" sizes=\"(max-width: 800px) 100vw, 800px\" \/>\t\t\t\t\t\t\t\t\t\t\t\t\t\t\t<\/div>\n\t\t\t\t<\/div>\n\t\t\t\t\t<\/div>\n\t\t<\/div>\n\t\t\t\t\t<\/div>\n\t\t<\/section>\n\t\t\t\t\t<\/div>\n\t\t<\/div>\n\t\t\t\t\t<\/div>\n\t\t<\/section>\n\t\t\t\t<section class=\"elementor-section elementor-top-section elementor-element elementor-element-cd6f302 elementor-section-boxed elementor-section-height-default elementor-section-height-default\" data-id=\"cd6f302\" data-element_type=\"section\">\n\t\t\t\t\t\t<div class=\"elementor-container elementor-column-gap-default\">\n\t\t\t\t\t<div class=\"elementor-column elementor-col-100 elementor-top-column elementor-element elementor-element-3291df2\" data-id=\"3291df2\" data-element_type=\"column\">\n\t\t\t<div class=\"elementor-widget-wrap elementor-element-populated\">\n\t\t\t\t\t\t<div class=\"elementor-element elementor-element-d48250a elementor-widget elementor-widget-heading\" data-id=\"d48250a\" data-element_type=\"widget\" data-widget_type=\"heading.default\">\n\t\t\t\t<div class=\"elementor-widget-container\">\n\t\t\t\t\t<h2 class=\"elementor-heading-title elementor-size-default\">149 projets d\u00e9j\u00e0 accompagn\u00e9s en Martinique<\/h2>\t\t\t\t<\/div>\n\t\t\t\t<\/div>\n\t\t\t\t<div class=\"elementor-element elementor-element-995f4f4 elementor-widget elementor-widget-text-editor\" data-id=\"995f4f4\" data-element_type=\"widget\" data-widget_type=\"text-editor.default\">\n\t\t\t\t<div class=\"elementor-widget-container\">\n\t\t\t\t\t\t\t\t\t<p>Le bilan pr\u00e9c\u00e9dent donne une id\u00e9e de ce que la convention culture et sant\u00e9 a d\u00e9j\u00e0 produit. Entre 2021 et 2025, 149 projets ont \u00e9t\u00e9 accompagn\u00e9s en Martinique, pour un montant total de 540 000 \u20ac. Les projets li\u00e9s au spectacle vivant et au patrimoine culturel immat\u00e9riel repr\u00e9sentent plus des deux tiers des actions soutenues. Musique, danse, tambour, conte, m\u00e9tiers d\u2019art : ces pratiques trouvent un \u00e9cho particulier dans les \u00e9tablissements accueillant des personnes \u00e2g\u00e9es, parce qu\u2019elles activent la m\u00e9moire, les gestes, les sons et les rep\u00e8res culturels.<\/p>\t\t\t\t\t\t\t\t<\/div>\n\t\t\t\t<\/div>\n\t\t\t\t<section class=\"elementor-section elementor-inner-section elementor-element elementor-element-ae955b0 elementor-section-boxed elementor-section-height-default elementor-section-height-default\" data-id=\"ae955b0\" data-element_type=\"section\">\n\t\t\t\t\t\t<div class=\"elementor-container elementor-column-gap-default\">\n\t\t\t\t\t<div class=\"elementor-column elementor-col-50 elementor-inner-column elementor-element elementor-element-341f8cb\" data-id=\"341f8cb\" data-element_type=\"column\">\n\t\t\t<div class=\"elementor-widget-wrap elementor-element-populated\">\n\t\t\t\t\t\t<div class=\"elementor-element elementor-element-b022058 elementor-widget elementor-widget-image\" data-id=\"b022058\" data-element_type=\"widget\" data-widget_type=\"image.default\">\n\t\t\t\t<div class=\"elementor-widget-container\">\n\t\t\t\t\t\t\t\t\t\t\t\t\t\t\t<img loading=\"lazy\" decoding=\"async\" width=\"575\" height=\"718\" src=\"https:\/\/richeskarayib.com\/wp-content\/uploads\/2026\/04\/2026-04-30_22h27_19.png\" class=\"attachment-large size-large wp-image-73337\" alt=\"Convention culture et sant\u00e9\" srcset=\"https:\/\/richeskarayib.com\/wp-content\/uploads\/2026\/04\/2026-04-30_22h27_19.png 575w, https:\/\/richeskarayib.com\/wp-content\/uploads\/2026\/04\/2026-04-30_22h27_19-240x300.png 240w\" sizes=\"(max-width: 575px) 100vw, 575px\" \/>\t\t\t\t\t\t\t\t\t\t\t\t\t\t\t<\/div>\n\t\t\t\t<\/div>\n\t\t\t\t\t<\/div>\n\t\t<\/div>\n\t\t\t\t<div class=\"elementor-column elementor-col-50 elementor-inner-column elementor-element elementor-element-b2827aa\" data-id=\"b2827aa\" data-element_type=\"column\">\n\t\t\t<div class=\"elementor-widget-wrap elementor-element-populated\">\n\t\t\t\t\t\t<div class=\"elementor-element elementor-element-9e0446d elementor-widget elementor-widget-image\" data-id=\"9e0446d\" data-element_type=\"widget\" data-widget_type=\"image.default\">\n\t\t\t\t<div class=\"elementor-widget-container\">\n\t\t\t\t\t\t\t\t\t\t\t\t\t\t\t<img loading=\"lazy\" decoding=\"async\" width=\"575\" height=\"712\" src=\"https:\/\/richeskarayib.com\/wp-content\/uploads\/2026\/04\/2026-04-30_22h27_08.png\" class=\"attachment-large size-large wp-image-73329\" alt=\"Convention culture et sant\u00e9\" srcset=\"https:\/\/richeskarayib.com\/wp-content\/uploads\/2026\/04\/2026-04-30_22h27_08.png 575w, https:\/\/richeskarayib.com\/wp-content\/uploads\/2026\/04\/2026-04-30_22h27_08-242x300.png 242w\" sizes=\"(max-width: 575px) 100vw, 575px\" \/>\t\t\t\t\t\t\t\t\t\t\t\t\t\t\t<\/div>\n\t\t\t\t<\/div>\n\t\t\t\t\t<\/div>\n\t\t<\/div>\n\t\t\t\t\t<\/div>\n\t\t<\/section>\n\t\t\t\t<div class=\"elementor-element elementor-element-05bb628 elementor-widget elementor-widget-text-editor\" data-id=\"05bb628\" data-element_type=\"widget\" data-widget_type=\"text-editor.default\">\n\t\t\t\t<div class=\"elementor-widget-container\">\n\t\t\t\t\t\t\t\t\t<p><span style=\"font-weight: 400;\">Parmi les projets mis en avant figure l\u2019association Clowns Dokt\u00e9. \u00c0 la Maison de la Femme et de l\u2019Enfant (MFME) \u00e0 <a href=\"https:\/\/richeskarayib.com\/fr\/atelier-de-conception-bioclimatique\/\" target=\"_blank\" rel=\"noopener\">Fort-de-France<\/a>, en p\u00e9diatrie \u00e0 Trinit\u00e9 ou encore au Centre Hospitalier du Nord Cara\u00efbe, les clowns interviennent aupr\u00e8s d\u2019enfants hospitalis\u00e9s et de leurs familles. Avant l\u2019intervention, une transmission m\u00e9dicale est assur\u00e9e avec l\u2019\u00e9quipe soignante. Apr\u00e8s l\u2019intervention, un retour peut \u00eatre fait sur des \u00e9l\u00e9ments observ\u00e9s chez l\u2019enfant.<\/span><\/p>\t\t\t\t\t\t\t\t<\/div>\n\t\t\t\t<\/div>\n\t\t\t\t<div class=\"elementor-element elementor-element-3c61aa7 elementor-widget elementor-widget-text-editor\" data-id=\"3c61aa7\" data-element_type=\"widget\" data-widget_type=\"text-editor.default\">\n\t\t\t\t<div class=\"elementor-widget-container\">\n\t\t\t\t\t\t\t\t\t<p><span style=\"font-weight: 400;\">Leur travail ne consiste pas seulement \u00e0 faire rire. Il vise aussi \u00e0 r\u00e9duire le stress, soutenir les familles, d\u00e9dramatiser certains temps d\u2019attente ou de soin, et cr\u00e9er une rencontre \u00e0 hauteur d\u2019enfant. Avec Kloun Gran Moun, l\u2019association intervient \u00e9galement aupr\u00e8s de personnes \u00e2g\u00e9es en EHPAD, dans une logique de lien social, de m\u00e9moire et de pr\u00e9sence humaine.<\/span><\/p>\t\t\t\t\t\t\t\t<\/div>\n\t\t\t\t<\/div>\n\t\t\t\t<section class=\"elementor-section elementor-inner-section elementor-element elementor-element-8ac4756 elementor-section-boxed elementor-section-height-default elementor-section-height-default\" data-id=\"8ac4756\" data-element_type=\"section\">\n\t\t\t\t\t\t<div class=\"elementor-container elementor-column-gap-default\">\n\t\t\t\t\t<div class=\"elementor-column elementor-col-33 elementor-inner-column elementor-element elementor-element-c1f1783\" data-id=\"c1f1783\" data-element_type=\"column\">\n\t\t\t<div class=\"elementor-widget-wrap elementor-element-populated\">\n\t\t\t\t\t\t<div class=\"elementor-element elementor-element-b702730 elementor-widget elementor-widget-image\" data-id=\"b702730\" data-element_type=\"widget\" data-widget_type=\"image.default\">\n\t\t\t\t<div class=\"elementor-widget-container\">\n\t\t\t\t\t\t\t\t\t\t\t\t\t\t\t<img loading=\"lazy\" decoding=\"async\" width=\"513\" height=\"717\" src=\"https:\/\/richeskarayib.com\/wp-content\/uploads\/2026\/04\/2026-04-30_22h27_01.png\" class=\"attachment-large size-large wp-image-73333\" alt=\"Convention culture et sant\u00e9\" srcset=\"https:\/\/richeskarayib.com\/wp-content\/uploads\/2026\/04\/2026-04-30_22h27_01.png 513w, https:\/\/richeskarayib.com\/wp-content\/uploads\/2026\/04\/2026-04-30_22h27_01-215x300.png 215w\" sizes=\"(max-width: 513px) 100vw, 513px\" \/>\t\t\t\t\t\t\t\t\t\t\t\t\t\t\t<\/div>\n\t\t\t\t<\/div>\n\t\t\t\t\t<\/div>\n\t\t<\/div>\n\t\t\t\t<div class=\"elementor-column elementor-col-33 elementor-inner-column elementor-element elementor-element-b88cd01\" data-id=\"b88cd01\" data-element_type=\"column\">\n\t\t\t<div class=\"elementor-widget-wrap elementor-element-populated\">\n\t\t\t\t\t\t<div class=\"elementor-element elementor-element-4812217 elementor-widget elementor-widget-image\" data-id=\"4812217\" data-element_type=\"widget\" data-widget_type=\"image.default\">\n\t\t\t\t<div class=\"elementor-widget-container\">\n\t\t\t\t\t\t\t\t\t\t\t\t\t\t\t<img loading=\"lazy\" decoding=\"async\" width=\"768\" height=\"1024\" src=\"https:\/\/richeskarayib.com\/wp-content\/uploads\/2026\/04\/CLOWNS-DOKTE-Kloun-gran-moun-768x1024.jpg\" class=\"attachment-large size-large wp-image-73341\" alt=\"Convention culture et sant\u00e9\" srcset=\"https:\/\/richeskarayib.com\/wp-content\/uploads\/2026\/04\/CLOWNS-DOKTE-Kloun-gran-moun-768x1024.jpg 768w, https:\/\/richeskarayib.com\/wp-content\/uploads\/2026\/04\/CLOWNS-DOKTE-Kloun-gran-moun-225x300.jpg 225w, https:\/\/richeskarayib.com\/wp-content\/uploads\/2026\/04\/CLOWNS-DOKTE-Kloun-gran-moun-1152x1536.jpg 1152w, https:\/\/richeskarayib.com\/wp-content\/uploads\/2026\/04\/CLOWNS-DOKTE-Kloun-gran-moun-1320x1760.jpg 1320w, https:\/\/richeskarayib.com\/wp-content\/uploads\/2026\/04\/CLOWNS-DOKTE-Kloun-gran-moun.jpg 1440w\" sizes=\"(max-width: 768px) 100vw, 768px\" \/>\t\t\t\t\t\t\t\t\t\t\t\t\t\t\t<\/div>\n\t\t\t\t<\/div>\n\t\t\t\t\t<\/div>\n\t\t<\/div>\n\t\t\t\t<div class=\"elementor-column elementor-col-33 elementor-inner-column elementor-element elementor-element-6b0f57a\" data-id=\"6b0f57a\" data-element_type=\"column\">\n\t\t\t<div class=\"elementor-widget-wrap elementor-element-populated\">\n\t\t\t\t\t\t<div class=\"elementor-element elementor-element-ddc7704 elementor-widget elementor-widget-image\" data-id=\"ddc7704\" data-element_type=\"widget\" data-widget_type=\"image.default\">\n\t\t\t\t<div class=\"elementor-widget-container\">\n\t\t\t\t\t\t\t\t\t\t\t\t\t\t\t<img loading=\"lazy\" decoding=\"async\" width=\"476\" height=\"640\" src=\"https:\/\/richeskarayib.com\/wp-content\/uploads\/2026\/04\/2026-04-30_22h30_01.png\" class=\"attachment-large size-large wp-image-73349\" alt=\"Convention culture et sant\u00e9\" srcset=\"https:\/\/richeskarayib.com\/wp-content\/uploads\/2026\/04\/2026-04-30_22h30_01.png 476w, https:\/\/richeskarayib.com\/wp-content\/uploads\/2026\/04\/2026-04-30_22h30_01-223x300.png 223w\" sizes=\"(max-width: 476px) 100vw, 476px\" \/>\t\t\t\t\t\t\t\t\t\t\t\t\t\t\t<\/div>\n\t\t\t\t<\/div>\n\t\t\t\t\t<\/div>\n\t\t<\/div>\n\t\t\t\t\t<\/div>\n\t\t<\/section>\n\t\t\t\t\t<\/div>\n\t\t<\/div>\n\t\t\t\t\t<\/div>\n\t\t<\/section>\n\t\t\t\t<section class=\"elementor-section elementor-top-section elementor-element elementor-element-613f9af elementor-section-boxed elementor-section-height-default elementor-section-height-default\" data-id=\"613f9af\" data-element_type=\"section\">\n\t\t\t\t\t\t<div class=\"elementor-container elementor-column-gap-default\">\n\t\t\t\t\t<div class=\"elementor-column elementor-col-100 elementor-top-column elementor-element elementor-element-3a0b597\" data-id=\"3a0b597\" data-element_type=\"column\">\n\t\t\t<div class=\"elementor-widget-wrap elementor-element-populated\">\n\t\t\t\t\t\t<div class=\"elementor-element elementor-element-65ae292 elementor-widget elementor-widget-heading\" data-id=\"65ae292\" data-element_type=\"widget\" data-widget_type=\"heading.default\">\n\t\t\t\t<div class=\"elementor-widget-container\">\n\t\t\t\t\t<h2 class=\"elementor-heading-title elementor-size-default\">Une politique culturelle, mais aussi un choix de soci\u00e9t\u00e9<\/h2>\t\t\t\t<\/div>\n\t\t\t\t<\/div>\n\t\t\t\t<div class=\"elementor-element elementor-element-4f49764 elementor-widget elementor-widget-text-editor\" data-id=\"4f49764\" data-element_type=\"widget\" data-widget_type=\"text-editor.default\">\n\t\t\t\t<div class=\"elementor-widget-container\">\n\t\t\t\t\t\t\t\t\t<p><span style=\"font-weight: 400;\">La convention culture et sant\u00e9 pose une question plus large : quelle place laisse-t-on aux personnes fragilis\u00e9es dans la vie culturelle du territoire ? La r\u00e9ponse port\u00e9e par cette convention est claire : l\u2019hospitalisation, l\u2019\u00e2ge ou le handicap ne doivent pas exclure de la cr\u00e9ation, de la parole, de la m\u00e9moire et du sensible. Pour la Martinique, l\u2019enjeu est aussi patrimonial. Quand un tambour, une marionnette, une \u00e9mission de radio, un atelier de danse ou un conte entre dans un \u00e9tablissement de soin, ce n\u2019est pas seulement une activit\u00e9 qui commence. C\u2019est une part du territoire qui circule, qui se transmet et qui rappelle que la culture ne s\u2019arr\u00eate pas aux portes des lieux de fragilit\u00e9.<\/span><\/p>\t\t\t\t\t\t\t\t<\/div>\n\t\t\t\t<\/div>\n\t\t\t\t<div class=\"elementor-element elementor-element-1b27208 elementor-widget elementor-widget-text-editor\" data-id=\"1b27208\" data-element_type=\"widget\" data-widget_type=\"text-editor.default\">\n\t\t\t\t<div class=\"elementor-widget-container\">\n\t\t\t\t\t\t\t\t\t<p><span style=\"font-weight: 400;\">La nouvelle convention culture et sant\u00e9 2026-2030 ouvre donc une p\u00e9riode d\u00e9cisive. Reste \u00e0 voir quels artistes, quelles associations et quels \u00e9tablissements r\u00e9pondront \u00e0 l\u2019appel \u00e0 projets 2026. Et surtout, quelles histoires na\u00eetront de ces rencontres entre soin, m\u00e9moire et cr\u00e9ation.<\/span><\/p>\t\t\t\t\t\t\t\t<\/div>\n\t\t\t\t<\/div>\n\t\t\t\t\t<\/div>\n\t\t<\/div>\n\t\t\t\t\t<\/div>\n\t\t<\/section>\n\t\t\t\t<section class=\"elementor-section elementor-top-section elementor-element elementor-element-f5709a6 elementor-section-boxed elementor-section-height-default elementor-section-height-default\" data-id=\"f5709a6\" data-element_type=\"section\">\n\t\t\t\t\t\t<div class=\"elementor-container elementor-column-gap-default\">\n\t\t\t\t\t<div class=\"elementor-column elementor-col-100 elementor-top-column elementor-element elementor-element-957be6f\" data-id=\"957be6f\" data-element_type=\"column\">\n\t\t\t<div class=\"elementor-widget-wrap elementor-element-populated\">\n\t\t\t\t\t\t<div class=\"elementor-element elementor-element-63e5d4a elementor-widget elementor-widget-accordion\" data-id=\"63e5d4a\" data-element_type=\"widget\" data-widget_type=\"accordion.default\">\n\t\t\t\t<div class=\"elementor-widget-container\">\n\t\t\t\t\t\t\t<div class=\"elementor-accordion\">\n\t\t\t\t\t\t\t<div class=\"elementor-accordion-item\">\n\t\t\t\t\t<div id=\"elementor-tab-title-1041\" class=\"elementor-tab-title\" data-tab=\"1\" role=\"button\" aria-controls=\"elementor-tab-content-1041\" aria-expanded=\"false\">\n\t\t\t\t\t\t\t\t\t\t\t\t\t<span class=\"elementor-accordion-icon elementor-accordion-icon-left\" aria-hidden=\"true\">\n\t\t\t\t\t\t\t\t\t\t\t\t\t\t\t<span class=\"elementor-accordion-icon-closed\"><i class=\"fas fa-plus\"><\/i><\/span>\n\t\t\t\t\t\t\t\t<span class=\"elementor-accordion-icon-opened\"><i class=\"fas fa-minus\"><\/i><\/span>\n\t\t\t\t\t\t\t\t\t\t\t\t\t\t<\/span>\n\t\t\t\t\t\t\t\t\t\t\t\t<a class=\"elementor-accordion-title\" tabindex=\"0\">Qu\u2019est-ce que la convention culture et sant\u00e9 en Martinique ?<\/a>\n\t\t\t\t\t<\/div>\n\t\t\t\t\t<div id=\"elementor-tab-content-1041\" class=\"elementor-tab-content elementor-clearfix\" data-tab=\"1\" role=\"region\" aria-labelledby=\"elementor-tab-title-1041\"><p>La convention culture et sant\u00e9 est un partenariat entre la DAC Martinique et l\u2019ARS Martinique. Elle vise \u00e0 soutenir des projets artistiques et culturels dans les h\u00f4pitaux, les EHPAD et les \u00e9tablissements m\u00e9dico-sociaux, afin de maintenir l\u2019acc\u00e8s \u00e0 la culture pour les personnes hospitalis\u00e9es, \u00e2g\u00e9es ou en situation de handicap.<\/p><\/div>\n\t\t\t\t<\/div>\n\t\t\t\t\t\t\t<div class=\"elementor-accordion-item\">\n\t\t\t\t\t<div id=\"elementor-tab-title-1042\" class=\"elementor-tab-title\" data-tab=\"2\" role=\"button\" aria-controls=\"elementor-tab-content-1042\" aria-expanded=\"false\">\n\t\t\t\t\t\t\t\t\t\t\t\t\t<span class=\"elementor-accordion-icon elementor-accordion-icon-left\" aria-hidden=\"true\">\n\t\t\t\t\t\t\t\t\t\t\t\t\t\t\t<span class=\"elementor-accordion-icon-closed\"><i class=\"fas fa-plus\"><\/i><\/span>\n\t\t\t\t\t\t\t\t<span class=\"elementor-accordion-icon-opened\"><i class=\"fas fa-minus\"><\/i><\/span>\n\t\t\t\t\t\t\t\t\t\t\t\t\t\t<\/span>\n\t\t\t\t\t\t\t\t\t\t\t\t<a class=\"elementor-accordion-title\" tabindex=\"0\">Qui peut r\u00e9pondre \u00e0 l\u2019appel \u00e0 projets de la convention culture et sant\u00e9 ?<\/a>\n\t\t\t\t\t<\/div>\n\t\t\t\t\t<div id=\"elementor-tab-content-1042\" class=\"elementor-tab-content elementor-clearfix\" data-tab=\"2\" role=\"region\" aria-labelledby=\"elementor-tab-title-1042\"><p><span style=\"font-weight: 400;\">Les projets doivent \u00eatre port\u00e9s conjointement par un acteur culturel professionnel artiste, association, compagnie ou structure culturelle\u00a0 et un \u00e9tablissement de sant\u00e9 ou m\u00e9dico-social. Cette co-construction est obligatoire pour que le projet r\u00e9ponde \u00e0 la fois aux objectifs artistiques et aux besoins des b\u00e9n\u00e9ficiaires.<\/span><\/p><\/div>\n\t\t\t\t<\/div>\n\t\t\t\t\t\t\t<div class=\"elementor-accordion-item\">\n\t\t\t\t\t<div id=\"elementor-tab-title-1043\" class=\"elementor-tab-title\" data-tab=\"3\" role=\"button\" aria-controls=\"elementor-tab-content-1043\" aria-expanded=\"false\">\n\t\t\t\t\t\t\t\t\t\t\t\t\t<span class=\"elementor-accordion-icon elementor-accordion-icon-left\" aria-hidden=\"true\">\n\t\t\t\t\t\t\t\t\t\t\t\t\t\t\t<span class=\"elementor-accordion-icon-closed\"><i class=\"fas fa-plus\"><\/i><\/span>\n\t\t\t\t\t\t\t\t<span class=\"elementor-accordion-icon-opened\"><i class=\"fas fa-minus\"><\/i><\/span>\n\t\t\t\t\t\t\t\t\t\t\t\t\t\t<\/span>\n\t\t\t\t\t\t\t\t\t\t\t\t<a class=\"elementor-accordion-title\" tabindex=\"0\">Pourquoi la convention culture et sant\u00e9 est-elle importante pour la Martinique ?<\/a>\n\t\t\t\t\t<\/div>\n\t\t\t\t\t<div id=\"elementor-tab-content-1043\" class=\"elementor-tab-content elementor-clearfix\" data-tab=\"3\" role=\"region\" aria-labelledby=\"elementor-tab-title-1043\"><p><span style=\"font-weight: 400;\">La convention culture et sant\u00e9 permet de faire entrer l\u2019art dans des lieux o\u00f9 l\u2019isolement peut \u00eatre fort. En Martinique, elle soutient des projets li\u00e9s \u00e0 la musique, \u00e0 la danse, au conte, au patrimoine culturel immat\u00e9riel ou encore aux arts visuels, tout en renfor\u00e7ant le lien social, la m\u00e9moire, l\u2019expression et l\u2019autonomie des publics accompagn\u00e9s.<\/span><\/p><\/div>\n\t\t\t\t<\/div>\n\t\t\t\t\t\t\t\t<\/div>\n\t\t\t\t\t\t<\/div>\n\t\t\t\t<\/div>\n\t\t\t\t\t<\/div>\n\t\t<\/div>\n\t\t\t\t\t<\/div>\n\t\t<\/section>\n\t\t\t\t<\/div>\n\t\t","protected":false},"excerpt":{"rendered":"<p>En Martinique, la DAC et l\u2019ARS renouvellent leur convention culture et sant\u00e9 pour la p\u00e9riode 2026-2030. Derri\u00e8re ce texte sign\u00e9 le 22 avril, il y a des enfants hospitalis\u00e9s, des r\u00e9sidents d\u2019EHPAD, des personnes en situation de handicap, des soignants et des artistes qui tentent de maintenir un lien essentiel : l\u2019acc\u00e8s \u00e0 la culture, [&hellip;]<\/p>\n","protected":false},"author":662,"featured_media":73320,"comment_status":"open","ping_status":"open","sticky":false,"template":"","format":"standard","meta":{"_acf_changed":false,"footnotes":""},"categories":[1785],"tags":[808],"class_list":["post-73318","post","type-post","status-publish","format-standard","has-post-thumbnail","hentry","category-cooperation","tag-martinique-fr"],"acf":[],"_links":{"self":[{"href":"https:\/\/richeskarayib.com\/fr\/wp-json\/wp\/v2\/posts\/73318","targetHints":{"allow":["GET"]}}],"collection":[{"href":"https:\/\/richeskarayib.com\/fr\/wp-json\/wp\/v2\/posts"}],"about":[{"href":"https:\/\/richeskarayib.com\/fr\/wp-json\/wp\/v2\/types\/post"}],"author":[{"embeddable":true,"href":"https:\/\/richeskarayib.com\/fr\/wp-json\/wp\/v2\/users\/662"}],"replies":[{"embeddable":true,"href":"https:\/\/richeskarayib.com\/fr\/wp-json\/wp\/v2\/comments?post=73318"}],"version-history":[{"count":0,"href":"https:\/\/richeskarayib.com\/fr\/wp-json\/wp\/v2\/posts\/73318\/revisions"}],"wp:featuredmedia":[{"embeddable":true,"href":"https:\/\/richeskarayib.com\/fr\/wp-json\/wp\/v2\/media\/73320"}],"wp:attachment":[{"href":"https:\/\/richeskarayib.com\/fr\/wp-json\/wp\/v2\/media?parent=73318"}],"wp:term":[{"taxonomy":"category","embeddable":true,"href":"https:\/\/richeskarayib.com\/fr\/wp-json\/wp\/v2\/categories?post=73318"},{"taxonomy":"post_tag","embeddable":true,"href":"https:\/\/richeskarayib.com\/fr\/wp-json\/wp\/v2\/tags?post=73318"}],"curies":[{"name":"wp","href":"https:\/\/api.w.org\/{rel}","templated":true}]}}