{"id":79410,"date":"2026-09-03T09:30:06","date_gmt":"2026-09-03T13:30:06","guid":{"rendered":"https:\/\/richeskarayib.com\/?p=79410"},"modified":"2026-09-03T10:01:37","modified_gmt":"2026-09-03T14:01:37","slug":"gaston-monnerville-senat-guyane","status":"publish","type":"post","link":"https:\/\/richeskarayib.com\/fr\/gaston-monnerville-senat-guyane\/","title":{"rendered":"Gaston Monnerville, le Guyanais devenu premier pr\u00e9sident noir du S\u00e9nat"},"content":{"rendered":"\t\t<div data-elementor-type=\"wp-post\" data-elementor-id=\"79410\" class=\"elementor elementor-79410\" data-elementor-post-type=\"post\">\n\t\t\t\t\t\t<section class=\"elementor-section elementor-top-section elementor-element elementor-element-51e627e elementor-section-boxed elementor-section-height-default elementor-section-height-default\" data-id=\"51e627e\" data-element_type=\"section\">\n\t\t\t\t\t\t<div class=\"elementor-container elementor-column-gap-default\">\n\t\t\t\t\t<div class=\"elementor-column elementor-col-100 elementor-top-column elementor-element elementor-element-08472ed\" data-id=\"08472ed\" data-element_type=\"column\">\n\t\t\t<div class=\"elementor-widget-wrap elementor-element-populated\">\n\t\t\t\t\t\t<div class=\"elementor-element elementor-element-f287d91 elementor-widget elementor-widget-text-editor\" data-id=\"f287d91\" data-element_type=\"widget\" data-widget_type=\"text-editor.default\">\n\t\t\t\t<div class=\"elementor-widget-container\">\n\t\t\t\t\t\t\t\t\t<p>Gaston Monnerville, n\u00e9 le 2 janvier 1897 \u00e0 Cayenne, en Guyane, pr\u00e9side le S\u00e9nat fran\u00e7ais de 1958 \u00e0 1968. Il reste \u00e0 ce jour le seul pr\u00e9sident noir d&#8217;une chambre du Parlement fran\u00e7ais, une fonction acquise apr\u00e8s un parcours d&#8217;avocat puis de r\u00e9sistant sous l&#8217;Occupation. En 1962, Gaston Monnerville s&#8217;oppose publiquement au g\u00e9n\u00e9ral de Gaulle sur la r\u00e9forme du mode d&#8217;\u00e9lection du pr\u00e9sident de la R\u00e9publique, un affrontement rest\u00e9 dans l&#8217;histoire du S\u00e9nat.<\/p>\t\t\t\t\t\t\t\t<\/div>\n\t\t\t\t<\/div>\n\t\t\t\t\t<\/div>\n\t\t<\/div>\n\t\t\t\t\t<\/div>\n\t\t<\/section>\n\t\t\t\t<section class=\"elementor-section elementor-top-section elementor-element elementor-element-ebd13c6 elementor-section-boxed elementor-section-height-default elementor-section-height-default\" data-id=\"ebd13c6\" data-element_type=\"section\">\n\t\t\t\t\t\t<div class=\"elementor-container elementor-column-gap-default\">\n\t\t\t\t\t<div class=\"elementor-column elementor-col-100 elementor-top-column elementor-element elementor-element-68dca9e\" data-id=\"68dca9e\" data-element_type=\"column\">\n\t\t\t<div class=\"elementor-widget-wrap elementor-element-populated\">\n\t\t\t\t\t\t<div class=\"elementor-element elementor-element-5e73943 elementor-widget elementor-widget-heading\" data-id=\"5e73943\" data-element_type=\"widget\" data-widget_type=\"heading.default\">\n\t\t\t\t<div class=\"elementor-widget-container\">\n\t\t\t\t\t<h2 class=\"elementor-heading-title elementor-size-default\">Gaston Monnerville face \u00e0 de Gaulle, la sc\u00e8ne de 1962<\/h2>\t\t\t\t<\/div>\n\t\t\t\t<\/div>\n\t\t\t\t<section class=\"elementor-section elementor-inner-section elementor-element elementor-element-e4d902e elementor-section-boxed elementor-section-height-default elementor-section-height-default\" data-id=\"e4d902e\" data-element_type=\"section\">\n\t\t\t\t\t\t<div class=\"elementor-container elementor-column-gap-default\">\n\t\t\t\t\t<div class=\"elementor-column elementor-col-100 elementor-inner-column elementor-element elementor-element-8d126f0\" data-id=\"8d126f0\" data-element_type=\"column\">\n\t\t\t<div class=\"elementor-widget-wrap elementor-element-populated\">\n\t\t\t\t\t\t<div class=\"elementor-element elementor-element-8ac25fe elementor-widget elementor-widget-image\" data-id=\"8ac25fe\" data-element_type=\"widget\" data-widget_type=\"image.default\">\n\t\t\t\t<div class=\"elementor-widget-container\">\n\t\t\t\t\t\t\t\t\t\t\t\t<figure class=\"wp-caption\">\n\t\t\t\t\t\t\t\t\t\t<img fetchpriority=\"high\" decoding=\"async\" width=\"800\" height=\"574\" src=\"https:\/\/richeskarayib.com\/wp-content\/uploads\/2026\/09\/gaston-monnerville-conversation-1024x735.jpg\" class=\"attachment-large size-large wp-image-79421\" alt=\"Gaston Monnerville talking with a man, both wearing suits\" srcset=\"https:\/\/richeskarayib.com\/wp-content\/uploads\/2026\/09\/gaston-monnerville-conversation-1024x735.jpg 1024w, https:\/\/richeskarayib.com\/wp-content\/uploads\/2026\/09\/gaston-monnerville-conversation-300x215.jpg 300w, https:\/\/richeskarayib.com\/wp-content\/uploads\/2026\/09\/gaston-monnerville-conversation-768x551.jpg 768w, https:\/\/richeskarayib.com\/wp-content\/uploads\/2026\/09\/gaston-monnerville-conversation.jpg 1280w\" sizes=\"(max-width: 800px) 100vw, 800px\" \/>\t\t\t\t\t\t\t\t\t\t\t<figcaption class=\"widget-image-caption wp-caption-text\">Gaston Monnerville talking with a man, both wearing suits.<\/figcaption>\n\t\t\t\t\t\t\t\t\t\t<\/figure>\n\t\t\t\t\t\t\t\t\t<\/div>\n\t\t\t\t<\/div>\n\t\t\t\t\t<\/div>\n\t\t<\/div>\n\t\t\t\t\t<\/div>\n\t\t<\/section>\n\t\t\t\t<div class=\"elementor-element elementor-element-989aac9 elementor-widget elementor-widget-text-editor\" data-id=\"989aac9\" data-element_type=\"widget\" data-widget_type=\"text-editor.default\">\n\t\t\t\t<div class=\"elementor-widget-container\">\n\t\t\t\t\t\t\t\t\t<p>Le 9 octobre 1962, Gaston Monnerville prend la parole \u00e0 la tribune du S\u00e9nat, au Palais du Luxembourg, \u00e0 Paris. Le pr\u00e9sident de la R\u00e9publique, Charles de Gaulle, vient d&#8217;annoncer un r\u00e9f\u00e9rendum pour faire \u00e9lire le pr\u00e9sident au suffrage universel direct, en s&#8217;appuyant sur l&#8217;article 11 de la Constitution plut\u00f4t que sur la proc\u00e9dure de r\u00e9vision pr\u00e9vue \u00e0 l&#8217;article 89. Il d\u00e9nonce ce choix devant les s\u00e9nateurs. Selon plusieurs comptes rendus concordants de cette s\u00e9ance, il lance au g\u00e9n\u00e9ral de Gaulle une phrase rest\u00e9e c\u00e9l\u00e8bre au S\u00e9nat. \u00ab Non, Monsieur le pr\u00e9sident de la R\u00e9publique, vous n&#8217;avez pas le droit, vous le prenez. \u00bb<\/p>\n<p>Quelques jours plus t\u00f4t, fin septembre 1962, lors d&#8217;un discours \u00e0 Vichy, il avait d\u00e9j\u00e0 annonc\u00e9 son intention de voter non et qualifi\u00e9 la d\u00e9marche du g\u00e9n\u00e9ral de Gaulle de \u00ab forfaiture \u00bb. Ce mot marquera durablement les d\u00e9bats de la Ve R\u00e9publique naissante. Le 1er octobre 1962, malgr\u00e9 cet affrontement ouvert avec l&#8217;ex\u00e9cutif, les s\u00e9nateurs r\u00e9\u00e9lisent Gaston Monnerville \u00e0 <a href=\"https:\/\/www.senat.fr\/connaitre-le-senat\/lhistoire-du-senat\/societe-des-amis\/biographie-de-gaston-monnerville\/biographie-complete-de-gaston-monnerville.html\" target=\"_blank\" rel=\"noopener noreferrer nofollow\">la pr\u00e9sidence du S\u00e9nat<\/a>. Le r\u00e9f\u00e9rendum, lui, se tient quelques semaines plus tard et la r\u00e9forme est finalement adopt\u00e9e par les Fran\u00e7ais.<\/p>\t\t\t\t\t\t\t\t<\/div>\n\t\t\t\t<\/div>\n\t\t\t\t\t<\/div>\n\t\t<\/div>\n\t\t\t\t\t<\/div>\n\t\t<\/section>\n\t\t\t\t<section class=\"elementor-section elementor-top-section elementor-element elementor-element-239e3f1 elementor-section-boxed elementor-section-height-default elementor-section-height-default\" data-id=\"239e3f1\" data-element_type=\"section\">\n\t\t\t\t\t\t<div class=\"elementor-container elementor-column-gap-default\">\n\t\t\t\t\t<div class=\"elementor-column elementor-col-100 elementor-top-column elementor-element elementor-element-23bbb95\" data-id=\"23bbb95\" data-element_type=\"column\">\n\t\t\t<div class=\"elementor-widget-wrap elementor-element-populated\">\n\t\t\t\t\t\t<div class=\"elementor-element elementor-element-cbede67 elementor-widget elementor-widget-heading\" data-id=\"cbede67\" data-element_type=\"widget\" data-widget_type=\"heading.default\">\n\t\t\t\t<div class=\"elementor-widget-container\">\n\t\t\t\t\t<h2 class=\"elementor-heading-title elementor-size-default\">De Cayenne \u00e0 Toulouse, une famille qui mise sur l'\u00e9cole<\/h2>\t\t\t\t<\/div>\n\t\t\t\t<\/div>\n\t\t\t\t<section class=\"elementor-section elementor-inner-section elementor-element elementor-element-3769def elementor-section-boxed elementor-section-height-default elementor-section-height-default\" data-id=\"3769def\" data-element_type=\"section\">\n\t\t\t\t\t\t<div class=\"elementor-container elementor-column-gap-default\">\n\t\t\t\t\t<div class=\"elementor-column elementor-col-100 elementor-inner-column elementor-element elementor-element-64056af\" data-id=\"64056af\" data-element_type=\"column\">\n\t\t\t<div class=\"elementor-widget-wrap elementor-element-populated\">\n\t\t\t\t\t\t<div class=\"elementor-element elementor-element-7dfdf88 elementor-widget elementor-widget-text-editor\" data-id=\"7dfdf88\" data-element_type=\"widget\" data-widget_type=\"text-editor.default\">\n\t\t\t\t<div class=\"elementor-widget-container\">\n\t\t\t\t\t\t\t\t\t<p>Gaston Monnerville na\u00eet le 2 janvier 1897 \u00e0 Cayenne, en Guyane, fils de Marc Saint-Yves Monnerville et de Marie-Fran\u00e7oise Orville. Sa m\u00e8re a d\u00e9j\u00e0 perdu deux enfants lorsqu&#8217;elle accepte, en 1912, d&#8217;envoyer Gaston Monnerville et son fr\u00e8re Pierre \u00e9tudier en m\u00e9tropole, \u00e0 des milliers de kilom\u00e8tres de la Guyane. Il entre alors au lyc\u00e9e Pierre Fermat, \u00e0 Toulouse, en France. Cette d\u00e9cision familiale, un vrai sacrifice pour l&#8217;\u00e9poque, ouvre la voie \u00e0 des \u00e9tudes de droit.<\/p>\n<p>Du c\u00f4t\u00e9 de sa m\u00e8re, il a des racines martiniquaises. Son oncle maternel, Saint-Just Orville, a \u00e9t\u00e9 maire de Case-Pilote, en Martinique. Ce lien restera pr\u00e9sent tout au long de sa vie. Pendant la R\u00e9sistance, il choisit justement le pseudonyme \u00ab Saint-Just \u00bb en hommage \u00e0 cet oncle martiniquais.<\/p>\t\t\t\t\t\t\t\t<\/div>\n\t\t\t\t<\/div>\n\t\t\t\t\t<\/div>\n\t\t<\/div>\n\t\t\t\t\t<\/div>\n\t\t<\/section>\n\t\t\t\t\t<\/div>\n\t\t<\/div>\n\t\t\t\t\t<\/div>\n\t\t<\/section>\n\t\t\t\t<section class=\"elementor-section elementor-top-section elementor-element elementor-element-64ec9b4 elementor-section-boxed elementor-section-height-default elementor-section-height-default\" data-id=\"64ec9b4\" data-element_type=\"section\">\n\t\t\t\t\t\t<div class=\"elementor-container elementor-column-gap-default\">\n\t\t\t\t\t<div class=\"elementor-column elementor-col-100 elementor-top-column elementor-element elementor-element-045f298\" data-id=\"045f298\" data-element_type=\"column\">\n\t\t\t<div class=\"elementor-widget-wrap elementor-element-populated\">\n\t\t\t\t\t\t<div class=\"elementor-element elementor-element-bba0626 elementor-widget elementor-widget-heading\" data-id=\"bba0626\" data-element_type=\"widget\" data-widget_type=\"heading.default\">\n\t\t\t\t<div class=\"elementor-widget-container\">\n\t\t\t\t\t<h2 class=\"elementor-heading-title elementor-size-default\">Un avocat guyanais au barreau de Paris<\/h2>\t\t\t\t<\/div>\n\t\t\t\t<\/div>\n\t\t\t\t<div class=\"elementor-element elementor-element-8a3ac78 elementor-widget elementor-widget-text-editor\" data-id=\"8a3ac78\" data-element_type=\"widget\" data-widget_type=\"text-editor.default\">\n\t\t\t\t<div class=\"elementor-widget-container\">\n\t\t\t\t\t\t\t\t\t<p>Gaston Monnerville obtient sa licence en lettres puis un doctorat en droit \u00e0 l&#8217;universit\u00e9 de Toulouse, en 1921, avec une th\u00e8se sur l&#8217;enrichissement sans cause. Il s&#8217;inscrit au barreau de Toulouse d\u00e8s 1918, puis au barreau de Paris en 1921. Il rejoint ensuite le cabinet de l&#8217;avocat C\u00e9sar Campinchi, o\u00f9 il travaille pendant huit ans. En 1931, il d\u00e9fend avec succ\u00e8s des Guyanais accus\u00e9s dans l&#8217;affaire Galmot, une plaidoirie qui le fait conna\u00eetre au-del\u00e0 du barreau.<\/p>\t\t\t\t\t\t\t\t<\/div>\n\t\t\t\t<\/div>\n\t\t\t\t<div class=\"elementor-element elementor-element-807b2ec elementor-widget elementor-widget-image\" data-id=\"807b2ec\" data-element_type=\"widget\" data-widget_type=\"image.default\">\n\t\t\t\t<div class=\"elementor-widget-container\">\n\t\t\t\t\t\t\t\t\t\t\t\t<figure class=\"wp-caption\">\n\t\t\t\t\t\t\t\t\t\t<img decoding=\"async\" width=\"683\" height=\"1024\" src=\"https:\/\/richeskarayib.com\/wp-content\/uploads\/2026\/09\/gaston-monnerville-paris-rue-683x1024.jpg\" class=\"attachment-large size-large wp-image-79417\" alt=\"Gaston Monnerville, wearing a suit, in a Paris street next to a car\" srcset=\"https:\/\/richeskarayib.com\/wp-content\/uploads\/2026\/09\/gaston-monnerville-paris-rue-683x1024.jpg 683w, https:\/\/richeskarayib.com\/wp-content\/uploads\/2026\/09\/gaston-monnerville-paris-rue-200x300.jpg 200w, https:\/\/richeskarayib.com\/wp-content\/uploads\/2026\/09\/gaston-monnerville-paris-rue-768x1152.jpg 768w, https:\/\/richeskarayib.com\/wp-content\/uploads\/2026\/09\/gaston-monnerville-paris-rue.jpg 797w\" sizes=\"(max-width: 683px) 100vw, 683px\" \/>\t\t\t\t\t\t\t\t\t\t\t<figcaption class=\"widget-image-caption wp-caption-text\">Gaston Monnerville joined the Paris Bar in 1921.<\/figcaption>\n\t\t\t\t\t\t\t\t\t\t<\/figure>\n\t\t\t\t\t\t\t\t\t<\/div>\n\t\t\t\t<\/div>\n\t\t\t\t\t<\/div>\n\t\t<\/div>\n\t\t\t\t\t<\/div>\n\t\t<\/section>\n\t\t\t\t<section class=\"elementor-section elementor-top-section elementor-element elementor-element-a0d1050 elementor-section-boxed elementor-section-height-default elementor-section-height-default\" data-id=\"a0d1050\" data-element_type=\"section\">\n\t\t\t\t\t\t<div class=\"elementor-container elementor-column-gap-default\">\n\t\t\t\t\t<div class=\"elementor-column elementor-col-100 elementor-top-column elementor-element elementor-element-c2326c6\" data-id=\"c2326c6\" data-element_type=\"column\">\n\t\t\t<div class=\"elementor-widget-wrap elementor-element-populated\">\n\t\t\t\t\t\t<div class=\"elementor-element elementor-element-a00c312 elementor-widget elementor-widget-heading\" data-id=\"a00c312\" data-element_type=\"widget\" data-widget_type=\"heading.default\">\n\t\t\t\t<div class=\"elementor-widget-container\">\n\t\t\t\t\t<h2 class=\"elementor-heading-title elementor-size-default\">De la mairie de Cayenne \u00e0 la R\u00e9sistance sous le nom de Saint-Just<\/h2>\t\t\t\t<\/div>\n\t\t\t\t<\/div>\n\t\t\t\t<div class=\"elementor-element elementor-element-2d860a0 elementor-widget elementor-widget-text-editor\" data-id=\"2d860a0\" data-element_type=\"widget\" data-widget_type=\"text-editor.default\">\n\t\t\t\t<div class=\"elementor-widget-container\">\n\t\t\t\t\t\t\t\t\t<p>Gaston Monnerville est \u00e9lu d\u00e9put\u00e9 de la Guyane en 1932, puis r\u00e9\u00e9lu en 1936. En 1935, il devient \u00e9galement maire de Cayenne, en Guyane. De 1937 \u00e0 1938, il occupe \u00e0 deux reprises la fonction de sous-secr\u00e9taire d&#8217;\u00c9tat aux Colonies, dans les derniers gouvernements de la IIIe R\u00e9publique.<\/p><p>Quand la Seconde Guerre mondiale \u00e9clate, Gaston Monnerville s&#8217;engage volontairement dans la Marine, le 7 septembre 1939. Il sert comme officier de justice sur le cuirass\u00e9 Provence lors de la bataille de Mers-el-K\u00e9bir, le 3 juillet 1940. D\u00e9mobilis\u00e9, il rejoint ensuite la R\u00e9sistance. De d\u00e9cembre 1942 \u00e0 septembre 1944, il commande des maquisards F.F.I. en Auvergne sous le pseudonyme de Saint-Just. Cet engagement lui vaut la croix de Guerre 1939-1945 et la Rosette de la R\u00e9sistance.<\/p>\t\t\t\t\t\t\t\t<\/div>\n\t\t\t\t<\/div>\n\t\t\t\t\t<\/div>\n\t\t<\/div>\n\t\t\t\t\t<\/div>\n\t\t<\/section>\n\t\t\t\t<section class=\"elementor-section elementor-top-section elementor-element elementor-element-32cea72 elementor-section-boxed elementor-section-height-default elementor-section-height-default\" data-id=\"32cea72\" data-element_type=\"section\">\n\t\t\t\t\t\t<div class=\"elementor-container elementor-column-gap-default\">\n\t\t\t\t\t<div class=\"elementor-column elementor-col-100 elementor-top-column elementor-element elementor-element-cb6a5c2\" data-id=\"cb6a5c2\" data-element_type=\"column\">\n\t\t\t<div class=\"elementor-widget-wrap elementor-element-populated\">\n\t\t\t\t\t\t<div class=\"elementor-element elementor-element-f0a3aab elementor-widget elementor-widget-heading\" data-id=\"f0a3aab\" data-element_type=\"widget\" data-widget_type=\"heading.default\">\n\t\t\t\t<div class=\"elementor-widget-container\">\n\t\t\t\t\t<h2 class=\"elementor-heading-title elementor-size-default\">Vingt-deux ans \u00e0 la pr\u00e9sidence de la chambre haute<\/h2>\t\t\t\t<\/div>\n\t\t\t\t<\/div>\n\t\t\t\t<div class=\"elementor-element elementor-element-8088f6e elementor-widget elementor-widget-text-editor\" data-id=\"8088f6e\" data-element_type=\"widget\" data-widget_type=\"text-editor.default\">\n\t\t\t\t<div class=\"elementor-widget-container\">\n\t\t\t\t\t\t\t\t\t<p>\u00c0 la Lib\u00e9ration, Gaston Monnerville est d\u00e9sign\u00e9 par la R\u00e9sistance \u00e0 l&#8217;Assembl\u00e9e consultative, le 7 novembre 1944. Il est \u00e9lu au Conseil de la R\u00e9publique le 15 d\u00e9cembre 1946, puis \u00e0 sa pr\u00e9sidence d\u00e8s le 14 mars 1947. Apr\u00e8s une \u00e9lection contest\u00e9e en Guyane, il est \u00e9lu s\u00e9nateur du Lot en novembre 1948, un mandat qu&#8217;il conserve jusqu&#8217;en 1974. En 1958, avec la nouvelle Constitution de la Ve R\u00e9publique, le Conseil de la R\u00e9publique devient le S\u00e9nat, et il en devient le premier pr\u00e9sident.<\/p><p>Gaston Monnerville reste pr\u00e9sident du S\u00e9nat jusqu&#8217;en 1968, soit vingt-deux ans \u00e0 la t\u00eate de la chambre haute du Parlement fran\u00e7ais en comptant sa pr\u00e9sidence du Conseil de la R\u00e9publique. En parall\u00e8le, il pr\u00e9side le conseil g\u00e9n\u00e9ral du Lot de 1951 \u00e0 1970 et devient maire de Saint-C\u00e9r\u00e9, dans le Lot, de 1964 \u00e0 1971. Aucun autre pr\u00e9sident noir n&#8217;a dirig\u00e9 depuis une chambre du Parlement fran\u00e7ais.<\/p>\t\t\t\t\t\t\t\t<\/div>\n\t\t\t\t<\/div>\n\t\t\t\t<div class=\"elementor-element elementor-element-aba4aab elementor-widget elementor-widget-image\" data-id=\"aba4aab\" data-element_type=\"widget\" data-widget_type=\"image.default\">\n\t\t\t\t<div class=\"elementor-widget-container\">\n\t\t\t\t\t\t\t\t\t\t\t\t<figure class=\"wp-caption\">\n\t\t\t\t\t\t\t\t\t\t<img decoding=\"async\" width=\"800\" height=\"559\" src=\"https:\/\/richeskarayib.com\/wp-content\/uploads\/2026\/09\/gaston-monnerville-banquet-discours-1024x716.jpg\" class=\"attachment-large size-large wp-image-79425\" alt=\"Gaston Monnerville seated at a table during a banquet, with a man standing beside him giving a speech\" srcset=\"https:\/\/richeskarayib.com\/wp-content\/uploads\/2026\/09\/gaston-monnerville-banquet-discours-1024x716.jpg 1024w, https:\/\/richeskarayib.com\/wp-content\/uploads\/2026\/09\/gaston-monnerville-banquet-discours-300x210.jpg 300w, https:\/\/richeskarayib.com\/wp-content\/uploads\/2026\/09\/gaston-monnerville-banquet-discours-768x537.jpg 768w, https:\/\/richeskarayib.com\/wp-content\/uploads\/2026\/09\/gaston-monnerville-banquet-discours.jpg 1280w\" sizes=\"(max-width: 800px) 100vw, 800px\" \/>\t\t\t\t\t\t\t\t\t\t\t<figcaption class=\"widget-image-caption wp-caption-text\">Gaston Monnerville at an official banquet.<\/figcaption>\n\t\t\t\t\t\t\t\t\t\t<\/figure>\n\t\t\t\t\t\t\t\t\t<\/div>\n\t\t\t\t<\/div>\n\t\t\t\t\t<\/div>\n\t\t<\/div>\n\t\t\t\t\t<\/div>\n\t\t<\/section>\n\t\t\t\t<section class=\"elementor-section elementor-top-section elementor-element elementor-element-b6339d6 elementor-section-boxed elementor-section-height-default elementor-section-height-default\" data-id=\"b6339d6\" data-element_type=\"section\">\n\t\t\t\t\t\t<div class=\"elementor-container elementor-column-gap-default\">\n\t\t\t\t\t<div class=\"elementor-column elementor-col-100 elementor-top-column elementor-element elementor-element-c02db4b\" data-id=\"c02db4b\" data-element_type=\"column\">\n\t\t\t<div class=\"elementor-widget-wrap elementor-element-populated\">\n\t\t\t\t\t\t<div class=\"elementor-element elementor-element-56f2624 elementor-widget elementor-widget-heading\" data-id=\"56f2624\" data-element_type=\"widget\" data-widget_type=\"heading.default\">\n\t\t\t\t<div class=\"elementor-widget-container\">\n\t\t\t\t\t<h2 class=\"elementor-heading-title elementor-size-default\">Une m\u00e9moire encore \u00e0 raconter<\/h2>\t\t\t\t<\/div>\n\t\t\t\t<\/div>\n\t\t\t\t<div class=\"elementor-element elementor-element-747a6c2 elementor-widget elementor-widget-text-editor\" data-id=\"747a6c2\" data-element_type=\"widget\" data-widget_type=\"text-editor.default\">\n\t\t\t\t<div class=\"elementor-widget-container\">\n\t\t\t\t\t\t\t\t\t<p>En 1974, le pr\u00e9sident du S\u00e9nat de l&#8217;\u00e9poque, Alain Poher, nomme Gaston Monnerville au <a href=\"https:\/\/www.conseil-constitutionnel.fr\/membres\/gaston-monnerville\" target=\"_blank\" rel=\"noopener noreferrer nofollow\">Conseil constitutionnel<\/a>, o\u00f9 il si\u00e8ge jusqu&#8217;en 1983. Il publie aussi ses m\u00e9moires, en deux tomes intitul\u00e9s T\u00e9moignage, ainsi qu&#8217;un livre consacr\u00e9 \u00e0 Georges Clemenceau. Il meurt \u00e0 Paris le 7 novembre 1991, peu avant son quatre-vingt-quinzi\u00e8me anniversaire.<\/p><p>Trente-cinq ans apr\u00e8s sa mort, le S\u00e9nat consacre toujours un dossier complet \u00e0 Gaston Monnerville dans son histoire officielle. <a href=\"https:\/\/richeskarayib.com\/fr\/kalina-de-guyane-histoire-et-transmission\/\">Guyanais<\/a> par sa naissance, martiniquais par sa m\u00e8re, et pendant vingt-deux ans \u00e0 la t\u00eate du S\u00e9nat fran\u00e7ais, il a travers\u00e9 la R\u00e9sistance, la d\u00e9colonisation et l&#8217;un des plus grands affrontements institutionnels de la Ve R\u00e9publique. Son parcours pose une question simple pour la Cara\u00efbe d&#8217;aujourd&#8217;hui. Combien d&#8217;autres trajectoires de cette envergure restent-elles encore \u00e0 raconter ?<\/p>\t\t\t\t\t\t\t\t<\/div>\n\t\t\t\t<\/div>\n\t\t\t\t<div class=\"elementor-element elementor-element-9111be3 elementor-widget elementor-widget-image\" data-id=\"9111be3\" data-element_type=\"widget\" data-widget_type=\"image.default\">\n\t\t\t\t<div class=\"elementor-widget-container\">\n\t\t\t\t\t\t\t\t\t\t\t\t<figure class=\"wp-caption\">\n\t\t\t\t\t\t\t\t\t\t<img loading=\"lazy\" decoding=\"async\" width=\"800\" height=\"531\" src=\"https:\/\/richeskarayib.com\/wp-content\/uploads\/2026\/09\/jardin-luxembourg-paris-1024x680.jpg\" class=\"attachment-large size-large wp-image-79429\" alt=\"The Jardin du Luxembourg in Paris, next to the Palais du Luxembourg, seat of the Senate\" srcset=\"https:\/\/richeskarayib.com\/wp-content\/uploads\/2026\/09\/jardin-luxembourg-paris-1024x680.jpg 1024w, https:\/\/richeskarayib.com\/wp-content\/uploads\/2026\/09\/jardin-luxembourg-paris-300x199.jpg 300w, https:\/\/richeskarayib.com\/wp-content\/uploads\/2026\/09\/jardin-luxembourg-paris-768x510.jpg 768w, https:\/\/richeskarayib.com\/wp-content\/uploads\/2026\/09\/jardin-luxembourg-paris.jpg 1280w\" sizes=\"(max-width: 800px) 100vw, 800px\" \/>\t\t\t\t\t\t\t\t\t\t\t<figcaption class=\"widget-image-caption wp-caption-text\">The Jardin du Luxembourg, adjoining the Palais du Luxembourg, seat of the French Senate.<\/figcaption>\n\t\t\t\t\t\t\t\t\t\t<\/figure>\n\t\t\t\t\t\t\t\t\t<\/div>\n\t\t\t\t<\/div>\n\t\t\t\t\t<\/div>\n\t\t<\/div>\n\t\t\t\t\t<\/div>\n\t\t<\/section>\n\t\t\t\t<section class=\"elementor-section elementor-top-section elementor-element elementor-element-5f11860 elementor-section-boxed elementor-section-height-default elementor-section-height-default\" data-id=\"5f11860\" data-element_type=\"section\">\n\t\t\t\t\t\t<div class=\"elementor-container elementor-column-gap-default\">\n\t\t\t\t\t<div class=\"elementor-column elementor-col-100 elementor-top-column elementor-element elementor-element-71a49b1\" data-id=\"71a49b1\" data-element_type=\"column\">\n\t\t\t<div class=\"elementor-widget-wrap elementor-element-populated\">\n\t\t\t\t\t\t<div class=\"elementor-element elementor-element-8cfc0da elementor-widget elementor-widget-accordion\" data-id=\"8cfc0da\" data-element_type=\"widget\" data-widget_type=\"accordion.default\">\n\t\t\t\t<div class=\"elementor-widget-container\">\n\t\t\t\t\t\t\t<div class=\"elementor-accordion\">\n\t\t\t\t\t\t\t<div class=\"elementor-accordion-item\">\n\t\t\t\t\t<div id=\"elementor-tab-title-1471\" class=\"elementor-tab-title\" data-tab=\"1\" role=\"button\" aria-controls=\"elementor-tab-content-1471\" aria-expanded=\"false\">\n\t\t\t\t\t\t\t\t\t\t\t\t\t<span class=\"elementor-accordion-icon elementor-accordion-icon-left\" aria-hidden=\"true\">\n\t\t\t\t\t\t\t\t\t\t\t\t\t\t\t<span class=\"elementor-accordion-icon-closed\"><i class=\"fas fa-plus\"><\/i><\/span>\n\t\t\t\t\t\t\t\t<span class=\"elementor-accordion-icon-opened\"><i class=\"fas fa-minus\"><\/i><\/span>\n\t\t\t\t\t\t\t\t\t\t\t\t\t\t<\/span>\n\t\t\t\t\t\t\t\t\t\t\t\t<a class=\"elementor-accordion-title\" tabindex=\"0\">Qui est Gaston Monnerville ?<\/a>\n\t\t\t\t\t<\/div>\n\t\t\t\t\t<div id=\"elementor-tab-content-1471\" class=\"elementor-tab-content elementor-clearfix\" data-tab=\"1\" role=\"region\" aria-labelledby=\"elementor-tab-title-1471\"><p>Gaston Monnerville est un avocat et homme politique n\u00e9 le 2 janvier 1897 \u00e0 Cayenne, en Guyane. Il a pr\u00e9sid\u00e9 le S\u00e9nat fran\u00e7ais de 1958 \u00e0 1968, apr\u00e8s avoir pr\u00e9sid\u00e9 le Conseil de la R\u00e9publique de 1947 \u00e0 1958. Il reste \u00e0 ce jour le seul pr\u00e9sident noir d&#8217;une chambre du Parlement fran\u00e7ais. Gaston Monnerville est mort \u00e0 Paris le 7 novembre 1991.<\/p><\/div>\n\t\t\t\t<\/div>\n\t\t\t\t\t\t\t<div class=\"elementor-accordion-item\">\n\t\t\t\t\t<div id=\"elementor-tab-title-1472\" class=\"elementor-tab-title\" data-tab=\"2\" role=\"button\" aria-controls=\"elementor-tab-content-1472\" aria-expanded=\"false\">\n\t\t\t\t\t\t\t\t\t\t\t\t\t<span class=\"elementor-accordion-icon elementor-accordion-icon-left\" aria-hidden=\"true\">\n\t\t\t\t\t\t\t\t\t\t\t\t\t\t\t<span class=\"elementor-accordion-icon-closed\"><i class=\"fas fa-plus\"><\/i><\/span>\n\t\t\t\t\t\t\t\t<span class=\"elementor-accordion-icon-opened\"><i class=\"fas fa-minus\"><\/i><\/span>\n\t\t\t\t\t\t\t\t\t\t\t\t\t\t<\/span>\n\t\t\t\t\t\t\t\t\t\t\t\t<a class=\"elementor-accordion-title\" tabindex=\"0\">Pourquoi Gaston Monnerville s'est-il oppos\u00e9 au g\u00e9n\u00e9ral de Gaulle en 1962 ?<\/a>\n\t\t\t\t\t<\/div>\n\t\t\t\t\t<div id=\"elementor-tab-content-1472\" class=\"elementor-tab-content elementor-clearfix\" data-tab=\"2\" role=\"region\" aria-labelledby=\"elementor-tab-title-1472\"><p>Gaston Monnerville a jug\u00e9 ill\u00e9gal le choix du g\u00e9n\u00e9ral de Gaulle de faire adopter par r\u00e9f\u00e9rendum, via l&#8217;article 11 de la Constitution, l&#8217;\u00e9lection du pr\u00e9sident de la R\u00e9publique au suffrage universel direct, plut\u00f4t que de suivre la proc\u00e9dure de r\u00e9vision pr\u00e9vue \u00e0 l&#8217;article 89. Il a qualifi\u00e9 cette man\u0153uvre de \u00ab forfaiture \u00bb lors d&#8217;un discours fin septembre 1962, puis a r\u00e9affirm\u00e9 son opposition \u00e0 la tribune du S\u00e9nat le 9 octobre 1962.<\/p><\/div>\n\t\t\t\t<\/div>\n\t\t\t\t\t\t\t<div class=\"elementor-accordion-item\">\n\t\t\t\t\t<div id=\"elementor-tab-title-1473\" class=\"elementor-tab-title\" data-tab=\"3\" role=\"button\" aria-controls=\"elementor-tab-content-1473\" aria-expanded=\"false\">\n\t\t\t\t\t\t\t\t\t\t\t\t\t<span class=\"elementor-accordion-icon elementor-accordion-icon-left\" aria-hidden=\"true\">\n\t\t\t\t\t\t\t\t\t\t\t\t\t\t\t<span class=\"elementor-accordion-icon-closed\"><i class=\"fas fa-plus\"><\/i><\/span>\n\t\t\t\t\t\t\t\t<span class=\"elementor-accordion-icon-opened\"><i class=\"fas fa-minus\"><\/i><\/span>\n\t\t\t\t\t\t\t\t\t\t\t\t\t\t<\/span>\n\t\t\t\t\t\t\t\t\t\t\t\t<a class=\"elementor-accordion-title\" tabindex=\"0\">Gaston Monnerville a-t-il un lien avec les Cara\u00efbes au-del\u00e0 de la Guyane ?<\/a>\n\t\t\t\t\t<\/div>\n\t\t\t\t\t<div id=\"elementor-tab-content-1473\" class=\"elementor-tab-content elementor-clearfix\" data-tab=\"3\" role=\"region\" aria-labelledby=\"elementor-tab-title-1473\"><p>Oui. La m\u00e8re de Gaston Monnerville, Marie-Fran\u00e7oise Orville, avait des racines martiniquaises. Son oncle maternel, Saint-Just Orville, a \u00e9t\u00e9 maire de Case-Pilote, en Martinique. Gaston Monnerville a choisi le pseudonyme \u00ab Saint-Just \u00bb pendant la R\u00e9sistance en hommage \u00e0 cet oncle.<\/p><\/div>\n\t\t\t\t<\/div>\n\t\t\t\t\t\t\t\t\t\t<script type=\"application\/ld+json\">{\"@context\":\"https:\\\/\\\/schema.org\",\"@type\":\"FAQPage\",\"mainEntity\":[{\"@type\":\"Question\",\"name\":\"Qui est Gaston Monnerville ?\",\"acceptedAnswer\":{\"@type\":\"Answer\",\"text\":\"<p>Gaston Monnerville est un avocat et homme politique n\\u00e9 le 2 janvier 1897 \\u00e0 Cayenne, en Guyane. Il a pr\\u00e9sid\\u00e9 le S\\u00e9nat fran\\u00e7ais de 1958 \\u00e0 1968, apr\\u00e8s avoir pr\\u00e9sid\\u00e9 le Conseil de la R\\u00e9publique de 1947 \\u00e0 1958. Il reste \\u00e0 ce jour le seul pr\\u00e9sident noir d&#8217;une chambre du Parlement fran\\u00e7ais. Gaston Monnerville est mort \\u00e0 Paris le 7 novembre 1991.<\\\/p>\"}},{\"@type\":\"Question\",\"name\":\"Pourquoi Gaston Monnerville s'est-il oppos\\u00e9 au g\\u00e9n\\u00e9ral de Gaulle en 1962 ?\",\"acceptedAnswer\":{\"@type\":\"Answer\",\"text\":\"<p>Gaston Monnerville a jug\\u00e9 ill\\u00e9gal le choix du g\\u00e9n\\u00e9ral de Gaulle de faire adopter par r\\u00e9f\\u00e9rendum, via l&#8217;article 11 de la Constitution, l&#8217;\\u00e9lection du pr\\u00e9sident de la R\\u00e9publique au suffrage universel direct, plut\\u00f4t que de suivre la proc\\u00e9dure de r\\u00e9vision pr\\u00e9vue \\u00e0 l&#8217;article 89. Il a qualifi\\u00e9 cette man\\u0153uvre de \\u00ab forfaiture \\u00bb lors d&#8217;un discours fin septembre 1962, puis a r\\u00e9affirm\\u00e9 son opposition \\u00e0 la tribune du S\\u00e9nat le 9 octobre 1962.<\\\/p>\"}},{\"@type\":\"Question\",\"name\":\"Gaston Monnerville a-t-il un lien avec les Cara\\u00efbes au-del\\u00e0 de la Guyane ?\",\"acceptedAnswer\":{\"@type\":\"Answer\",\"text\":\"<p>Oui. La m\\u00e8re de Gaston Monnerville, Marie-Fran\\u00e7oise Orville, avait des racines martiniquaises. Son oncle maternel, Saint-Just Orville, a \\u00e9t\\u00e9 maire de Case-Pilote, en Martinique. Gaston Monnerville a choisi le pseudonyme \\u00ab Saint-Just \\u00bb pendant la R\\u00e9sistance en hommage \\u00e0 cet oncle.<\\\/p>\"}}]}<\/script>\n\t\t\t\t\t<\/div>\n\t\t\t\t\t\t<\/div>\n\t\t\t\t<\/div>\n\t\t\t\t\t<\/div>\n\t\t<\/div>\n\t\t\t\t\t<\/div>\n\t\t<\/section>\n\t\t\t\t<\/div>\n\t\t","protected":false},"excerpt":{"rendered":"<p>Gaston Monnerville, n\u00e9 le 2 janvier 1897 \u00e0 Cayenne, en Guyane, pr\u00e9side le S\u00e9nat fran\u00e7ais de 1958 \u00e0 1968. Il reste \u00e0 ce jour le seul pr\u00e9sident noir d&#8217;une chambre du Parlement fran\u00e7ais, une fonction acquise apr\u00e8s un parcours d&#8217;avocat puis de r\u00e9sistant sous l&#8217;Occupation. En 1962, Gaston Monnerville s&#8217;oppose publiquement au g\u00e9n\u00e9ral de Gaulle [&hellip;]<\/p>\n","protected":false},"author":662,"featured_media":79411,"comment_status":"open","ping_status":"closed","sticky":false,"template":"","format":"standard","meta":{"_acf_changed":false,"footnotes":""},"categories":[1468],"tags":[1893,1544,1894],"class_list":["post-79410","post","type-post","status-publish","format-standard","has-post-thumbnail","hentry","category-histoire-patrimoine","tag-gaston-monnerville","tag-guyane-2","tag-senat"],"acf":[],"_links":{"self":[{"href":"https:\/\/richeskarayib.com\/fr\/wp-json\/wp\/v2\/posts\/79410","targetHints":{"allow":["GET"]}}],"collection":[{"href":"https:\/\/richeskarayib.com\/fr\/wp-json\/wp\/v2\/posts"}],"about":[{"href":"https:\/\/richeskarayib.com\/fr\/wp-json\/wp\/v2\/types\/post"}],"author":[{"embeddable":true,"href":"https:\/\/richeskarayib.com\/fr\/wp-json\/wp\/v2\/users\/662"}],"replies":[{"embeddable":true,"href":"https:\/\/richeskarayib.com\/fr\/wp-json\/wp\/v2\/comments?post=79410"}],"version-history":[{"count":0,"href":"https:\/\/richeskarayib.com\/fr\/wp-json\/wp\/v2\/posts\/79410\/revisions"}],"wp:featuredmedia":[{"embeddable":true,"href":"https:\/\/richeskarayib.com\/fr\/wp-json\/wp\/v2\/media\/79411"}],"wp:attachment":[{"href":"https:\/\/richeskarayib.com\/fr\/wp-json\/wp\/v2\/media?parent=79410"}],"wp:term":[{"taxonomy":"category","embeddable":true,"href":"https:\/\/richeskarayib.com\/fr\/wp-json\/wp\/v2\/categories?post=79410"},{"taxonomy":"post_tag","embeddable":true,"href":"https:\/\/richeskarayib.com\/fr\/wp-json\/wp\/v2\/tags?post=79410"}],"curies":[{"name":"wp","href":"https:\/\/api.w.org\/{rel}","templated":true}]}}