{"id":79433,"date":"2026-09-03T10:50:36","date_gmt":"2026-09-03T14:50:36","guid":{"rendered":"https:\/\/richeskarayib.com\/?p=79433"},"modified":"2026-09-03T10:53:06","modified_gmt":"2026-09-03T14:53:06","slug":"histoires-des-cinemas-caribeens-guillaume","status":"publish","type":"post","link":"https:\/\/richeskarayib.com\/fr\/histoires-des-cinemas-caribeens-guillaume\/","title":{"rendered":"S1\/10 &#8211; Histoires des cin\u00e9mas carib\u00e9ens, des premiers jalons \u00e0 la Jama\u00efque. Textes\u00a0:\u00a0Guillaume Robillard.\u00a0Ciclic, 2026."},"content":{"rendered":"\t\t<div data-elementor-type=\"wp-post\" data-elementor-id=\"79433\" class=\"elementor elementor-79433\" data-elementor-post-type=\"post\">\n\t\t\t\t\t\t<section class=\"elementor-section elementor-top-section elementor-element elementor-element-51e627e elementor-section-boxed elementor-section-height-default elementor-section-height-default\" data-id=\"51e627e\" data-element_type=\"section\">\n\t\t\t\t\t\t<div class=\"elementor-container elementor-column-gap-default\">\n\t\t\t\t\t<div class=\"elementor-column elementor-col-100 elementor-top-column elementor-element elementor-element-08472ed\" data-id=\"08472ed\" data-element_type=\"column\">\n\t\t\t<div class=\"elementor-widget-wrap elementor-element-populated\">\n\t\t\t\t\t\t<div class=\"elementor-element elementor-element-f287d91 elementor-widget elementor-widget-text-editor\" data-id=\"f287d91\" data-element_type=\"widget\" data-widget_type=\"text-editor.default\">\n\t\t\t\t<div class=\"elementor-widget-container\">\n\t\t\t\t\t\t\t\t\t<p>Avec ce premier \u00e9pisode, Rich\u00e8s Karayib ouvre une s\u00e9rie en dix volets consacr\u00e9e aux histoires des cin\u00e9mas carib\u00e9ens, \u00e0 partir du travail de Guillaume Robillard, docteur en cin\u00e9ma, enseignant-chercheur, r\u00e9alisateur de documentaires et sp\u00e9cialiste du cin\u00e9ma et de la production artistique antillaise. De Cuba \u00e0 la Jama\u00efque, de la Martinique \u00e0 Cura\u00e7ao, cette chronologie couvre plus de soixante ann\u00e9es de cr\u00e9ation cin\u00e9matographique dans la Cara\u00efbe.<\/p>\t\t\t\t\t\t\t\t<\/div>\n\t\t\t\t<\/div>\n\t\t\t\t<div class=\"elementor-element elementor-element-c2fd940 elementor-widget elementor-widget-text-editor\" data-id=\"c2fd940\" data-element_type=\"widget\" data-widget_type=\"text-editor.default\">\n\t\t\t\t<div class=\"elementor-widget-container\">\n\t\t\t\t\t\t\t\t\t<p>Ce premier volet nous ram\u00e8ne aux ann\u00e9es 1960 et au d\u00e9but des ann\u00e9es 1970, avec Cuba puis la Jama\u00efque, o\u00f9 plusieurs \u0153uvres commencent \u00e0 poser les bases de cin\u00e9matographies profond\u00e9ment li\u00e9es aux r\u00e9alit\u00e9s sociales, culturelles et politiques de leurs territoires. Cet article constitue le premier \u00e9pisode d\u2019une s\u00e9rie de dix, \u00e0 retrouver\u00a0 sur Rich\u00e8s Karayib.<\/p><p>Ainsi, l\u2019histoire des cin\u00e9mas carib\u00e9ens ne commence que dans les ann\u00e9es 1960 alors que des films sont tourn\u00e9s dans la Cara\u00efbe depuis le d\u00e9but du XXe si\u00e8cle, en particulier deux vues des fr\u00e8res Lumi\u00e8re en Martinique en 1902. En effet, il est courant de bien distinguer les films tourn\u00e9s dans la Cara\u00efbe des films faits par des r\u00e9alisatrices et r\u00e9alisateurs des diff\u00e9rentes \u00eeles de cet archipel.<\/p>\t\t\t\t\t\t\t\t<\/div>\n\t\t\t\t<\/div>\n\t\t\t\t<div class=\"elementor-element elementor-element-41a4c64 elementor-widget elementor-widget-text-editor\" data-id=\"41a4c64\" data-element_type=\"widget\" data-widget_type=\"text-editor.default\">\n\t\t\t\t<div class=\"elementor-widget-container\">\n\t\t\t\t\t\t\t\t\t<p class=\"isSelectedEnd\">Quant aux productions de la Jama\u00efque, de Trinidad-et-Tobago et de la R\u00e9publique dominicaine, elles affichent une certaine r\u00e9gularit\u00e9 ponctu\u00e9e de belles surprises tandis que du c\u00f4t\u00e9 d\u2019Ha\u00efti une production semi-professionnelle fut longtemps prolifique et honor\u00e9e d\u2019un public nombreux.<\/p><p>Par ailleurs, en face, quelques petits pays produisent fragilement (Sainte-Lucie, Grenade) ou rarement (Barbade, Porto-Rico) des films dont les pr\u00e9occupations se recoupent avec d\u2019autres cin\u00e9mas de la r\u00e9gion, t\u00e9moignant d\u2019un \u00ab esprit carib\u00e9en \u00bb partag\u00e9 malgr\u00e9 une \u00e9vidente diversit\u00e9 de ces productions.<\/p>\t\t\t\t\t\t\t\t<\/div>\n\t\t\t\t<\/div>\n\t\t\t\t<div class=\"elementor-element elementor-element-91c7b0b elementor-widget elementor-widget-text-editor\" data-id=\"91c7b0b\" data-element_type=\"widget\" data-widget_type=\"text-editor.default\">\n\t\t\t\t<div class=\"elementor-widget-container\">\n\t\t\t\t\t\t\t\t\t<p><span style=\"font-weight: 400;\">Quant au \u00ab cin\u00e9ma antillais \u00bb, \u00e0 savoir de Guadeloupe et de Martinique, il est riche aujourd\u2019hui d\u2019une quarantaine de films, pour les intrigues se d\u00e9roulant majoritairement sur ces deux \u00eeles.<\/span><span style=\"font-weight: 400;\"><br \/><\/span><span style=\"font-weight: 400;\">Enfin, notons que cette chronologie se concentre sur la Cara\u00efbe insulaire, ne prenant ainsi pas en compte des films continentaux, guyanais ou mexicains, par exemple. Fait notable : la plupart des films carib\u00e9ens sont disponibles sur plates-formes de streaming gratuites ou payantes pour le plaisir de toutes et tous.<\/span><\/p>\t\t\t\t\t\t\t\t<\/div>\n\t\t\t\t<\/div>\n\t\t\t\t\t<\/div>\n\t\t<\/div>\n\t\t\t\t\t<\/div>\n\t\t<\/section>\n\t\t\t\t<section class=\"elementor-section elementor-top-section elementor-element elementor-element-ebd13c6 elementor-section-boxed elementor-section-height-default elementor-section-height-default\" data-id=\"ebd13c6\" data-element_type=\"section\">\n\t\t\t\t\t\t<div class=\"elementor-container elementor-column-gap-default\">\n\t\t\t\t\t<div class=\"elementor-column elementor-col-100 elementor-top-column elementor-element elementor-element-68dca9e\" data-id=\"68dca9e\" data-element_type=\"column\">\n\t\t\t<div class=\"elementor-widget-wrap elementor-element-populated\">\n\t\t\t\t\t\t<div class=\"elementor-element elementor-element-5e73943 elementor-widget elementor-widget-heading\" data-id=\"5e73943\" data-element_type=\"widget\" data-widget_type=\"heading.default\">\n\t\t\t\t<div class=\"elementor-widget-container\">\n\t\t\t\t\t<h2 class=\"elementor-heading-title elementor-size-default\">1964: CUBA - CUMBITE, DE TOM\u00c1S GUTI\u00c9RREZ ALEA\n<\/h2>\t\t\t\t<\/div>\n\t\t\t\t<\/div>\n\t\t\t\t<div class=\"elementor-element elementor-element-7ae7c38 elementor-widget elementor-widget-text-editor\" data-id=\"7ae7c38\" data-element_type=\"widget\" data-widget_type=\"text-editor.default\">\n\t\t\t\t<div class=\"elementor-widget-container\">\n\t\t\t\t\t\t\t\t\t<p><span style=\"font-weight: 400;\">Le 3e long-m\u00e9trage de l\u2019incontournable r\u00e9alisateur cubain Tom\u00e1s Guti\u00e9rrez Alea, l\u2019un des co-fondateurs de l\u2019ICAIC (Instituto Cubano del Arte e Industria Cinematogr\u00e1ficos), la c\u00e9l\u00e8bre \u00e9cole de cin\u00e9ma cubaine qui a form\u00e9 des g\u00e9n\u00e9rations de professionnels latino-am\u00e9ricains, est l\u2019adaptation d\u2019un des classiques de la litt\u00e9rature ha\u00eftienne, <\/span><i><span style=\"font-weight: 400;\">Gouverneurs de la ros\u00e9e<\/span><\/i><span style=\"font-weight: 400;\"> de Jacques Roumain. Parti sur l&#8217;i\u0302le de <a href=\"https:\/\/richeskarayib.com\/fr\/cayo-santa-maria-cuba-plages-jardines-del-rey\/\" target=\"_blank\" rel=\"noopener\">Cuba<\/a> o\u00f9 il a travaill\u00e9 dans les champs de cannes, le protagoniste Manuel retourne dans son petit village rural d&#8217;Hai\u0308ti marqu\u00e9 par la se\u0301cheresse. <\/span><\/p>\t\t\t\t\t\t\t\t<\/div>\n\t\t\t\t<\/div>\n\t\t\t\t<div class=\"elementor-element elementor-element-000adbf elementor-widget elementor-widget-text-editor\" data-id=\"000adbf\" data-element_type=\"widget\" data-widget_type=\"text-editor.default\">\n\t\t\t\t<div class=\"elementor-widget-container\">\n\t\t\t\t\t\t\t\t\t<p><span style=\"font-weight: 400;\">Le he\u0301ros se met alors a\u0300 la recherche de l&#8217;eau dont il trouve une source cach\u00e9e. Il ne saura accomplir la mission qu\u2019il s\u2019est octroy\u00e9e, dont il meurt, sans sa dulcin\u00e9e Anna\u00efse et sa m\u00e8re D\u00e9lira. Gr\u00e2ce \u00e0 elles, les habitants prendront conscience de la n\u00e9cessit\u00e9 de faire communaut\u00e9, \u00e0 travers le \u00ab coumbite \u00bb, mot cr\u00e9ole d\u00e9signant le travail collectif bas\u00e9 sur l\u2019entraide, et achemineront l\u2019eau au village. Abordant la question du d\u00e9boisement sauvage marquant fortement l\u2019histoire ha\u00eftienne, le livre a une forte dimension \u00e9cologique g\u00e9n\u00e9reusement retranscrite dans son adaptation cin\u00e9matographique. <\/span><\/p>\t\t\t\t\t\t\t\t<\/div>\n\t\t\t\t<\/div>\n\t\t\t\t<div class=\"elementor-element elementor-element-c008abc elementor-widget elementor-widget-text-editor\" data-id=\"c008abc\" data-element_type=\"widget\" data-widget_type=\"text-editor.default\">\n\t\t\t\t<div class=\"elementor-widget-container\">\n\t\t\t\t\t\t\t\t\t<p><span style=\"font-weight: 400;\">Digne h\u00e9ritier du n\u00e9or\u00e9alisme italien (le r\u00e9alisateur ayant \u00e9tudi\u00e9 le cin\u00e9ma en Italie), ce film oscille entre grand classicisme visuel (composition de la lumi\u00e8re et du cadrage, portraits photog\u00e9niques, fluidit\u00e9 du montage) et cin\u00e9ma du r\u00e9el, en particulier dans une saisissante s\u00e9quence de vaudou (religion africaine maintenue en Ha\u00efti) qui a peu \u00e0 envier au c\u00e9l\u00e8bre documentaire <\/span><i><span style=\"font-weight: 400;\">Divine Horsemen<\/span><\/i><span style=\"font-weight: 400;\"> de la russe Maya Deren (tourn\u00e9 entre 1947 et 1951), qui fait r\u00e9f\u00e9rence sur le sujet. Last but not least : <\/span><i><span style=\"font-weight: 400;\">Cumbite<\/span><\/i><span style=\"font-weight: 400;\"> est l\u2019une des toutes premi\u00e8res adaptations, d\u2019une grande beaut\u00e9, d\u2019une \u0153uvre des litt\u00e9ratures carib\u00e9ennes.<\/span><\/p>\t\t\t\t\t\t\t\t<\/div>\n\t\t\t\t<\/div>\n\t\t\t\t<div class=\"elementor-element elementor-element-52622ae elementor-widget elementor-widget-image\" data-id=\"52622ae\" data-element_type=\"widget\" data-widget_type=\"image.default\">\n\t\t\t\t<div class=\"elementor-widget-container\">\n\t\t\t\t\t\t\t\t\t\t\t\t<figure class=\"wp-caption\">\n\t\t\t\t\t\t\t\t\t\t<img fetchpriority=\"high\" decoding=\"async\" width=\"800\" height=\"450\" src=\"https:\/\/richeskarayib.com\/wp-content\/uploads\/2026\/08\/Cumbite-de-Tomas-Gutierrez-Alea-1964-\u00a9ICAIC-\u2013-Cuba-1024x576.jpg\" class=\"attachment-large size-large wp-image-79147\" alt=\"cin\u00e9mas carib\u00e9ens\" srcset=\"https:\/\/richeskarayib.com\/wp-content\/uploads\/2026\/08\/Cumbite-de-Tomas-Gutierrez-Alea-1964-\u00a9ICAIC-\u2013-Cuba-1024x576.jpg 1024w, https:\/\/richeskarayib.com\/wp-content\/uploads\/2026\/08\/Cumbite-de-Tomas-Gutierrez-Alea-1964-\u00a9ICAIC-\u2013-Cuba-300x169.jpg 300w, https:\/\/richeskarayib.com\/wp-content\/uploads\/2026\/08\/Cumbite-de-Tomas-Gutierrez-Alea-1964-\u00a9ICAIC-\u2013-Cuba-768x432.jpg 768w, https:\/\/richeskarayib.com\/wp-content\/uploads\/2026\/08\/Cumbite-de-Tomas-Gutierrez-Alea-1964-\u00a9ICAIC-\u2013-Cuba-1536x864.jpg 1536w, https:\/\/richeskarayib.com\/wp-content\/uploads\/2026\/08\/Cumbite-de-Tomas-Gutierrez-Alea-1964-\u00a9ICAIC-\u2013-Cuba-2048x1152.jpg 2048w, https:\/\/richeskarayib.com\/wp-content\/uploads\/2026\/08\/Cumbite-de-Tomas-Gutierrez-Alea-1964-\u00a9ICAIC-\u2013-Cuba-1320x743.jpg 1320w\" sizes=\"(max-width: 800px) 100vw, 800px\" \/>\t\t\t\t\t\t\t\t\t\t\t<figcaption class=\"widget-image-caption wp-caption-text\">Cumbite de Tom\u00e1s Guti\u00e9rrez Alea ,1964 \u00a9ICAIC \u2013 Cuba<\/figcaption>\n\t\t\t\t\t\t\t\t\t\t<\/figure>\n\t\t\t\t\t\t\t\t\t<\/div>\n\t\t\t\t<\/div>\n\t\t\t\t<section class=\"elementor-section elementor-inner-section elementor-element elementor-element-6c96afc elementor-section-boxed elementor-section-height-default elementor-section-height-default\" data-id=\"6c96afc\" data-element_type=\"section\">\n\t\t\t\t\t\t<div class=\"elementor-container elementor-column-gap-default\">\n\t\t\t\t\t\t<\/div>\n\t\t<\/section>\n\t\t\t\t\t<\/div>\n\t\t<\/div>\n\t\t\t\t\t<\/div>\n\t\t<\/section>\n\t\t\t\t<section class=\"elementor-section elementor-top-section elementor-element elementor-element-239e3f1 elementor-section-boxed elementor-section-height-default elementor-section-height-default\" data-id=\"239e3f1\" data-element_type=\"section\">\n\t\t\t\t\t\t<div class=\"elementor-container elementor-column-gap-default\">\n\t\t\t\t\t<div class=\"elementor-column elementor-col-100 elementor-top-column elementor-element elementor-element-23bbb95\" data-id=\"23bbb95\" data-element_type=\"column\">\n\t\t\t<div class=\"elementor-widget-wrap elementor-element-populated\">\n\t\t\t\t\t\t<section class=\"elementor-section elementor-inner-section elementor-element elementor-element-e6eeb42 elementor-section-boxed elementor-section-height-default elementor-section-height-default\" data-id=\"e6eeb42\" data-element_type=\"section\">\n\t\t\t\t\t\t<div class=\"elementor-container elementor-column-gap-default\">\n\t\t\t\t\t\t<\/div>\n\t\t<\/section>\n\t\t\t\t<div class=\"elementor-element elementor-element-cbede67 elementor-widget elementor-widget-heading\" data-id=\"cbede67\" data-element_type=\"widget\" data-widget_type=\"heading.default\">\n\t\t\t\t<div class=\"elementor-widget-container\">\n\t\t\t\t\t<h2 class=\"elementor-heading-title elementor-size-default\">1966: CUBA \u2013 LA MORT D\u2019UN BUREAUCRATE (LA MUERTE DE UN BUROCRATA), DE TOM\u00c1S GUTI\u00c9RREZ ALEA<\/h2>\t\t\t\t<\/div>\n\t\t\t\t<\/div>\n\t\t\t\t<section class=\"elementor-section elementor-inner-section elementor-element elementor-element-0495a89 elementor-section-boxed elementor-section-height-default elementor-section-height-default\" data-id=\"0495a89\" data-element_type=\"section\">\n\t\t\t\t\t\t<div class=\"elementor-container elementor-column-gap-default\">\n\t\t\t\t\t\t<\/div>\n\t\t<\/section>\n\t\t\t\t<section class=\"elementor-section elementor-inner-section elementor-element elementor-element-bb9891b elementor-section-boxed elementor-section-height-default elementor-section-height-default\" data-id=\"bb9891b\" data-element_type=\"section\">\n\t\t\t\t\t\t<div class=\"elementor-container elementor-column-gap-default\">\n\t\t\t\t\t\t<\/div>\n\t\t<\/section>\n\t\t\t\t<section class=\"elementor-section elementor-inner-section elementor-element elementor-element-614d188 elementor-section-boxed elementor-section-height-default elementor-section-height-default\" data-id=\"614d188\" data-element_type=\"section\">\n\t\t\t\t\t\t<div class=\"elementor-container elementor-column-gap-default\">\n\t\t\t\t\t\t<\/div>\n\t\t<\/section>\n\t\t\t\t<section class=\"elementor-section elementor-inner-section elementor-element elementor-element-3769def elementor-section-boxed elementor-section-height-default elementor-section-height-default\" data-id=\"3769def\" data-element_type=\"section\">\n\t\t\t\t\t\t<div class=\"elementor-container elementor-column-gap-default\">\n\t\t\t\t\t<div class=\"elementor-column elementor-col-100 elementor-inner-column elementor-element elementor-element-64056af\" data-id=\"64056af\" data-element_type=\"column\">\n\t\t\t<div class=\"elementor-widget-wrap elementor-element-populated\">\n\t\t\t\t\t\t<div class=\"elementor-element elementor-element-7dfdf88 elementor-widget elementor-widget-text-editor\" data-id=\"7dfdf88\" data-element_type=\"widget\" data-widget_type=\"text-editor.default\">\n\t\t\t\t<div class=\"elementor-widget-container\">\n\t\t\t\t\t\t\t\t\t<p><span style=\"font-weight: 400;\">Au tout d\u00e9but du film, on assiste \u00e0 la c\u00e9r\u00e9monie fun\u00e9raire d\u2019un homme qui est enterr\u00e9 avec sa carte de travailleur afin d\u2019honorer son engagement pour le prol\u00e9tariat. Cependant, cette carte s\u2019av\u00e8re \u00eatre un document essentiel pour sa veuve si elle veut obtenir une pension. Devant r\u00e9cup\u00e9rer ce pr\u00e9cieux objet et ne pouvant faire exhumer le corps, un neveu du d\u00e9funt ira jusqu\u2019\u00e0 d\u00e9terrer ill\u00e9galement son oncle, impliquant une s\u00e9rie d\u2019impasses administratives en cascade\u2026 <\/span><\/p>\t\t\t\t\t\t\t\t<\/div>\n\t\t\t\t<\/div>\n\t\t\t\t<div class=\"elementor-element elementor-element-14e3b9e elementor-widget elementor-widget-text-editor\" data-id=\"14e3b9e\" data-element_type=\"widget\" data-widget_type=\"text-editor.default\">\n\t\t\t\t<div class=\"elementor-widget-container\">\n\t\t\t\t\t\t\t\t\t<p><span style=\"font-weight: 400;\">Ce film, influenc\u00e9 par la com\u00e9die italienne des ann\u00e9es 1960, fascine par sa libert\u00e9 formelle (utilisation de photos et de montages acc\u00e9l\u00e9r\u00e9s, entre autres), rare dans les cin\u00e9mas carib\u00e9ens. Par ailleurs, il manifeste une forte intertextualit\u00e9 avec un ensemble de r\u00e9alisateurs, cit\u00e9s au g\u00e9n\u00e9rique (inscrit \u00e0 la machine \u00e0 \u00e9crire sur un papier administratif, en ad\u00e9quation avec le sujet du film) : montage d\u2019archives diverses pour pr\u00e9senter la vie du d\u00e9funt (en \u00e9cho \u00e0 <\/span><i><span style=\"font-weight: 400;\">Citizen Kane<\/span><\/i><span style=\"font-weight: 400;\"> d\u2019Orson Welles), animation en stop motion avec une machine \u00ab broyeuse \u00bb d\u2019hommes (en clin d\u2019oeil aux <\/span><i><span style=\"font-weight: 400;\">Temps Modernes<\/span><\/i><span style=\"font-weight: 400;\"> de Charlie Chaplin), une s\u00e9quence de r\u00eave faisant r\u00e9f\u00e9rence au <\/span><i><span style=\"font-weight: 400;\">Chien andalou<\/span><\/i><span style=\"font-weight: 400;\"> de Luis Bu\u00f1uel, etc. <\/span><\/p>\t\t\t\t\t\t\t\t<\/div>\n\t\t\t\t<\/div>\n\t\t\t\t<div class=\"elementor-element elementor-element-93f2999 elementor-widget elementor-widget-text-editor\" data-id=\"93f2999\" data-element_type=\"widget\" data-widget_type=\"text-editor.default\">\n\t\t\t\t<div class=\"elementor-widget-container\">\n\t\t\t\t\t\t\t\t\t<p><span style=\"font-weight: 400;\">Ce jeu de r\u00e9f\u00e9rences, signe d\u2019une grande culture cin\u00e9philique, n\u2019en fait pourtant pas un film europ\u00e9en ou \u00e9tasunien. En effet, fortement ancr\u00e9e dans la soci\u00e9t\u00e9 cubaine, l\u2019intrigue interroge comment un r\u00e9gime (en l\u2019occurrence de Fidel Castro) peut \u00e0 son tour devenir une bureaucratie \u00ab absurde \u00bb malgr\u00e9 ses intentions de mise \u00e0 mort de la bureaucratie (\u00ab Muerte a la burocracia \u00bb comme indiqu\u00e9 \u00e0 plusieurs reprises dans le film). <\/span><\/p>\t\t\t\t\t\t\t\t<\/div>\n\t\t\t\t<\/div>\n\t\t\t\t<div class=\"elementor-element elementor-element-7e6f423 elementor-widget elementor-widget-text-editor\" data-id=\"7e6f423\" data-element_type=\"widget\" data-widget_type=\"text-editor.default\">\n\t\t\t\t<div class=\"elementor-widget-container\">\n\t\t\t\t\t\t\t\t\t<p><span style=\"font-weight: 400;\">Par ailleurs, l\u2019origine am\u00e9rindienne du protagoniste qui subit les foudres de l\u2019administration, dont la majorit\u00e9 des repr\u00e9sentants est d\u2019origine europ\u00e9enne, indique peut-\u00eatre discr\u00e8tement une hi\u00e9rarchie sociale cubaine \u00ab racialis\u00e9e \u00bb. Cette charge critique sur les limites d\u2019un r\u00e9gime, ou plus largement de la pratique du pouvoir, sera poursuivie dans le non moins c\u00e9l\u00e8bre <\/span><i><span style=\"font-weight: 400;\">M\u00e9moires du sous-d\u00e9veloppement<\/span><\/i><span style=\"font-weight: 400;\"> (1968), le film suivant de ce r\u00e9alisateur, aux accents plus frontalement politiques et qui eut l\u2019honneur d\u2019une projection \u00e0 Cannes Classics en 2016.<\/span><\/p>\t\t\t\t\t\t\t\t<\/div>\n\t\t\t\t<\/div>\n\t\t\t\t\t<\/div>\n\t\t<\/div>\n\t\t\t\t\t<\/div>\n\t\t<\/section>\n\t\t\t\t<div class=\"elementor-element elementor-element-4c47049 elementor-widget elementor-widget-image\" data-id=\"4c47049\" data-element_type=\"widget\" data-widget_type=\"image.default\">\n\t\t\t\t<div class=\"elementor-widget-container\">\n\t\t\t\t\t\t\t\t\t\t\t\t<figure class=\"wp-caption\">\n\t\t\t\t\t\t\t\t\t\t<img decoding=\"async\" width=\"780\" height=\"439\" src=\"https:\/\/richeskarayib.com\/wp-content\/uploads\/2026\/08\/La-Mort-dun-bureaucrate-La-Muerte-de-un-Burocrata-de-Tomas-Gutierrez-Alea1966-\u00a9ICAIC-\u2013-Cuba.jpg\" class=\"attachment-large size-large wp-image-79151\" alt=\"cin\u00e9mas carib\u00e9ens\" srcset=\"https:\/\/richeskarayib.com\/wp-content\/uploads\/2026\/08\/La-Mort-dun-bureaucrate-La-Muerte-de-un-Burocrata-de-Tomas-Gutierrez-Alea1966-\u00a9ICAIC-\u2013-Cuba.jpg 780w, https:\/\/richeskarayib.com\/wp-content\/uploads\/2026\/08\/La-Mort-dun-bureaucrate-La-Muerte-de-un-Burocrata-de-Tomas-Gutierrez-Alea1966-\u00a9ICAIC-\u2013-Cuba-300x169.jpg 300w, https:\/\/richeskarayib.com\/wp-content\/uploads\/2026\/08\/La-Mort-dun-bureaucrate-La-Muerte-de-un-Burocrata-de-Tomas-Gutierrez-Alea1966-\u00a9ICAIC-\u2013-Cuba-768x432.jpg 768w\" sizes=\"(max-width: 780px) 100vw, 780px\" \/>\t\t\t\t\t\t\t\t\t\t\t<figcaption class=\"widget-image-caption wp-caption-text\">La Mort d\u2019un bureaucrate (La Muerte de un Bur\u00f3crata) de Tom\u00e1s Guti\u00e9rrez Alea,1966 \u00a9ICAIC \u2013 Cuba<\/figcaption>\n\t\t\t\t\t\t\t\t\t\t<\/figure>\n\t\t\t\t\t\t\t\t\t<\/div>\n\t\t\t\t<\/div>\n\t\t\t\t<section class=\"elementor-section elementor-inner-section elementor-element elementor-element-8d7ba9d elementor-section-boxed elementor-section-height-default elementor-section-height-default\" data-id=\"8d7ba9d\" data-element_type=\"section\">\n\t\t\t\t\t\t<div class=\"elementor-container elementor-column-gap-default\">\n\t\t\t\t\t\t<\/div>\n\t\t<\/section>\n\t\t\t\t<section class=\"elementor-section elementor-inner-section elementor-element elementor-element-63a0a37 elementor-section-boxed elementor-section-height-default elementor-section-height-default\" data-id=\"63a0a37\" data-element_type=\"section\">\n\t\t\t\t\t\t<div class=\"elementor-container elementor-column-gap-default\">\n\t\t\t\t\t\t<\/div>\n\t\t<\/section>\n\t\t\t\t\t<\/div>\n\t\t<\/div>\n\t\t\t\t\t<\/div>\n\t\t<\/section>\n\t\t\t\t<section class=\"elementor-section elementor-top-section elementor-element elementor-element-64ec9b4 elementor-section-boxed elementor-section-height-default elementor-section-height-default\" data-id=\"64ec9b4\" data-element_type=\"section\">\n\t\t\t\t\t\t<div class=\"elementor-container elementor-column-gap-default\">\n\t\t\t\t\t<div class=\"elementor-column elementor-col-100 elementor-top-column elementor-element elementor-element-045f298\" data-id=\"045f298\" data-element_type=\"column\">\n\t\t\t<div class=\"elementor-widget-wrap elementor-element-populated\">\n\t\t\t\t\t\t<div class=\"elementor-element elementor-element-bba0626 elementor-widget elementor-widget-heading\" data-id=\"bba0626\" data-element_type=\"widget\" data-widget_type=\"heading.default\">\n\t\t\t\t<div class=\"elementor-widget-container\">\n\t\t\t\t\t<h2 class=\"elementor-heading-title elementor-size-default\">1972: JAMA\u00cfQUE \u2013 TOUT, TOUT DE SUITE (THE HARDER THEY COME), DE PERRY HENZELL<\/h2>\t\t\t\t<\/div>\n\t\t\t\t<\/div>\n\t\t\t\t<section class=\"elementor-section elementor-inner-section elementor-element elementor-element-884cadf elementor-section-boxed elementor-section-height-default elementor-section-height-default\" data-id=\"884cadf\" data-element_type=\"section\">\n\t\t\t\t\t\t<div class=\"elementor-container elementor-column-gap-default\">\n\t\t\t\t\t\t<\/div>\n\t\t<\/section>\n\t\t\t\t<div class=\"elementor-element elementor-element-8a3ac78 elementor-widget elementor-widget-text-editor\" data-id=\"8a3ac78\" data-element_type=\"widget\" data-widget_type=\"text-editor.default\">\n\t\t\t\t<div class=\"elementor-widget-container\">\n\t\t\t\t\t\t\t\t\t<p><span style=\"font-weight: 400;\">Ce film marque le d\u00e9but du cin\u00e9ma jama\u00efcain et va poser une \u00ab formule \u00bb largement reprise depuis : valorisation de la musique jama\u00efcaine, en premier lieu le Reggae dont la notori\u00e9t\u00e9 \u00e0 l\u2019\u00e9chelle internationale n\u2019est plus \u00e0 faire, via le parcours du jeune chanteur Ivan (interpr\u00e9t\u00e9 par le c\u00e9l\u00e8bre Jimmy Cliff) \u00e0 la recherche d\u2019un producteur, mais \u00e9galement du cr\u00e9ole jama\u00efcain (langue anglaise m\u00e9tiss\u00e9e, \u00e0 l\u2019accent et au phras\u00e9 caract\u00e9ristiques) comme \u00ab ancrage linguistique \u00bb carib\u00e9en et, enfin, de la figure du h\u00e9ros contestataire face \u00e0 un \u00ab syst\u00e8me \u00bb jug\u00e9 injuste ou r\u00e9pressif. <\/span><\/p>\t\t\t\t\t\t\t\t<\/div>\n\t\t\t\t<\/div>\n\t\t\t\t<div class=\"elementor-element elementor-element-cfad6f1 elementor-widget elementor-widget-text-editor\" data-id=\"cfad6f1\" data-element_type=\"widget\" data-widget_type=\"text-editor.default\">\n\t\t\t\t<div class=\"elementor-widget-container\">\n\t\t\t\t\t\t\t\t\t<p><span style=\"font-weight: 400;\">Le potentiel du tissu urbain (ici, de Kingston) est \u00e9galement mis en avant : le d\u00e9but du film offre certaines des plus belles images de l\u2019\u00e9nergie de cette ville \u00e0 l\u2019\u00e9poque coupl\u00e9es \u00e0 de tr\u00e8s beaux portraits. Par ailleurs, l\u2019architecture \u00ab baroque \u00bb et \u00ab \u00e9clat\u00e9e \u00bb des quartiers mis\u00e9reux est longuement mise en sc\u00e8ne. Face au poids de la religion, se dessine une histoire d\u2019amour marqu\u00e9e par un flirt et un peu de nudit\u00e9. <\/span><\/p>\t\t\t\t\t\t\t\t<\/div>\n\t\t\t\t<\/div>\n\t\t\t\t<div class=\"elementor-element elementor-element-6070ce0 elementor-widget elementor-widget-text-editor\" data-id=\"6070ce0\" data-element_type=\"widget\" data-widget_type=\"text-editor.default\">\n\t\t\t\t<div class=\"elementor-widget-container\">\n\t\t\t\t\t\t\t\t\t<p><span style=\"font-weight: 400;\">La confrontation avec les forces de l\u2019ordre, en particulier \u00e0 travers des gunfights, et la case prison sont \u00e9galement pr\u00e9sentes avec une notable s\u00e9quence de correction physique. Autant d\u2019ingr\u00e9dients qui, \u00e0 l\u2019exception de la figure du rebelle (ou du r\u00e9sistant), sont absolument absents dans le cin\u00e9ma des Antilles fran\u00e7aises (par exemple) pendant pr\u00e8s de trente ans, \u00e0 quelques exceptions pr\u00e8s. Alors qu\u2019il est poursuivi par un policier \u00e0 moto, le protagoniste tire sur ce dernier, sur un mode de contestation de l\u2019ordre \u00e9tabli : s\u2019en suit une course-poursuite en plusieurs temps qui finira dans la mangrove et se conclura sur une plage o\u00f9 il tente de rallier <a href=\"https:\/\/richeskarayib.com\/fr\/viengsay-valdes-heritiere-alicia-alonso\/\" target=\"_blank\" rel=\"noopener\">Cuba<\/a> (\u00eele consid\u00e9r\u00e9e comme \u00e9tant r\u00e9volutionnaire) en tentant de prendre un bateau. <\/span><\/p>\t\t\t\t\t\t\t\t<\/div>\n\t\t\t\t<\/div>\n\t\t\t\t<div class=\"elementor-element elementor-element-733b9fb elementor-widget elementor-widget-text-editor\" data-id=\"733b9fb\" data-element_type=\"widget\" data-widget_type=\"text-editor.default\">\n\t\t\t\t<div class=\"elementor-widget-container\">\n\t\t\t\t\t\t\t\t\t<p><span style=\"font-weight: 400;\">Sur des murs de la ville, on lit des tags du type \u00ab <\/span><i><span style=\"font-weight: 400;\">I was here but I disappear<\/span><\/i><span style=\"font-weight: 400;\"> \u00bb (\u00ab J\u2019\u00e9tais ici mais j\u2019ai disparu \u00bb), autant d\u2019\u00e9vocations qui en font un N\u00e8gre marron (esclave fuyant la plantation) \u00ab moderne \u00bb qui s\u2019oppose \u00e0 une soci\u00e9t\u00e9 o\u00f9 les poss\u00e9dants (les producteurs, par exemple) et les tenants de l\u2019autorit\u00e9 (les commissaires de police) sont subtilement m\u00e9tisses ou blancs face \u00e0 une population noire mis\u00e9reuse qui a soif de confort (\u00ab <\/span><i><span style=\"font-weight: 400;\">You can get it if you really want, you\u2019ll succeed at last<\/span><\/i><span style=\"font-weight: 400;\"> \/ Tu peux l\u2019obtenir si tu le souhaites vraiment, tu r\u00e9ussiras enfin \u00bb dit une chanson du film alors qu\u2019Ivan roule dans une voiture de luxe vol\u00e9e sur un terrain de golf) : une hi\u00e9rarchie sociale \u00ab racialis\u00e9e \u00bb qui fait \u00e9trangement \u00e9cho au pass\u00e9 colonial.<\/span><\/p>\t\t\t\t\t\t\t\t<\/div>\n\t\t\t\t<\/div>\n\t\t\t\t<div class=\"elementor-element elementor-element-0451edd elementor-widget elementor-widget-image\" data-id=\"0451edd\" data-element_type=\"widget\" data-widget_type=\"image.default\">\n\t\t\t\t<div class=\"elementor-widget-container\">\n\t\t\t\t\t\t\t\t\t\t\t\t<figure class=\"wp-caption\">\n\t\t\t\t\t\t\t\t\t\t<img decoding=\"async\" width=\"800\" height=\"450\" src=\"https:\/\/richeskarayib.com\/wp-content\/uploads\/2026\/08\/tout-tout-de-suite-the-harder-they-come-de-perry-henzell-1972-perry-henzell-1024x576.jpg\" class=\"attachment-large size-large wp-image-79155\" alt=\"cin\u00e9mas carib\u00e9ens\" srcset=\"https:\/\/richeskarayib.com\/wp-content\/uploads\/2026\/08\/tout-tout-de-suite-the-harder-they-come-de-perry-henzell-1972-perry-henzell-1024x576.jpg 1024w, https:\/\/richeskarayib.com\/wp-content\/uploads\/2026\/08\/tout-tout-de-suite-the-harder-they-come-de-perry-henzell-1972-perry-henzell-300x169.jpg 300w, https:\/\/richeskarayib.com\/wp-content\/uploads\/2026\/08\/tout-tout-de-suite-the-harder-they-come-de-perry-henzell-1972-perry-henzell-768x432.jpg 768w, https:\/\/richeskarayib.com\/wp-content\/uploads\/2026\/08\/tout-tout-de-suite-the-harder-they-come-de-perry-henzell-1972-perry-henzell-1536x865.jpg 1536w, https:\/\/richeskarayib.com\/wp-content\/uploads\/2026\/08\/tout-tout-de-suite-the-harder-they-come-de-perry-henzell-1972-perry-henzell-2048x1153.jpg 2048w, https:\/\/richeskarayib.com\/wp-content\/uploads\/2026\/08\/tout-tout-de-suite-the-harder-they-come-de-perry-henzell-1972-perry-henzell-1320x743.jpg 1320w\" sizes=\"(max-width: 800px) 100vw, 800px\" \/>\t\t\t\t\t\t\t\t\t\t\t<figcaption class=\"widget-image-caption wp-caption-text\">Tout, tout de suite (The Harder They Come) de Perry Henzell , 1972 \u00a9Perry Henzell-International Films Ltd\/Agn\u00e8s B\/Potemkine \u2013 Jama\u00efque<\/figcaption>\n\t\t\t\t\t\t\t\t\t\t<\/figure>\n\t\t\t\t\t\t\t\t\t<\/div>\n\t\t\t\t<\/div>\n\t\t\t\t<section class=\"elementor-section elementor-inner-section elementor-element elementor-element-8d6d28a elementor-section-boxed elementor-section-height-default elementor-section-height-default\" data-id=\"8d6d28a\" data-element_type=\"section\">\n\t\t\t\t\t\t<div class=\"elementor-container elementor-column-gap-default\">\n\t\t\t\t\t\t<\/div>\n\t\t<\/section>\n\t\t\t\t<section class=\"elementor-section elementor-inner-section elementor-element elementor-element-6a7c81c elementor-section-boxed elementor-section-height-default elementor-section-height-default\" data-id=\"6a7c81c\" data-element_type=\"section\">\n\t\t\t\t\t\t<div class=\"elementor-container elementor-column-gap-default\">\n\t\t\t\t\t\t<\/div>\n\t\t<\/section>\n\t\t\t\t<section class=\"elementor-section elementor-inner-section elementor-element elementor-element-b7d3e3e elementor-section-boxed elementor-section-height-default elementor-section-height-default\" data-id=\"b7d3e3e\" data-element_type=\"section\">\n\t\t\t\t\t\t<div class=\"elementor-container elementor-column-gap-default\">\n\t\t\t\t\t\t<\/div>\n\t\t<\/section>\n\t\t\t\t<section class=\"elementor-section elementor-inner-section elementor-element elementor-element-62a6a8b elementor-section-boxed elementor-section-height-default elementor-section-height-default\" data-id=\"62a6a8b\" data-element_type=\"section\">\n\t\t\t\t\t\t<div class=\"elementor-container elementor-column-gap-default\">\n\t\t\t\t\t\t<\/div>\n\t\t<\/section>\n\t\t\t\t<section class=\"elementor-section elementor-inner-section elementor-element elementor-element-f8ebb80 elementor-section-boxed elementor-section-height-default elementor-section-height-default\" data-id=\"f8ebb80\" data-element_type=\"section\">\n\t\t\t\t\t\t<div class=\"elementor-container elementor-column-gap-default\">\n\t\t\t\t\t\t<\/div>\n\t\t<\/section>\n\t\t\t\t\t<\/div>\n\t\t<\/div>\n\t\t\t\t\t<\/div>\n\t\t<\/section>\n\t\t\t\t<section class=\"elementor-section elementor-top-section elementor-element elementor-element-1d96bc2 elementor-section-boxed elementor-section-height-default elementor-section-height-default\" data-id=\"1d96bc2\" data-element_type=\"section\">\n\t\t\t\t\t\t<div class=\"elementor-container elementor-column-gap-default\">\n\t\t\t\t\t<div class=\"elementor-column elementor-col-100 elementor-top-column elementor-element elementor-element-57245c2\" data-id=\"57245c2\" data-element_type=\"column\">\n\t\t\t<div class=\"elementor-widget-wrap elementor-element-populated\">\n\t\t\t\t\t\t<div class=\"elementor-element elementor-element-2931a39 elementor-widget elementor-widget-heading\" data-id=\"2931a39\" data-element_type=\"widget\" data-widget_type=\"heading.default\">\n\t\t\t\t<div class=\"elementor-widget-container\">\n\t\t\t\t\t<h2 class=\"elementor-heading-title elementor-size-default\">\u00c0 propos de l'auteur :<\/h2>\t\t\t\t<\/div>\n\t\t\t\t<\/div>\n\t\t\t\t<section class=\"elementor-section elementor-inner-section elementor-element elementor-element-2bf07e5 elementor-section-boxed elementor-section-height-default elementor-section-height-default\" data-id=\"2bf07e5\" data-element_type=\"section\">\n\t\t\t\t\t\t<div class=\"elementor-container elementor-column-gap-default\">\n\t\t\t\t\t\t<\/div>\n\t\t<\/section>\n\t\t\t\t<div class=\"elementor-element elementor-element-e026bae elementor-widget elementor-widget-text-editor\" data-id=\"e026bae\" data-element_type=\"widget\" data-widget_type=\"text-editor.default\">\n\t\t\t\t<div class=\"elementor-widget-container\">\n\t\t\t\t\t\t\t\t\t<p><a href=\"https:\/\/upopi.ciclic.fr\/apprendre\/l-histoire-des-images\/histoires-des-cinemas-caribeens\" target=\"_blank\" rel=\"noopener nofollow\">Guillaume Robillard<\/a> est docteur en cin\u00e9ma, enseignant-chercheur, r\u00e9alisateur de documentaires et sp\u00e9cialiste du cin\u00e9ma et de la production artistique antillaise. Il est l&#8217;auteur de deux livres : <em>Conqu\u00eate de l&#8217;espace et du temps : le cin\u00e9ma antillais<\/em> (\u00c9ditions Jannink, &#8220;Hypoth\u00e8ses d&#8217;Art&#8221;, 2023) et <em>Un cin\u00e9ma d\u00e9colonial : les personnages du cin\u00e9ma antillais<\/em> (Presses Universitaires des Antilles, &#8220;Arts et Esth\u00e9tique&#8221;, 2024).<\/p>\t\t\t\t\t\t\t\t<\/div>\n\t\t\t\t<\/div>\n\t\t\t\t<section class=\"elementor-section elementor-inner-section elementor-element elementor-element-e83afc2 elementor-section-boxed elementor-section-height-default elementor-section-height-default\" data-id=\"e83afc2\" data-element_type=\"section\">\n\t\t\t\t\t\t<div class=\"elementor-container elementor-column-gap-default\">\n\t\t\t\t\t\t<\/div>\n\t\t<\/section>\n\t\t\t\t<section class=\"elementor-section elementor-inner-section elementor-element elementor-element-d7dd5b5 elementor-section-boxed elementor-section-height-default elementor-section-height-default\" data-id=\"d7dd5b5\" data-element_type=\"section\">\n\t\t\t\t\t\t<div class=\"elementor-container elementor-column-gap-default\">\n\t\t\t\t\t\t<\/div>\n\t\t<\/section>\n\t\t\t\t<section class=\"elementor-section elementor-inner-section elementor-element elementor-element-0769f3c elementor-section-boxed elementor-section-height-default elementor-section-height-default\" data-id=\"0769f3c\" data-element_type=\"section\">\n\t\t\t\t\t\t<div class=\"elementor-container elementor-column-gap-default\">\n\t\t\t\t\t\t<\/div>\n\t\t<\/section>\n\t\t\t\t<section class=\"elementor-section elementor-inner-section elementor-element elementor-element-5d28027 elementor-section-boxed elementor-section-height-default elementor-section-height-default\" data-id=\"5d28027\" data-element_type=\"section\">\n\t\t\t\t\t\t<div class=\"elementor-container elementor-column-gap-default\">\n\t\t\t\t\t\t<\/div>\n\t\t<\/section>\n\t\t\t\t<section class=\"elementor-section elementor-inner-section elementor-element elementor-element-ae3614b elementor-section-boxed elementor-section-height-default elementor-section-height-default\" data-id=\"ae3614b\" data-element_type=\"section\">\n\t\t\t\t\t\t<div class=\"elementor-container elementor-column-gap-default\">\n\t\t\t\t\t\t<\/div>\n\t\t<\/section>\n\t\t\t\t\t<\/div>\n\t\t<\/div>\n\t\t\t\t\t<\/div>\n\t\t<\/section>\n\t\t\t\t<section class=\"elementor-section elementor-top-section elementor-element elementor-element-d82a3b2 elementor-section-boxed elementor-section-height-default elementor-section-height-default\" data-id=\"d82a3b2\" data-element_type=\"section\">\n\t\t\t\t\t\t<div class=\"elementor-container elementor-column-gap-default\">\n\t\t\t\t\t<div class=\"elementor-column elementor-col-100 elementor-top-column elementor-element elementor-element-4392334\" data-id=\"4392334\" data-element_type=\"column\">\n\t\t\t<div class=\"elementor-widget-wrap elementor-element-populated\">\n\t\t\t\t\t\t<div class=\"elementor-element elementor-element-4fee87e elementor-widget elementor-widget-heading\" data-id=\"4fee87e\" data-element_type=\"widget\" data-widget_type=\"heading.default\">\n\t\t\t\t<div class=\"elementor-widget-container\">\n\t\t\t\t\t<h2 class=\"elementor-heading-title elementor-size-default\">S\u00e9rie Histoires des cin\u00e9mas carib\u00e9ens. \u00c0 suivre prochainement  avec S2\/10.<\/h2>\t\t\t\t<\/div>\n\t\t\t\t<\/div>\n\t\t\t\t<section class=\"elementor-section elementor-inner-section elementor-element elementor-element-c6de5a7 elementor-section-boxed elementor-section-height-default elementor-section-height-default\" data-id=\"c6de5a7\" data-element_type=\"section\">\n\t\t\t\t\t\t<div class=\"elementor-container elementor-column-gap-default\">\n\t\t\t\t\t\t<\/div>\n\t\t<\/section>\n\t\t\t\t<section class=\"elementor-section elementor-inner-section elementor-element elementor-element-6cdfc63 elementor-section-boxed elementor-section-height-default elementor-section-height-default\" data-id=\"6cdfc63\" data-element_type=\"section\">\n\t\t\t\t\t\t<div class=\"elementor-container elementor-column-gap-default\">\n\t\t\t\t\t\t<\/div>\n\t\t<\/section>\n\t\t\t\t<section class=\"elementor-section elementor-inner-section elementor-element elementor-element-740f7a3 elementor-section-boxed elementor-section-height-default elementor-section-height-default\" data-id=\"740f7a3\" data-element_type=\"section\">\n\t\t\t\t\t\t<div class=\"elementor-container elementor-column-gap-default\">\n\t\t\t\t\t\t<\/div>\n\t\t<\/section>\n\t\t\t\t<section class=\"elementor-section elementor-inner-section elementor-element elementor-element-d5de8da elementor-section-boxed elementor-section-height-default elementor-section-height-default\" data-id=\"d5de8da\" data-element_type=\"section\">\n\t\t\t\t\t\t<div class=\"elementor-container elementor-column-gap-default\">\n\t\t\t\t\t\t<\/div>\n\t\t<\/section>\n\t\t\t\t<section class=\"elementor-section elementor-inner-section elementor-element elementor-element-7f3db92 elementor-section-boxed elementor-section-height-default elementor-section-height-default\" data-id=\"7f3db92\" data-element_type=\"section\">\n\t\t\t\t\t\t<div class=\"elementor-container elementor-column-gap-default\">\n\t\t\t\t\t\t<\/div>\n\t\t<\/section>\n\t\t\t\t<section class=\"elementor-section elementor-inner-section elementor-element elementor-element-d2c28ac elementor-section-boxed elementor-section-height-default elementor-section-height-default\" data-id=\"d2c28ac\" data-element_type=\"section\">\n\t\t\t\t\t\t<div class=\"elementor-container elementor-column-gap-default\">\n\t\t\t\t\t\t<\/div>\n\t\t<\/section>\n\t\t\t\t\t<\/div>\n\t\t<\/div>\n\t\t\t\t\t<\/div>\n\t\t<\/section>\n\t\t\t\t<section class=\"elementor-section elementor-top-section elementor-element elementor-element-f384b87 elementor-section-boxed elementor-section-height-default elementor-section-height-default\" data-id=\"f384b87\" data-element_type=\"section\">\n\t\t\t\t\t\t<div class=\"elementor-container elementor-column-gap-default\">\n\t\t\t\t\t<div class=\"elementor-column elementor-col-100 elementor-top-column elementor-element elementor-element-9bb82e5\" data-id=\"9bb82e5\" data-element_type=\"column\">\n\t\t\t<div class=\"elementor-widget-wrap elementor-element-populated\">\n\t\t\t\t\t\t<section class=\"elementor-section elementor-inner-section elementor-element elementor-element-89f0a0b elementor-section-boxed elementor-section-height-default elementor-section-height-default\" data-id=\"89f0a0b\" data-element_type=\"section\">\n\t\t\t\t\t\t<div class=\"elementor-container elementor-column-gap-default\">\n\t\t\t\t\t\t<\/div>\n\t\t<\/section>\n\t\t\t\t<section class=\"elementor-section elementor-inner-section elementor-element elementor-element-f7d6f42 elementor-section-boxed elementor-section-height-default elementor-section-height-default\" data-id=\"f7d6f42\" data-element_type=\"section\">\n\t\t\t\t\t\t<div class=\"elementor-container elementor-column-gap-default\">\n\t\t\t\t\t\t<\/div>\n\t\t<\/section>\n\t\t\t\t<section class=\"elementor-section elementor-inner-section elementor-element elementor-element-02b5dc3 elementor-section-boxed elementor-section-height-default elementor-section-height-default\" data-id=\"02b5dc3\" data-element_type=\"section\">\n\t\t\t\t\t\t<div class=\"elementor-container elementor-column-gap-default\">\n\t\t\t\t\t\t<\/div>\n\t\t<\/section>\n\t\t\t\t\t<\/div>\n\t\t<\/div>\n\t\t\t\t\t<\/div>\n\t\t<\/section>\n\t\t\t\t<\/div>\n\t\t","protected":false},"excerpt":{"rendered":"<p>Avec ce premier \u00e9pisode, Rich\u00e8s Karayib ouvre une s\u00e9rie en dix volets consacr\u00e9e aux histoires des cin\u00e9mas carib\u00e9ens, \u00e0 partir du travail de Guillaume Robillard, docteur en cin\u00e9ma, enseignant-chercheur, r\u00e9alisateur de documentaires et sp\u00e9cialiste du cin\u00e9ma et de la production artistique antillaise. De Cuba \u00e0 la Jama\u00efque, de la Martinique \u00e0 Cura\u00e7ao, cette chronologie couvre [&hellip;]<\/p>\n","protected":false},"author":662,"featured_media":79143,"comment_status":"open","ping_status":"closed","sticky":false,"template":"","format":"standard","meta":{"_acf_changed":false,"footnotes":""},"categories":[1504],"tags":[1573,1693],"class_list":["post-79433","post","type-post","status-publish","format-standard","has-post-thumbnail","hentry","category-film-et-video","tag-cuba-fr","tag-jamaique-2"],"acf":[],"_links":{"self":[{"href":"https:\/\/richeskarayib.com\/fr\/wp-json\/wp\/v2\/posts\/79433","targetHints":{"allow":["GET"]}}],"collection":[{"href":"https:\/\/richeskarayib.com\/fr\/wp-json\/wp\/v2\/posts"}],"about":[{"href":"https:\/\/richeskarayib.com\/fr\/wp-json\/wp\/v2\/types\/post"}],"author":[{"embeddable":true,"href":"https:\/\/richeskarayib.com\/fr\/wp-json\/wp\/v2\/users\/662"}],"replies":[{"embeddable":true,"href":"https:\/\/richeskarayib.com\/fr\/wp-json\/wp\/v2\/comments?post=79433"}],"version-history":[{"count":0,"href":"https:\/\/richeskarayib.com\/fr\/wp-json\/wp\/v2\/posts\/79433\/revisions"}],"wp:attachment":[{"href":"https:\/\/richeskarayib.com\/fr\/wp-json\/wp\/v2\/media?parent=79433"}],"wp:term":[{"taxonomy":"category","embeddable":true,"href":"https:\/\/richeskarayib.com\/fr\/wp-json\/wp\/v2\/categories?post=79433"},{"taxonomy":"post_tag","embeddable":true,"href":"https:\/\/richeskarayib.com\/fr\/wp-json\/wp\/v2\/tags?post=79433"}],"curies":[{"name":"wp","href":"https:\/\/api.w.org\/{rel}","templated":true}]}}