{"id":79440,"date":"2026-09-04T02:00:43","date_gmt":"2026-09-04T06:00:43","guid":{"rendered":"https:\/\/richeskarayib.com\/?p=79440"},"modified":"2026-09-04T02:52:40","modified_gmt":"2026-09-04T06:52:40","slug":"pico-duarte-plus-haut-sommet-caraibe","status":"publish","type":"post","link":"https:\/\/richeskarayib.com\/fr\/pico-duarte-plus-haut-sommet-caraibe\/","title":{"rendered":"Pico Duarte : 3 101 m\u00e8tres, le sommet de toute la Cara\u00efbe"},"content":{"rendered":"\t\t<div data-elementor-type=\"wp-post\" data-elementor-id=\"79440\" class=\"elementor elementor-79440\" data-elementor-post-type=\"post\">\n\t\t\t\t\t\t<section class=\"elementor-section elementor-top-section elementor-element elementor-element-51e627e elementor-section-boxed elementor-section-height-default elementor-section-height-default\" data-id=\"51e627e\" data-element_type=\"section\">\n\t\t\t\t\t\t<div class=\"elementor-container elementor-column-gap-default\">\n\t\t\t\t\t<div class=\"elementor-column elementor-col-100 elementor-top-column elementor-element elementor-element-08472ed\" data-id=\"08472ed\" data-element_type=\"column\">\n\t\t\t<div class=\"elementor-widget-wrap elementor-element-populated\">\n\t\t\t\t\t\t<div class=\"elementor-element elementor-element-f287d91 elementor-widget elementor-widget-text-editor\" data-id=\"f287d91\" data-element_type=\"widget\" data-widget_type=\"text-editor.default\">\n\t\t\t\t<div class=\"elementor-widget-container\">\n\t\t\t\t\t\t\t\t\t<p>Au petit matin, \u00e0 La Ci\u00e9naga, dans la Cordill\u00e8re centrale de la R\u00e9publique dominicaine, <a href=\"https:\/\/richeskarayib.com\/fr\/chutes-voltaire-70-km-de-piste-en-guyane\/\">les randonneurs chargent les mules<\/a> avant de s&#8217;enfoncer dans la for\u00eat. Le sentier grimpe vite. La v\u00e9g\u00e9tation change avec l&#8217;altitude, du feuillage tropical aux pins, puis \u00e0 la for\u00eat de nuages, jusqu&#8217;\u00e0 des nuits o\u00f9 le froid surprend en pleine Cara\u00efbe. Apr\u00e8s deux ou trois jours de marche, parfois davantage selon la forme des randonneurs et la m\u00e9t\u00e9o, le Pico Duarte appara\u00eet, point culminant de toute la Cara\u00efbe.<\/p>\t\t\t\t\t\t\t\t<\/div>\n\t\t\t\t<\/div>\n\t\t\t\t<div class=\"elementor-element elementor-element-c2fd940 elementor-widget elementor-widget-text-editor\" data-id=\"c2fd940\" data-element_type=\"widget\" data-widget_type=\"text-editor.default\">\n\t\t\t\t<div class=\"elementor-widget-container\">\n\t\t\t\t\t\t\t\t\t<p>Le Pico Duarte, en R\u00e9publique dominicaine, culmine selon le <a href=\"https:\/\/ign.gob.do\/medicion-por-sistema-global-de-navegacion-por-satelite-gnss-de-los-tres-picos-mas-altos-de-las-antillas\/\" target=\"_blank\" rel=\"noopener noreferrer nofollow\">relev\u00e9 GPS de pr\u00e9cision r\u00e9alis\u00e9 en 2021<\/a> \u00e0 3 101,1 m\u00e8tres, quelques m\u00e8tres de plus que le chiffre de 3 087 m\u00e8tres longtemps cit\u00e9 par l&#8217;office de tourisme dominicain. Dans les deux cas, aucun autre sommet de la Cara\u00efbe, \u00e0 Cuba, en Ha\u00efti, en Jama\u00efque ou \u00e0 Porto Rico, ne le d\u00e9passe. Un sommet, pas une plage, pour raconter la R\u00e9publique dominicaine autrement.<\/p>\t\t\t\t\t\t\t\t<\/div>\n\t\t\t\t<\/div>\n\t\t\t\t<section class=\"elementor-section elementor-inner-section elementor-element elementor-element-78169d4 elementor-section-boxed elementor-section-height-default elementor-section-height-default\" data-id=\"78169d4\" data-element_type=\"section\">\n\t\t\t\t\t\t<div class=\"elementor-container elementor-column-gap-default\">\n\t\t\t\t\t<div class=\"elementor-column elementor-col-50 elementor-inner-column elementor-element elementor-element-29addcb\" data-id=\"29addcb\" data-element_type=\"column\">\n\t\t\t<div class=\"elementor-widget-wrap elementor-element-populated\">\n\t\t\t\t\t\t<div class=\"elementor-element elementor-element-d4d2345 elementor-widget elementor-widget-image\" data-id=\"d4d2345\" data-element_type=\"widget\" data-widget_type=\"image.default\">\n\t\t\t\t<div class=\"elementor-widget-container\">\n\t\t\t\t\t\t\t\t\t\t\t\t\t\t\t<img fetchpriority=\"high\" decoding=\"async\" width=\"800\" height=\"531\" src=\"https:\/\/richeskarayib.com\/wp-content\/uploads\/2026\/09\/image-16-1024x680.jpg\" class=\"attachment-large size-large wp-image-79458\" alt=\"For\u00eat de nuages travers\u00e9e lors de l&apos;ascension du Pico Duarte, R\u00e9publique dominicaine\" srcset=\"https:\/\/richeskarayib.com\/wp-content\/uploads\/2026\/09\/image-16-1024x680.jpg 1024w, https:\/\/richeskarayib.com\/wp-content\/uploads\/2026\/09\/image-16-300x199.jpg 300w, https:\/\/richeskarayib.com\/wp-content\/uploads\/2026\/09\/image-16-768x510.jpg 768w, https:\/\/richeskarayib.com\/wp-content\/uploads\/2026\/09\/image-16.jpg 1280w\" sizes=\"(max-width: 800px) 100vw, 800px\" \/>\t\t\t\t\t\t\t\t\t\t\t\t\t\t\t<\/div>\n\t\t\t\t<\/div>\n\t\t\t\t\t<\/div>\n\t\t<\/div>\n\t\t\t\t<div class=\"elementor-column elementor-col-50 elementor-inner-column elementor-element elementor-element-3135f3f\" data-id=\"3135f3f\" data-element_type=\"column\">\n\t\t\t<div class=\"elementor-widget-wrap elementor-element-populated\">\n\t\t\t\t\t\t<div class=\"elementor-element elementor-element-c94dca9 elementor-widget elementor-widget-image\" data-id=\"c94dca9\" data-element_type=\"widget\" data-widget_type=\"image.default\">\n\t\t\t\t<div class=\"elementor-widget-container\">\n\t\t\t\t\t\t\t\t\t\t\t\t\t\t\t<img decoding=\"async\" width=\"800\" height=\"536\" src=\"https:\/\/richeskarayib.com\/wp-content\/uploads\/2026\/09\/image-17-1024x686.jpg\" class=\"attachment-large size-large wp-image-79462\" alt=\"Drapeau dominicain et buste de Juan Pablo Duarte au sommet du Pico Duarte, \u00e0 3 101 m\u00e8tres d&apos;altitude\" srcset=\"https:\/\/richeskarayib.com\/wp-content\/uploads\/2026\/09\/image-17-1024x686.jpg 1024w, https:\/\/richeskarayib.com\/wp-content\/uploads\/2026\/09\/image-17-300x201.jpg 300w, https:\/\/richeskarayib.com\/wp-content\/uploads\/2026\/09\/image-17-768x515.jpg 768w, https:\/\/richeskarayib.com\/wp-content\/uploads\/2026\/09\/image-17.jpg 1280w\" sizes=\"(max-width: 800px) 100vw, 800px\" \/>\t\t\t\t\t\t\t\t\t\t\t\t\t\t\t<\/div>\n\t\t\t\t<\/div>\n\t\t\t\t\t<\/div>\n\t\t<\/div>\n\t\t\t\t\t<\/div>\n\t\t<\/section>\n\t\t\t\t\t<\/div>\n\t\t<\/div>\n\t\t\t\t\t<\/div>\n\t\t<\/section>\n\t\t\t\t<section class=\"elementor-section elementor-top-section elementor-element elementor-element-ebd13c6 elementor-section-boxed elementor-section-height-default elementor-section-height-default\" data-id=\"ebd13c6\" data-element_type=\"section\">\n\t\t\t\t\t\t<div class=\"elementor-container elementor-column-gap-default\">\n\t\t\t\t\t<div class=\"elementor-column elementor-col-100 elementor-top-column elementor-element elementor-element-68dca9e\" data-id=\"68dca9e\" data-element_type=\"column\">\n\t\t\t<div class=\"elementor-widget-wrap elementor-element-populated\">\n\t\t\t\t\t\t<div class=\"elementor-element elementor-element-5e73943 elementor-widget elementor-widget-heading\" data-id=\"5e73943\" data-element_type=\"widget\" data-widget_type=\"heading.default\">\n\t\t\t\t<div class=\"elementor-widget-container\">\n\t\t\t\t\t<h2 class=\"elementor-heading-title elementor-size-default\">Pico Duarte, point culminant de la Cordill\u00e8re centrale<\/h2>\t\t\t\t<\/div>\n\t\t\t\t<\/div>\n\t\t\t\t<div class=\"elementor-element elementor-element-7ae7c38 elementor-widget elementor-widget-text-editor\" data-id=\"7ae7c38\" data-element_type=\"widget\" data-widget_type=\"text-editor.default\">\n\t\t\t\t<div class=\"elementor-widget-container\">\n\t\t\t\t\t\t\t\t\t<p>Le Pico Duarte se trouve \u00e0 cheval sur deux parcs nationaux, le <a href=\"https:\/\/ambiente.gob.do\/parque-nacional-armando-bermudez\/\" target=\"_blank\" rel=\"noopener noreferrer nofollow\">parc national Armando Berm\u00fadez<\/a> et le parc national Jos\u00e9 del Carmen Ram\u00edrez, dans la Cordill\u00e8re centrale, la cha\u00eene montagneuse qui traverse le centre de l&#8217;\u00eele d&#8217;Hispaniola. Ces deux parcs prot\u00e8gent l&#8217;essentiel des for\u00eats de moyenne et haute altitude du pays, un massif que les Dominicains surnomment parfois leurs Alpes tropicales. Une partie des pins qui couvrent les pentes du Pico Duarte appartient \u00e0 une esp\u00e8ce que l&#8217;on ne trouve nulle part ailleurs dans le monde, le pino criollo, Pinus occidentalis, end\u00e9mique de l&#8217;\u00eele.<\/p><p>La mont\u00e9e traverse plusieurs \u00e9tages de v\u00e9g\u00e9tation, for\u00eat tropicale, for\u00eat de pins, puis for\u00eat de nuages, avant d&#8217;atteindre un sommet o\u00f9 les temp\u00e9ratures nocturnes approchent parfois z\u00e9ro degr\u00e9, loin de l&#8217;image tropicale la plus r\u00e9pandue de la R\u00e9publique dominicaine. Cette m\u00eame Cordill\u00e8re centrale donne naissance au Yaque del Norte, le plus long fleuve du pays avec 386 kilom\u00e8tres, qui prend sa source sur ses pentes avant de traverser tout le nord de l&#8217;\u00eele.<\/p>\t\t\t\t\t\t\t\t<\/div>\n\t\t\t\t<\/div>\n\t\t\t\t<div class=\"elementor-element elementor-element-52622ae elementor-widget elementor-widget-image\" data-id=\"52622ae\" data-element_type=\"widget\" data-widget_type=\"image.default\">\n\t\t\t\t<div class=\"elementor-widget-container\">\n\t\t\t\t\t\t\t\t\t\t\t\t\t\t\t<img decoding=\"async\" width=\"800\" height=\"598\" src=\"https:\/\/richeskarayib.com\/wp-content\/uploads\/2026\/09\/image-13-1024x765.jpg\" class=\"attachment-large size-large wp-image-79446\" alt=\"Panorama sur la Cordill\u00e8re centrale depuis le sommet du Pico Duarte, R\u00e9publique dominicaine\" srcset=\"https:\/\/richeskarayib.com\/wp-content\/uploads\/2026\/09\/image-13-1024x765.jpg 1024w, https:\/\/richeskarayib.com\/wp-content\/uploads\/2026\/09\/image-13-300x224.jpg 300w, https:\/\/richeskarayib.com\/wp-content\/uploads\/2026\/09\/image-13-768x574.jpg 768w, https:\/\/richeskarayib.com\/wp-content\/uploads\/2026\/09\/image-13.jpg 1280w\" sizes=\"(max-width: 800px) 100vw, 800px\" \/>\t\t\t\t\t\t\t\t\t\t\t\t\t\t\t<\/div>\n\t\t\t\t<\/div>\n\t\t\t\t<section class=\"elementor-section elementor-inner-section elementor-element elementor-element-6c96afc elementor-section-boxed elementor-section-height-default elementor-section-height-default\" data-id=\"6c96afc\" data-element_type=\"section\">\n\t\t\t\t\t\t<div class=\"elementor-container elementor-column-gap-default\">\n\t\t\t\t\t\t<\/div>\n\t\t<\/section>\n\t\t\t\t\t<\/div>\n\t\t<\/div>\n\t\t\t\t\t<\/div>\n\t\t<\/section>\n\t\t\t\t<section class=\"elementor-section elementor-top-section elementor-element elementor-element-239e3f1 elementor-section-boxed elementor-section-height-default elementor-section-height-default\" data-id=\"239e3f1\" data-element_type=\"section\">\n\t\t\t\t\t\t<div class=\"elementor-container elementor-column-gap-default\">\n\t\t\t\t\t<div class=\"elementor-column elementor-col-100 elementor-top-column elementor-element elementor-element-23bbb95\" data-id=\"23bbb95\" data-element_type=\"column\">\n\t\t\t<div class=\"elementor-widget-wrap elementor-element-populated\">\n\t\t\t\t\t\t<section class=\"elementor-section elementor-inner-section elementor-element elementor-element-e6eeb42 elementor-section-boxed elementor-section-height-default elementor-section-height-default\" data-id=\"e6eeb42\" data-element_type=\"section\">\n\t\t\t\t\t\t<div class=\"elementor-container elementor-column-gap-default\">\n\t\t\t\t\t\t<\/div>\n\t\t<\/section>\n\t\t\t\t<div class=\"elementor-element elementor-element-cbede67 elementor-widget elementor-widget-heading\" data-id=\"cbede67\" data-element_type=\"widget\" data-widget_type=\"heading.default\">\n\t\t\t\t<div class=\"elementor-widget-container\">\n\t\t\t\t\t<h2 class=\"elementor-heading-title elementor-size-default\">Un sommet qui a chang\u00e9 trois fois de nom<\/h2>\t\t\t\t<\/div>\n\t\t\t\t<\/div>\n\t\t\t\t<section class=\"elementor-section elementor-inner-section elementor-element elementor-element-0495a89 elementor-section-boxed elementor-section-height-default elementor-section-height-default\" data-id=\"0495a89\" data-element_type=\"section\">\n\t\t\t\t\t\t<div class=\"elementor-container elementor-column-gap-default\">\n\t\t\t\t\t\t<\/div>\n\t\t<\/section>\n\t\t\t\t<section class=\"elementor-section elementor-inner-section elementor-element elementor-element-bb9891b elementor-section-boxed elementor-section-height-default elementor-section-height-default\" data-id=\"bb9891b\" data-element_type=\"section\">\n\t\t\t\t\t\t<div class=\"elementor-container elementor-column-gap-default\">\n\t\t\t\t\t\t<\/div>\n\t\t<\/section>\n\t\t\t\t<section class=\"elementor-section elementor-inner-section elementor-element elementor-element-614d188 elementor-section-boxed elementor-section-height-default elementor-section-height-default\" data-id=\"614d188\" data-element_type=\"section\">\n\t\t\t\t\t\t<div class=\"elementor-container elementor-column-gap-default\">\n\t\t\t\t\t\t<\/div>\n\t\t<\/section>\n\t\t\t\t<section class=\"elementor-section elementor-inner-section elementor-element elementor-element-3769def elementor-section-boxed elementor-section-height-default elementor-section-height-default\" data-id=\"3769def\" data-element_type=\"section\">\n\t\t\t\t\t\t<div class=\"elementor-container elementor-column-gap-default\">\n\t\t\t\t\t<div class=\"elementor-column elementor-col-100 elementor-inner-column elementor-element elementor-element-64056af\" data-id=\"64056af\" data-element_type=\"column\">\n\t\t\t<div class=\"elementor-widget-wrap elementor-element-populated\">\n\t\t\t\t\t\t<div class=\"elementor-element elementor-element-7dfdf88 elementor-widget elementor-widget-text-editor\" data-id=\"7dfdf88\" data-element_type=\"widget\" data-widget_type=\"text-editor.default\">\n\t\t\t\t<div class=\"elementor-widget-container\">\n\t\t\t\t\t\t\t\t\t<p>Le Pico Duarte n&#8217;a pas toujours port\u00e9 ce nom. En 1851, l&#8217;explorateur germano-britannique Robert Hermann Schomburgk r\u00e9alise la premi\u00e8re ascension recens\u00e9e du sommet et le baptise Monte Tina. Plus tard, le botaniste su\u00e9dois Erik Leonard Ekman, qui explore longuement les montagnes de l&#8217;\u00eele au d\u00e9but du vingti\u00e8me si\u00e8cle, distingue ses deux points hauts sous les noms de Pelona Grande et Pelona Chica.<\/p><p>Sous la dictature de Rafael Trujillo, la montagne devient Pico Trujillo, un nom que le r\u00e9gime impose \u00e0 plusieurs lieux embl\u00e9matiques du pays durant ces ann\u00e9es. Apr\u00e8s la mort du dictateur en 1961, elle est renomm\u00e9e Pico Duarte, en hommage \u00e0 Juan Pablo Duarte, l&#8217;un des p\u00e8res fondateurs de la R\u00e9publique dominicaine, figure de l&#8217;ind\u00e9pendance du pays proclam\u00e9e en 1844. Le nom du plus haut sommet du pays porte ainsi, \u00e0 lui seul, une partie de son histoire politique.<\/p>\t\t\t\t\t\t\t\t<\/div>\n\t\t\t\t<\/div>\n\t\t\t\t\t<\/div>\n\t\t<\/div>\n\t\t\t\t\t<\/div>\n\t\t<\/section>\n\t\t\t\t<div class=\"elementor-element elementor-element-4c47049 elementor-widget elementor-widget-image\" data-id=\"4c47049\" data-element_type=\"widget\" data-widget_type=\"image.default\">\n\t\t\t\t<div class=\"elementor-widget-container\">\n\t\t\t\t\t\t\t\t\t\t\t\t\t\t\t<img loading=\"lazy\" decoding=\"async\" width=\"800\" height=\"530\" src=\"https:\/\/richeskarayib.com\/wp-content\/uploads\/2026\/09\/image-14-1024x678.jpg\" class=\"attachment-large size-large wp-image-79450\" alt=\"Buste de Juan Pablo Duarte au sommet du Pico Duarte, R\u00e9publique dominicaine\" srcset=\"https:\/\/richeskarayib.com\/wp-content\/uploads\/2026\/09\/image-14-1024x678.jpg 1024w, https:\/\/richeskarayib.com\/wp-content\/uploads\/2026\/09\/image-14-300x199.jpg 300w, https:\/\/richeskarayib.com\/wp-content\/uploads\/2026\/09\/image-14-768x509.jpg 768w, https:\/\/richeskarayib.com\/wp-content\/uploads\/2026\/09\/image-14.jpg 1280w\" sizes=\"(max-width: 800px) 100vw, 800px\" \/>\t\t\t\t\t\t\t\t\t\t\t\t\t\t\t<\/div>\n\t\t\t\t<\/div>\n\t\t\t\t<section class=\"elementor-section elementor-inner-section elementor-element elementor-element-8d7ba9d elementor-section-boxed elementor-section-height-default elementor-section-height-default\" data-id=\"8d7ba9d\" data-element_type=\"section\">\n\t\t\t\t\t\t<div class=\"elementor-container elementor-column-gap-default\">\n\t\t\t\t\t\t<\/div>\n\t\t<\/section>\n\t\t\t\t<section class=\"elementor-section elementor-inner-section elementor-element elementor-element-63a0a37 elementor-section-boxed elementor-section-height-default elementor-section-height-default\" data-id=\"63a0a37\" data-element_type=\"section\">\n\t\t\t\t\t\t<div class=\"elementor-container elementor-column-gap-default\">\n\t\t\t\t\t\t<\/div>\n\t\t<\/section>\n\t\t\t\t\t<\/div>\n\t\t<\/div>\n\t\t\t\t\t<\/div>\n\t\t<\/section>\n\t\t\t\t<section class=\"elementor-section elementor-top-section elementor-element elementor-element-64ec9b4 elementor-section-boxed elementor-section-height-default elementor-section-height-default\" data-id=\"64ec9b4\" data-element_type=\"section\">\n\t\t\t\t\t\t<div class=\"elementor-container elementor-column-gap-default\">\n\t\t\t\t\t<div class=\"elementor-column elementor-col-100 elementor-top-column elementor-element elementor-element-045f298\" data-id=\"045f298\" data-element_type=\"column\">\n\t\t\t<div class=\"elementor-widget-wrap elementor-element-populated\">\n\t\t\t\t\t\t<div class=\"elementor-element elementor-element-bba0626 elementor-widget elementor-widget-heading\" data-id=\"bba0626\" data-element_type=\"widget\" data-widget_type=\"heading.default\">\n\t\t\t\t<div class=\"elementor-widget-container\">\n\t\t\t\t\t<h2 class=\"elementor-heading-title elementor-size-default\">Trois jours de marche pour atteindre le sommet<\/h2>\t\t\t\t<\/div>\n\t\t\t\t<\/div>\n\t\t\t\t<section class=\"elementor-section elementor-inner-section elementor-element elementor-element-884cadf elementor-section-boxed elementor-section-height-default elementor-section-height-default\" data-id=\"884cadf\" data-element_type=\"section\">\n\t\t\t\t\t\t<div class=\"elementor-container elementor-column-gap-default\">\n\t\t\t\t\t\t<\/div>\n\t\t<\/section>\n\t\t\t\t<div class=\"elementor-element elementor-element-8a3ac78 elementor-widget elementor-widget-text-editor\" data-id=\"8a3ac78\" data-element_type=\"widget\" data-widget_type=\"text-editor.default\">\n\t\t\t\t<div class=\"elementor-widget-container\">\n\t\t\t\t\t\t\t\t\t<p>L&#8217;ascension du Pico Duarte part le plus souvent de La Ci\u00e9naga, via Manabao, avant de rejoindre les campements de Compartici\u00f3n ou de la Valle de Lil\u00eds. Compter deux \u00e0 trois jours de marche selon l&#8217;itin\u00e9raire choisi et la condition physique du groupe. Un guide et des mules pour le mat\u00e9riel sont obligatoires, \u00e0 organiser depuis les h\u00f4tels de Jarabacoa ou directement au poste de La Ci\u00e9naga.<\/p><p>Jarabacoa, surnomm\u00e9e la ville du printemps \u00e9ternel pour son climat de montagne autour de 16 \u00e0 25 degr\u00e9s toute l&#8217;ann\u00e9e, sert de porte d&#8217;entr\u00e9e vers le sommet. Cette organisation fait vivre toute une \u00e9conomie locale de guides et de muletiers autour du Pico Duarte, tr\u00e8s diff\u00e9rente des h\u00f4tels du littoral ou des complexes de Punta Cana.<\/p>\t\t\t\t\t\t\t\t<\/div>\n\t\t\t\t<\/div>\n\t\t\t\t<div class=\"elementor-element elementor-element-cfad6f1 elementor-widget elementor-widget-text-editor\" data-id=\"cfad6f1\" data-element_type=\"widget\" data-widget_type=\"text-editor.default\">\n\t\t\t\t<div class=\"elementor-widget-container\">\n\t\t\t\t\t\t\t\t\t<p><span style=\"font-weight: 400;\">Le Pico Duarte reste peu visit\u00e9 compar\u00e9 aux plages du Nord ou de l&#8217;Est dominicain, malgr\u00e9 son statut de plus haut sommet de toute la Cara\u00efbe. Mais son altitude continue d&#8217;\u00eatre mesur\u00e9e et remesur\u00e9e, le relev\u00e9 de 2021 l&#8217;a encore montr\u00e9, preuve qu&#8217;un sommet, m\u00eame le plus \u00e9lev\u00e9 de la r\u00e9gion, n&#8217;a jamais fini de se laisser conna\u00eetre. Trois noms en un si\u00e8cle et demi, Monte Tina, Pico Trujillo, puis Pico Duarte, racontent aussi un pays qui a longtemps cherch\u00e9 comment se nommer lui-m\u00eame avant de choisir d&#8217;honorer un de ses p\u00e8res fondateurs plut\u00f4t qu&#8217;un dictateur. La R\u00e9publique dominicaine se raconte-t-elle mieux depuis une plage, ou depuis un sommet o\u00f9 il fait presque froid ?<\/span><\/p>\t\t\t\t\t\t\t\t<\/div>\n\t\t\t\t<\/div>\n\t\t\t\t<div class=\"elementor-element elementor-element-0451edd elementor-widget elementor-widget-image\" data-id=\"0451edd\" data-element_type=\"widget\" data-widget_type=\"image.default\">\n\t\t\t\t<div class=\"elementor-widget-container\">\n\t\t\t\t\t\t\t\t\t\t\t\t\t\t\t<img loading=\"lazy\" decoding=\"async\" width=\"800\" height=\"536\" src=\"https:\/\/richeskarayib.com\/wp-content\/uploads\/2026\/09\/image-15-1024x686.jpg\" class=\"attachment-large size-large wp-image-79454\" alt=\"Randonneur sur le sentier menant au sommet du Pico Duarte, R\u00e9publique dominicaine\" srcset=\"https:\/\/richeskarayib.com\/wp-content\/uploads\/2026\/09\/image-15-1024x686.jpg 1024w, https:\/\/richeskarayib.com\/wp-content\/uploads\/2026\/09\/image-15-300x201.jpg 300w, https:\/\/richeskarayib.com\/wp-content\/uploads\/2026\/09\/image-15-768x514.jpg 768w, https:\/\/richeskarayib.com\/wp-content\/uploads\/2026\/09\/image-15.jpg 1280w\" sizes=\"(max-width: 800px) 100vw, 800px\" \/>\t\t\t\t\t\t\t\t\t\t\t\t\t\t\t<\/div>\n\t\t\t\t<\/div>\n\t\t\t\t<section class=\"elementor-section elementor-inner-section elementor-element elementor-element-8d6d28a elementor-section-boxed elementor-section-height-default elementor-section-height-default\" data-id=\"8d6d28a\" data-element_type=\"section\">\n\t\t\t\t\t\t<div class=\"elementor-container elementor-column-gap-default\">\n\t\t\t\t\t\t<\/div>\n\t\t<\/section>\n\t\t\t\t<section class=\"elementor-section elementor-inner-section elementor-element elementor-element-6a7c81c elementor-section-boxed elementor-section-height-default elementor-section-height-default\" data-id=\"6a7c81c\" data-element_type=\"section\">\n\t\t\t\t\t\t<div class=\"elementor-container elementor-column-gap-default\">\n\t\t\t\t\t\t<\/div>\n\t\t<\/section>\n\t\t\t\t<section class=\"elementor-section elementor-inner-section elementor-element elementor-element-b7d3e3e elementor-section-boxed elementor-section-height-default elementor-section-height-default\" data-id=\"b7d3e3e\" data-element_type=\"section\">\n\t\t\t\t\t\t<div class=\"elementor-container elementor-column-gap-default\">\n\t\t\t\t\t\t<\/div>\n\t\t<\/section>\n\t\t\t\t<section class=\"elementor-section elementor-inner-section elementor-element elementor-element-62a6a8b elementor-section-boxed elementor-section-height-default elementor-section-height-default\" data-id=\"62a6a8b\" data-element_type=\"section\">\n\t\t\t\t\t\t<div class=\"elementor-container elementor-column-gap-default\">\n\t\t\t\t\t\t<\/div>\n\t\t<\/section>\n\t\t\t\t<section class=\"elementor-section elementor-inner-section elementor-element elementor-element-f8ebb80 elementor-section-boxed elementor-section-height-default elementor-section-height-default\" data-id=\"f8ebb80\" data-element_type=\"section\">\n\t\t\t\t\t\t<div class=\"elementor-container elementor-column-gap-default\">\n\t\t\t\t\t\t<\/div>\n\t\t<\/section>\n\t\t\t\t\t<\/div>\n\t\t<\/div>\n\t\t\t\t\t<\/div>\n\t\t<\/section>\n\t\t\t\t<section class=\"elementor-section elementor-top-section elementor-element elementor-element-1d96bc2 elementor-section-boxed elementor-section-height-default elementor-section-height-default\" data-id=\"1d96bc2\" data-element_type=\"section\">\n\t\t\t\t\t\t<div class=\"elementor-container elementor-column-gap-default\">\n\t\t\t\t\t<div class=\"elementor-column elementor-col-100 elementor-top-column elementor-element elementor-element-57245c2\" data-id=\"57245c2\" data-element_type=\"column\">\n\t\t\t<div class=\"elementor-widget-wrap elementor-element-populated\">\n\t\t\t\t\t\t<section class=\"elementor-section elementor-inner-section elementor-element elementor-element-2bf07e5 elementor-section-boxed elementor-section-height-default elementor-section-height-default\" data-id=\"2bf07e5\" data-element_type=\"section\">\n\t\t\t\t\t\t<div class=\"elementor-container elementor-column-gap-default\">\n\t\t\t\t\t\t<\/div>\n\t\t<\/section>\n\t\t\t\t<section class=\"elementor-section elementor-inner-section elementor-element elementor-element-e83afc2 elementor-section-boxed elementor-section-height-default elementor-section-height-default\" data-id=\"e83afc2\" data-element_type=\"section\">\n\t\t\t\t\t\t<div class=\"elementor-container elementor-column-gap-default\">\n\t\t\t\t\t\t<\/div>\n\t\t<\/section>\n\t\t\t\t<section class=\"elementor-section elementor-inner-section elementor-element elementor-element-d7dd5b5 elementor-section-boxed elementor-section-height-default elementor-section-height-default\" data-id=\"d7dd5b5\" data-element_type=\"section\">\n\t\t\t\t\t\t<div class=\"elementor-container elementor-column-gap-default\">\n\t\t\t\t\t\t<\/div>\n\t\t<\/section>\n\t\t\t\t<section class=\"elementor-section elementor-inner-section elementor-element elementor-element-0769f3c elementor-section-boxed elementor-section-height-default elementor-section-height-default\" data-id=\"0769f3c\" data-element_type=\"section\">\n\t\t\t\t\t\t<div class=\"elementor-container elementor-column-gap-default\">\n\t\t\t\t\t\t<\/div>\n\t\t<\/section>\n\t\t\t\t<section class=\"elementor-section elementor-inner-section elementor-element elementor-element-5d28027 elementor-section-boxed elementor-section-height-default elementor-section-height-default\" data-id=\"5d28027\" data-element_type=\"section\">\n\t\t\t\t\t\t<div class=\"elementor-container elementor-column-gap-default\">\n\t\t\t\t\t\t<\/div>\n\t\t<\/section>\n\t\t\t\t<section class=\"elementor-section elementor-inner-section elementor-element elementor-element-ae3614b elementor-section-boxed elementor-section-height-default elementor-section-height-default\" data-id=\"ae3614b\" data-element_type=\"section\">\n\t\t\t\t\t\t<div class=\"elementor-container elementor-column-gap-default\">\n\t\t\t\t\t\t<\/div>\n\t\t<\/section>\n\t\t\t\t\t<\/div>\n\t\t<\/div>\n\t\t\t\t\t<\/div>\n\t\t<\/section>\n\t\t\t\t<section class=\"elementor-section elementor-top-section elementor-element elementor-element-d82a3b2 elementor-section-boxed elementor-section-height-default elementor-section-height-default\" data-id=\"d82a3b2\" data-element_type=\"section\">\n\t\t\t\t\t\t<div class=\"elementor-container elementor-column-gap-default\">\n\t\t\t\t\t<div class=\"elementor-column elementor-col-100 elementor-top-column elementor-element elementor-element-4392334\" data-id=\"4392334\" data-element_type=\"column\">\n\t\t\t<div class=\"elementor-widget-wrap elementor-element-populated\">\n\t\t\t\t\t\t<section class=\"elementor-section elementor-inner-section elementor-element elementor-element-c6de5a7 elementor-section-boxed elementor-section-height-default elementor-section-height-default\" data-id=\"c6de5a7\" data-element_type=\"section\">\n\t\t\t\t\t\t<div class=\"elementor-container elementor-column-gap-default\">\n\t\t\t\t\t\t<\/div>\n\t\t<\/section>\n\t\t\t\t<section class=\"elementor-section elementor-inner-section elementor-element elementor-element-6cdfc63 elementor-section-boxed elementor-section-height-default elementor-section-height-default\" data-id=\"6cdfc63\" data-element_type=\"section\">\n\t\t\t\t\t\t<div class=\"elementor-container elementor-column-gap-default\">\n\t\t\t\t\t\t<\/div>\n\t\t<\/section>\n\t\t\t\t<section class=\"elementor-section elementor-inner-section elementor-element elementor-element-740f7a3 elementor-section-boxed elementor-section-height-default elementor-section-height-default\" data-id=\"740f7a3\" data-element_type=\"section\">\n\t\t\t\t\t\t<div class=\"elementor-container elementor-column-gap-default\">\n\t\t\t\t\t\t<\/div>\n\t\t<\/section>\n\t\t\t\t<section class=\"elementor-section elementor-inner-section elementor-element elementor-element-d5de8da elementor-section-boxed elementor-section-height-default elementor-section-height-default\" data-id=\"d5de8da\" data-element_type=\"section\">\n\t\t\t\t\t\t<div class=\"elementor-container elementor-column-gap-default\">\n\t\t\t\t\t\t<\/div>\n\t\t<\/section>\n\t\t\t\t<section class=\"elementor-section elementor-inner-section elementor-element elementor-element-7f3db92 elementor-section-boxed elementor-section-height-default elementor-section-height-default\" data-id=\"7f3db92\" data-element_type=\"section\">\n\t\t\t\t\t\t<div class=\"elementor-container elementor-column-gap-default\">\n\t\t\t\t\t\t<\/div>\n\t\t<\/section>\n\t\t\t\t<section class=\"elementor-section elementor-inner-section elementor-element elementor-element-d2c28ac elementor-section-boxed elementor-section-height-default elementor-section-height-default\" data-id=\"d2c28ac\" data-element_type=\"section\">\n\t\t\t\t\t\t<div class=\"elementor-container elementor-column-gap-default\">\n\t\t\t\t\t\t<\/div>\n\t\t<\/section>\n\t\t\t\t\t<\/div>\n\t\t<\/div>\n\t\t\t\t\t<\/div>\n\t\t<\/section>\n\t\t\t\t<section class=\"elementor-section elementor-top-section elementor-element elementor-element-f384b87 elementor-section-boxed elementor-section-height-default elementor-section-height-default\" data-id=\"f384b87\" data-element_type=\"section\">\n\t\t\t\t\t\t<div class=\"elementor-container elementor-column-gap-default\">\n\t\t\t\t\t<div class=\"elementor-column elementor-col-100 elementor-top-column elementor-element elementor-element-9bb82e5\" data-id=\"9bb82e5\" data-element_type=\"column\">\n\t\t\t<div class=\"elementor-widget-wrap elementor-element-populated\">\n\t\t\t\t\t\t<section class=\"elementor-section elementor-inner-section elementor-element elementor-element-89f0a0b elementor-section-boxed elementor-section-height-default elementor-section-height-default\" data-id=\"89f0a0b\" data-element_type=\"section\">\n\t\t\t\t\t\t<div class=\"elementor-container elementor-column-gap-default\">\n\t\t\t\t\t\t<\/div>\n\t\t<\/section>\n\t\t\t\t<section class=\"elementor-section elementor-inner-section elementor-element elementor-element-f7d6f42 elementor-section-boxed elementor-section-height-default elementor-section-height-default\" data-id=\"f7d6f42\" data-element_type=\"section\">\n\t\t\t\t\t\t<div class=\"elementor-container elementor-column-gap-default\">\n\t\t\t\t\t\t<\/div>\n\t\t<\/section>\n\t\t\t\t<section class=\"elementor-section elementor-inner-section elementor-element elementor-element-02b5dc3 elementor-section-boxed elementor-section-height-default elementor-section-height-default\" data-id=\"02b5dc3\" data-element_type=\"section\">\n\t\t\t\t\t\t<div class=\"elementor-container elementor-column-gap-default\">\n\t\t\t\t\t\t<\/div>\n\t\t<\/section>\n\t\t\t\t\t<\/div>\n\t\t<\/div>\n\t\t\t\t\t<\/div>\n\t\t<\/section>\n\t\t\t\t<section class=\"elementor-section elementor-top-section elementor-element elementor-element-7b12439 elementor-section-boxed elementor-section-height-default elementor-section-height-default\" data-id=\"7b12439\" data-element_type=\"section\">\n\t\t\t\t\t\t<div class=\"elementor-container elementor-column-gap-default\">\n\t\t\t\t\t<div class=\"elementor-column elementor-col-100 elementor-top-column elementor-element elementor-element-6f998e4\" data-id=\"6f998e4\" data-element_type=\"column\">\n\t\t\t<div class=\"elementor-widget-wrap elementor-element-populated\">\n\t\t\t\t\t\t<div class=\"elementor-element elementor-element-c79f314 elementor-widget elementor-widget-accordion\" data-id=\"c79f314\" data-element_type=\"widget\" data-widget_type=\"accordion.default\">\n\t\t\t\t<div class=\"elementor-widget-container\">\n\t\t\t\t\t\t\t<div class=\"elementor-accordion\">\n\t\t\t\t\t\t\t<div class=\"elementor-accordion-item\">\n\t\t\t\t\t<div id=\"elementor-tab-title-2091\" class=\"elementor-tab-title\" data-tab=\"1\" role=\"button\" aria-controls=\"elementor-tab-content-2091\" aria-expanded=\"false\">\n\t\t\t\t\t\t\t\t\t\t\t\t\t<span class=\"elementor-accordion-icon elementor-accordion-icon-left\" aria-hidden=\"true\">\n\t\t\t\t\t\t\t\t\t\t\t\t\t\t\t<span class=\"elementor-accordion-icon-closed\"><i class=\"fas fa-plus\"><\/i><\/span>\n\t\t\t\t\t\t\t\t<span class=\"elementor-accordion-icon-opened\"><i class=\"fas fa-minus\"><\/i><\/span>\n\t\t\t\t\t\t\t\t\t\t\t\t\t\t<\/span>\n\t\t\t\t\t\t\t\t\t\t\t\t<a class=\"elementor-accordion-title\" tabindex=\"0\">Quel est le point culminant de la Cara\u00efbe ?<\/a>\n\t\t\t\t\t<\/div>\n\t\t\t\t\t<div id=\"elementor-tab-content-2091\" class=\"elementor-tab-content elementor-clearfix\" data-tab=\"1\" role=\"region\" aria-labelledby=\"elementor-tab-title-2091\"><p><span style=\"font-weight: 400;\">Le Pico Duarte, en R\u00e9publique dominicaine, avec 3 101 m\u00e8tres selon le relev\u00e9 de 2021. Aucun sommet de Cuba, d&#8217;Ha\u00efti, de la Jama\u00efque ou de Porto Rico ne le d\u00e9passe.<\/span><\/p><\/div>\n\t\t\t\t<\/div>\n\t\t\t\t\t\t\t<div class=\"elementor-accordion-item\">\n\t\t\t\t\t<div id=\"elementor-tab-title-2092\" class=\"elementor-tab-title\" data-tab=\"2\" role=\"button\" aria-controls=\"elementor-tab-content-2092\" aria-expanded=\"false\">\n\t\t\t\t\t\t\t\t\t\t\t\t\t<span class=\"elementor-accordion-icon elementor-accordion-icon-left\" aria-hidden=\"true\">\n\t\t\t\t\t\t\t\t\t\t\t\t\t\t\t<span class=\"elementor-accordion-icon-closed\"><i class=\"fas fa-plus\"><\/i><\/span>\n\t\t\t\t\t\t\t\t<span class=\"elementor-accordion-icon-opened\"><i class=\"fas fa-minus\"><\/i><\/span>\n\t\t\t\t\t\t\t\t\t\t\t\t\t\t<\/span>\n\t\t\t\t\t\t\t\t\t\t\t\t<a class=\"elementor-accordion-title\" tabindex=\"0\">Pourquoi le Pico Duarte a-t-il port\u00e9 trois noms diff\u00e9rents ?<\/a>\n\t\t\t\t\t<\/div>\n\t\t\t\t\t<div id=\"elementor-tab-content-2092\" class=\"elementor-tab-content elementor-clearfix\" data-tab=\"2\" role=\"region\" aria-labelledby=\"elementor-tab-title-2092\"><p><span style=\"font-weight: 400;\">Il s&#8217;est appel\u00e9 Monte Tina apr\u00e8s sa premi\u00e8re ascension en 1851, puis Pico Trujillo sous la dictature de Rafael Trujillo, avant d&#8217;\u00eatre renomm\u00e9 Pico Duarte en 1961 en hommage \u00e0 Juan Pablo Duarte.<\/span><\/p><\/div>\n\t\t\t\t<\/div>\n\t\t\t\t\t\t\t<div class=\"elementor-accordion-item\">\n\t\t\t\t\t<div id=\"elementor-tab-title-2093\" class=\"elementor-tab-title\" data-tab=\"3\" role=\"button\" aria-controls=\"elementor-tab-content-2093\" aria-expanded=\"false\">\n\t\t\t\t\t\t\t\t\t\t\t\t\t<span class=\"elementor-accordion-icon elementor-accordion-icon-left\" aria-hidden=\"true\">\n\t\t\t\t\t\t\t\t\t\t\t\t\t\t\t<span class=\"elementor-accordion-icon-closed\"><i class=\"fas fa-plus\"><\/i><\/span>\n\t\t\t\t\t\t\t\t<span class=\"elementor-accordion-icon-opened\"><i class=\"fas fa-minus\"><\/i><\/span>\n\t\t\t\t\t\t\t\t\t\t\t\t\t\t<\/span>\n\t\t\t\t\t\t\t\t\t\t\t\t<a class=\"elementor-accordion-title\" tabindex=\"0\">Combien de temps faut-il pour gravir le Pico Duarte ?<\/a>\n\t\t\t\t\t<\/div>\n\t\t\t\t\t<div id=\"elementor-tab-content-2093\" class=\"elementor-tab-content elementor-clearfix\" data-tab=\"3\" role=\"region\" aria-labelledby=\"elementor-tab-title-2093\"><p><span style=\"font-weight: 400;\">Compter deux \u00e0 trois jours de marche depuis La Ci\u00e9naga, avec un guide et des mules obligatoires pour le mat\u00e9riel.<\/span><\/p><\/div>\n\t\t\t\t<\/div>\n\t\t\t\t\t\t\t\t<\/div>\n\t\t\t\t\t\t<\/div>\n\t\t\t\t<\/div>\n\t\t\t\t\t<\/div>\n\t\t<\/div>\n\t\t\t\t\t<\/div>\n\t\t<\/section>\n\t\t\t\t<\/div>\n\t\t","protected":false},"excerpt":{"rendered":"<p>Au petit matin, \u00e0 La Ci\u00e9naga, dans la Cordill\u00e8re centrale de la R\u00e9publique dominicaine, les randonneurs chargent les mules avant de s&#8217;enfoncer dans la for\u00eat. Le sentier grimpe vite. La v\u00e9g\u00e9tation change avec l&#8217;altitude, du feuillage tropical aux pins, puis \u00e0 la for\u00eat de nuages, jusqu&#8217;\u00e0 des nuits o\u00f9 le froid surprend en pleine Cara\u00efbe. [&hellip;]<\/p>\n","protected":false},"author":662,"featured_media":79441,"comment_status":"open","ping_status":"closed","sticky":false,"template":"","format":"standard","meta":{"_acf_changed":false,"footnotes":""},"categories":[1732],"tags":[1482],"class_list":["post-79440","post","type-post","status-publish","format-standard","has-post-thumbnail","hentry","category-tourisme","tag-republique-dominicaine"],"acf":[],"_links":{"self":[{"href":"https:\/\/richeskarayib.com\/fr\/wp-json\/wp\/v2\/posts\/79440","targetHints":{"allow":["GET"]}}],"collection":[{"href":"https:\/\/richeskarayib.com\/fr\/wp-json\/wp\/v2\/posts"}],"about":[{"href":"https:\/\/richeskarayib.com\/fr\/wp-json\/wp\/v2\/types\/post"}],"author":[{"embeddable":true,"href":"https:\/\/richeskarayib.com\/fr\/wp-json\/wp\/v2\/users\/662"}],"replies":[{"embeddable":true,"href":"https:\/\/richeskarayib.com\/fr\/wp-json\/wp\/v2\/comments?post=79440"}],"version-history":[{"count":0,"href":"https:\/\/richeskarayib.com\/fr\/wp-json\/wp\/v2\/posts\/79440\/revisions"}],"wp:featuredmedia":[{"embeddable":true,"href":"https:\/\/richeskarayib.com\/fr\/wp-json\/wp\/v2\/media\/79441"}],"wp:attachment":[{"href":"https:\/\/richeskarayib.com\/fr\/wp-json\/wp\/v2\/media?parent=79440"}],"wp:term":[{"taxonomy":"category","embeddable":true,"href":"https:\/\/richeskarayib.com\/fr\/wp-json\/wp\/v2\/categories?post=79440"},{"taxonomy":"post_tag","embeddable":true,"href":"https:\/\/richeskarayib.com\/fr\/wp-json\/wp\/v2\/tags?post=79440"}],"curies":[{"name":"wp","href":"https:\/\/api.w.org\/{rel}","templated":true}]}}